{"id":9843,"date":"2026-08-31T11:48:00","date_gmt":"2026-08-31T09:48:00","guid":{"rendered":"https:\/\/www.effe-homecare.eu\/?p=9843"},"modified":"2026-09-01T13:09:12","modified_gmt":"2026-09-01T11:09:12","slug":"federation-mandataires-de-france-entra-a-far-parte-di-effe","status":"publish","type":"post","link":"https:\/\/www.effe-homecare.eu\/it\/federation-mandataires-de-france-entra-a-far-parte-di-effe\/","title":{"rendered":"F\u00e9d\u00e9ration Mandataires de France entra a far parte di EFFE"},"content":{"rendered":"\n<p class=\"wp-block-paragraph\">EFFE accoglie tra i propri membri la F\u00e9d\u00e9ration Mandataires de France (FMF), l&#8217;organizzazione professionale nazionale che rappresenta e promuove in Francia il modello mandatario nel settore del lavoro domestico \u2014 un modello di supporto al datore di lavoro da non confondere con le agenzie di collocamento o le imprese fornitrici di servizi. In questo modello, una struttura specializzata agisce in qualit\u00e0 di <em>mandatario<\/em> per conto del datore di lavoro privato, che resta l&#8217;unico responsabile giuridico del rapporto di lavoro.<\/p>\n\n\n\n<p class=\"wp-block-paragraph\">La FMF \u00e8 nata per riunire queste strutture mandatarie in un&#8217;unica organizzazione. Il loro compito \u00e8 affiancare i datori di lavoro privati, fornendo consulenza giuridica sui loro doveri e responsabilit\u00e0 in qualit\u00e0 di datori di lavoro. Oggi la federazione conta oltre 190 strutture aderenti e rappresenta l&#8217;interlocutore di riferimento delle autorit\u00e0 pubbliche francesi su tutte le questioni legate a questa attivit\u00e0.<\/p>\n\n\n\n<p class=\"wp-block-paragraph\"><strong>Un modello originale, tra autonomia e accompagnamento<\/strong><\/p>\n\n\n\n<p class=\"wp-block-paragraph\">Il modello mandatario occupa una posizione particolare nel panorama del lavoro domestico, distinto sia dall&#8217;assunzione diretta sia dal modello delle imprese fornitrici di servizi a tutto tondo. In questo schema, il mandatario agisce <em>per conto<\/em> del datore di lavoro privato \u2014 occupandosi della preselezione dei candidati, della redazione dei contratti di lavoro e dell&#8217;emissione delle buste paga \u2014 mentre il datore di lavoro conserva l&#8217;intera responsabilit\u00e0 giuridica nei confronti del proprio dipendente. Questa relazione tripartita, fondata sulla fiducia e formalizzata da un contratto di mandato, pone la responsabilit\u00e0 e la libert\u00e0 di scelta al centro del rapporto di lavoro.<\/p>\n\n\n\n<p class=\"wp-block-paragraph\">Per garantire elevati standard di qualit\u00e0, la FMF ha creato <a href=\"https:\/\/www.federation-mandataires.fr\/qualimandat\/\">Qualimandat\u00ae<\/a>, il primo marchio di qualit\u00e0 dedicato esclusivamente all&#8217;attivit\u00e0 mandataria. Il suo obiettivo \u00e8 tutelare tutti i soggetti coinvolti nel rapporto di lavoro: il datore di lavoro privato, il dipendente e la struttura mandataria stessa.<\/p>\n\n\n\n<p class=\"wp-block-paragraph\"><strong>Un contributo prezioso al dibattito europeo<\/strong><\/p>\n\n\n\n<p class=\"wp-block-paragraph\">Entrando a far parte di EFFE, la FMF intende valorizzare la specificit\u00e0 e il valore del modello mandatario francese nell&#8217;ambito del dibattito europeo sui servizi alla persona e sul lavoro domestico. Si tratta di temi centrali nell&#8217;azione che EFFE porta avanti presso le istituzioni dell&#8217;Unione Europea: il riconoscimento del settore, la professionalizzazione dei lavoratori e la lotta al lavoro sommerso.<\/p>\n\n\n\n<p class=\"wp-block-paragraph\">La condivisione di buone pratiche tra Stati membri \u00e8 una delle leve d&#8217;azione privilegiate della federazione europea, e l&#8217;esperienza francese del mandato rappresenta un contributo significativo alla riflessione collettiva sulla strutturazione di un settore che coinvolge milioni di lavoratori e famiglie in tutta Europa.<\/p>\n\n\n\n<p class=\"wp-block-paragraph\">EFFE si rallegra per questa nuova collaborazione e per le prospettive che apre per il riconoscimento e lo sviluppo del lavoro domestico a livello europeo.<\/p>\n\n\n\n<p class=\"wp-block-paragraph\"><strong>Per saperne di pi\u00f9<\/strong>: <a href=\"https:\/\/www.federation-mandataires.fr\/\">F\u00e9d\u00e9ration Mandataires | R\u00e9seau de confiance d\u2019emploi \u00e0 domicile<\/a><\/p>\n","protected":false},"excerpt":{"rendered":"<p>EFFE accoglie tra i propri membri la F\u00e9d\u00e9ration Mandataires de France (FMF), l&#8217;organizzazione professionale nazionale che rappresenta e promuove in Francia il modello mandatario nel settore del lavoro domestico \u2014 un modello di supporto al datore di lavoro da non confondere con le agenzie di collocamento o le imprese fornitrici di servizi. In questo modello, [&hellip;]<\/p>\n","protected":false},"author":6,"featured_media":0,"comment_status":"closed","ping_status":"closed","sticky":false,"template":"","format":"standard","meta":{"_acf_changed":false,"_monsterinsights_skip_tracking":false,"footnotes":""},"categories":[83],"tags":[],"class_list":["post-9843","post","type-post","status-publish","format-standard","hentry","category-notizie"],"acf":[],"yoast_head":"<!-- This site is optimized with the Yoast SEO plugin v27.9 - https:\/\/yoast.com\/product\/yoast-seo-wordpress\/ -->\n<title>F\u00e9d\u00e9ration Mandataires de France entra a far parte di EFFE - EFFE<\/title>\n<meta name=\"robots\" content=\"index, follow, max-snippet:-1, max-image-preview:large, max-video-preview:-1\" \/>\n<link rel=\"canonical\" href=\"https:\/\/www.effe-homecare.eu\/it\/federation-mandataires-de-france-entra-a-far-parte-di-effe\/\" \/>\n<meta property=\"og:locale\" content=\"it_IT\" \/>\n<meta property=\"og:type\" content=\"article\" \/>\n<meta property=\"og:title\" content=\"F\u00e9d\u00e9ration Mandataires de France entra a far parte di EFFE - EFFE\" \/>\n<meta property=\"og:description\" content=\"EFFE accoglie tra i propri membri la F\u00e9d\u00e9ration Mandataires de France (FMF), l&#8217;organizzazione professionale nazionale che rappresenta e promuove in Francia il modello mandatario nel settore del lavoro domestico \u2014 un modello di supporto al datore di lavoro da non confondere con le agenzie di collocamento o le imprese fornitrici di servizi. In questo modello, [&hellip;]\" \/>\n<meta property=\"og:url\" content=\"https:\/\/www.effe-homecare.eu\/it\/federation-mandataires-de-france-entra-a-far-parte-di-effe\/\" \/>\n<meta property=\"og:site_name\" content=\"EFFE\" \/>\n<meta property=\"article:published_time\" content=\"2026-08-31T09:48:00+00:00\" \/>\n<meta property=\"article:modified_time\" content=\"2026-09-01T11:09:12+00:00\" \/>\n<meta name=\"author\" content=\"Thomas Hector\" \/>\n<meta name=\"twitter:card\" content=\"summary_large_image\" \/>\n<meta name=\"twitter:label1\" content=\"Scritto da\" \/>\n\t<meta name=\"twitter:data1\" content=\"Thomas Hector\" \/>\n\t<meta name=\"twitter:label2\" content=\"Tempo di lettura stimato\" \/>\n\t<meta name=\"twitter:data2\" content=\"3 minuti\" \/>\n<script type=\"application\/ld+json\" class=\"yoast-schema-graph\">{\"@context\":\"https:\\\/\\\/schema.org\",\"@graph\":[{\"@type\":\"Article\",\"@id\":\"https:\\\/\\\/www.effe-homecare.eu\\\/it\\\/federation-mandataires-de-france-entra-a-far-parte-di-effe\\\/#article\",\"isPartOf\":{\"@id\":\"https:\\\/\\\/www.effe-homecare.eu\\\/it\\\/federation-mandataires-de-france-entra-a-far-parte-di-effe\\\/\"},\"author\":{\"name\":\"Thomas Hector\",\"@id\":\"https:\\\/\\\/www.effe-homecare.eu\\\/it\\\/#\\\/schema\\\/person\\\/e6ba740027c6a6d08af528b4707e6622\"},\"headline\":\"F\u00e9d\u00e9ration Mandataires de France entra a far parte di EFFE\",\"datePublished\":\"2026-08-31T09:48:00+00:00\",\"dateModified\":\"2026-09-01T11:09:12+00:00\",\"mainEntityOfPage\":{\"@id\":\"https:\\\/\\\/www.effe-homecare.eu\\\/it\\\/federation-mandataires-de-france-entra-a-far-parte-di-effe\\\/\"},\"wordCount\":460,\"articleSection\":[\"notizie\"],\"inLanguage\":\"it-IT\"},{\"@type\":\"WebPage\",\"@id\":\"https:\\\/\\\/www.effe-homecare.eu\\\/it\\\/federation-mandataires-de-france-entra-a-far-parte-di-effe\\\/\",\"url\":\"https:\\\/\\\/www.effe-homecare.eu\\\/it\\\/federation-mandataires-de-france-entra-a-far-parte-di-effe\\\/\",\"name\":\"F\u00e9d\u00e9ration Mandataires de France entra a far parte di EFFE - EFFE\",\"isPartOf\":{\"@id\":\"https:\\\/\\\/www.effe-homecare.eu\\\/it\\\/#website\"},\"datePublished\":\"2026-08-31T09:48:00+00:00\",\"dateModified\":\"2026-09-01T11:09:12+00:00\",\"author\":{\"@id\":\"https:\\\/\\\/www.effe-homecare.eu\\\/it\\\/#\\\/schema\\\/person\\\/e6ba740027c6a6d08af528b4707e6622\"},\"breadcrumb\":{\"@id\":\"https:\\\/\\\/www.effe-homecare.eu\\\/it\\\/federation-mandataires-de-france-entra-a-far-parte-di-effe\\\/#breadcrumb\"},\"inLanguage\":\"it-IT\",\"potentialAction\":[{\"@type\":\"ReadAction\",\"target\":[\"https:\\\/\\\/www.effe-homecare.eu\\\/it\\\/federation-mandataires-de-france-entra-a-far-parte-di-effe\\\/\"]}]},{\"@type\":\"BreadcrumbList\",\"@id\":\"https:\\\/\\\/www.effe-homecare.eu\\\/it\\\/federation-mandataires-de-france-entra-a-far-parte-di-effe\\\/#breadcrumb\",\"itemListElement\":[{\"@type\":\"ListItem\",\"position\":1,\"name\":\"\",\"item\":\"https:\\\/\\\/www.effe-homecare.eu\\\/it\\\/\"},{\"@type\":\"ListItem\",\"position\":2,\"name\":\"F\u00e9d\u00e9ration Mandataires de France entra a far parte di EFFE\"}]},{\"@type\":\"WebSite\",\"@id\":\"https:\\\/\\\/www.effe-homecare.eu\\\/it\\\/#website\",\"url\":\"https:\\\/\\\/www.effe-homecare.eu\\\/it\\\/\",\"name\":\"EFFE\",\"description\":\"F\u00e9d\u00e9ration Europ\u00e9enne des Emplois et de la Famille\",\"potentialAction\":[{\"@type\":\"SearchAction\",\"target\":{\"@type\":\"EntryPoint\",\"urlTemplate\":\"https:\\\/\\\/www.effe-homecare.eu\\\/it\\\/?s={search_term_string}\"},\"query-input\":{\"@type\":\"PropertyValueSpecification\",\"valueRequired\":true,\"valueName\":\"search_term_string\"}}],\"inLanguage\":\"it-IT\"},{\"@type\":\"Person\",\"@id\":\"https:\\\/\\\/www.effe-homecare.eu\\\/it\\\/#\\\/schema\\\/person\\\/e6ba740027c6a6d08af528b4707e6622\",\"name\":\"Thomas Hector\",\"image\":{\"@type\":\"ImageObject\",\"inLanguage\":\"it-IT\",\"@id\":\"https:\\\/\\\/secure.gravatar.com\\\/avatar\\\/271213d1d93650bbc2c6f79507965bcb2eb1530a3de5ba0a65b68390e434b14d?s=96&d=mm&r=g\",\"url\":\"https:\\\/\\\/secure.gravatar.com\\\/avatar\\\/271213d1d93650bbc2c6f79507965bcb2eb1530a3de5ba0a65b68390e434b14d?s=96&d=mm&r=g\",\"contentUrl\":\"https:\\\/\\\/secure.gravatar.com\\\/avatar\\\/271213d1d93650bbc2c6f79507965bcb2eb1530a3de5ba0a65b68390e434b14d?s=96&d=mm&r=g\",\"caption\":\"Thomas Hector\"}}]}<\/script>\n<!-- \/ Yoast SEO plugin. -->","yoast_head_json":{"title":"F\u00e9d\u00e9ration Mandataires de France entra a far parte di EFFE - EFFE","robots":{"index":"index","follow":"follow","max-snippet":"max-snippet:-1","max-image-preview":"max-image-preview:large","max-video-preview":"max-video-preview:-1"},"canonical":"https:\/\/www.effe-homecare.eu\/it\/federation-mandataires-de-france-entra-a-far-parte-di-effe\/","og_locale":"it_IT","og_type":"article","og_title":"F\u00e9d\u00e9ration Mandataires de France entra a far parte di EFFE - EFFE","og_description":"EFFE accoglie tra i propri membri la F\u00e9d\u00e9ration Mandataires de France (FMF), l&#8217;organizzazione professionale nazionale che rappresenta e promuove in Francia il modello mandatario nel settore del lavoro domestico \u2014 un modello di supporto al datore di lavoro da non confondere con le agenzie di collocamento o le imprese fornitrici di servizi. In questo modello, [&hellip;]","og_url":"https:\/\/www.effe-homecare.eu\/it\/federation-mandataires-de-france-entra-a-far-parte-di-effe\/","og_site_name":"EFFE","article_published_time":"2026-08-31T09:48:00+00:00","article_modified_time":"2026-09-01T11:09:12+00:00","author":"Thomas Hector","twitter_card":"summary_large_image","twitter_misc":{"Scritto da":"Thomas Hector","Tempo di lettura stimato":"3 minuti"},"schema":{"@context":"https:\/\/schema.org","@graph":[{"@type":"Article","@id":"https:\/\/www.effe-homecare.eu\/it\/federation-mandataires-de-france-entra-a-far-parte-di-effe\/#article","isPartOf":{"@id":"https:\/\/www.effe-homecare.eu\/it\/federation-mandataires-de-france-entra-a-far-parte-di-effe\/"},"author":{"name":"Thomas Hector","@id":"https:\/\/www.effe-homecare.eu\/it\/#\/schema\/person\/e6ba740027c6a6d08af528b4707e6622"},"headline":"F\u00e9d\u00e9ration Mandataires de France entra a far parte di EFFE","datePublished":"2026-08-31T09:48:00+00:00","dateModified":"2026-09-01T11:09:12+00:00","mainEntityOfPage":{"@id":"https:\/\/www.effe-homecare.eu\/it\/federation-mandataires-de-france-entra-a-far-parte-di-effe\/"},"wordCount":460,"articleSection":["notizie"],"inLanguage":"it-IT"},{"@type":"WebPage","@id":"https:\/\/www.effe-homecare.eu\/it\/federation-mandataires-de-france-entra-a-far-parte-di-effe\/","url":"https:\/\/www.effe-homecare.eu\/it\/federation-mandataires-de-france-entra-a-far-parte-di-effe\/","name":"F\u00e9d\u00e9ration Mandataires de France entra a far parte di EFFE - EFFE","isPartOf":{"@id":"https:\/\/www.effe-homecare.eu\/it\/#website"},"datePublished":"2026-08-31T09:48:00+00:00","dateModified":"2026-09-01T11:09:12+00:00","author":{"@id":"https:\/\/www.effe-homecare.eu\/it\/#\/schema\/person\/e6ba740027c6a6d08af528b4707e6622"},"breadcrumb":{"@id":"https:\/\/www.effe-homecare.eu\/it\/federation-mandataires-de-france-entra-a-far-parte-di-effe\/#breadcrumb"},"inLanguage":"it-IT","potentialAction":[{"@type":"ReadAction","target":["https:\/\/www.effe-homecare.eu\/it\/federation-mandataires-de-france-entra-a-far-parte-di-effe\/"]}]},{"@type":"BreadcrumbList","@id":"https:\/\/www.effe-homecare.eu\/it\/federation-mandataires-de-france-entra-a-far-parte-di-effe\/#breadcrumb","itemListElement":[{"@type":"ListItem","position":1,"name":"","item":"https:\/\/www.effe-homecare.eu\/it\/"},{"@type":"ListItem","position":2,"name":"F\u00e9d\u00e9ration Mandataires de France entra a far parte di EFFE"}]},{"@type":"WebSite","@id":"https:\/\/www.effe-homecare.eu\/it\/#website","url":"https:\/\/www.effe-homecare.eu\/it\/","name":"EFFE","description":"F\u00e9d\u00e9ration Europ\u00e9enne des Emplois et de la Famille","potentialAction":[{"@type":"SearchAction","target":{"@type":"EntryPoint","urlTemplate":"https:\/\/www.effe-homecare.eu\/it\/?s={search_term_string}"},"query-input":{"@type":"PropertyValueSpecification","valueRequired":true,"valueName":"search_term_string"}}],"inLanguage":"it-IT"},{"@type":"Person","@id":"https:\/\/www.effe-homecare.eu\/it\/#\/schema\/person\/e6ba740027c6a6d08af528b4707e6622","name":"Thomas Hector","image":{"@type":"ImageObject","inLanguage":"it-IT","@id":"https:\/\/secure.gravatar.com\/avatar\/271213d1d93650bbc2c6f79507965bcb2eb1530a3de5ba0a65b68390e434b14d?s=96&d=mm&r=g","url":"https:\/\/secure.gravatar.com\/avatar\/271213d1d93650bbc2c6f79507965bcb2eb1530a3de5ba0a65b68390e434b14d?s=96&d=mm&r=g","contentUrl":"https:\/\/secure.gravatar.com\/avatar\/271213d1d93650bbc2c6f79507965bcb2eb1530a3de5ba0a65b68390e434b14d?s=96&d=mm&r=g","caption":"Thomas Hector"}}]}},"_links":{"self":[{"href":"https:\/\/www.effe-homecare.eu\/it\/wp-json\/wp\/v2\/posts\/9843","targetHints":{"allow":["GET"]}}],"collection":[{"href":"https:\/\/www.effe-homecare.eu\/it\/wp-json\/wp\/v2\/posts"}],"about":[{"href":"https:\/\/www.effe-homecare.eu\/it\/wp-json\/wp\/v2\/types\/post"}],"author":[{"embeddable":true,"href":"https:\/\/www.effe-homecare.eu\/it\/wp-json\/wp\/v2\/users\/6"}],"replies":[{"embeddable":true,"href":"https:\/\/www.effe-homecare.eu\/it\/wp-json\/wp\/v2\/comments?post=9843"}],"version-history":[{"count":3,"href":"https:\/\/www.effe-homecare.eu\/it\/wp-json\/wp\/v2\/posts\/9843\/revisions"}],"predecessor-version":[{"id":9859,"href":"https:\/\/www.effe-homecare.eu\/it\/wp-json\/wp\/v2\/posts\/9843\/revisions\/9859"}],"wp:attachment":[{"href":"https:\/\/www.effe-homecare.eu\/it\/wp-json\/wp\/v2\/media?parent=9843"}],"wp:term":[{"taxonomy":"category","embeddable":true,"href":"https:\/\/www.effe-homecare.eu\/it\/wp-json\/wp\/v2\/categories?post=9843"},{"taxonomy":"post_tag","embeddable":true,"href":"https:\/\/www.effe-homecare.eu\/it\/wp-json\/wp\/v2\/tags?post=9843"}],"curies":[{"name":"wp","href":"https:\/\/api.w.org\/{rel}","templated":true}]}}