{"id":9576,"date":"2025-11-06T11:12:44","date_gmt":"2025-11-06T10:12:44","guid":{"rendered":"https:\/\/www.effe-homecare.eu\/?p=9576"},"modified":"2025-11-24T12:09:20","modified_gmt":"2025-11-24T11:09:20","slug":"effe-al-vertice-sociale-mondiale-di-doha-tre-giorni-di-confronto-per-rimettere-lo-sviluppo-sociale-e-il-care-al-centro-delle-politiche-pubbliche","status":"publish","type":"post","link":"https:\/\/www.effe-homecare.eu\/it\/effe-al-vertice-sociale-mondiale-di-doha-tre-giorni-di-confronto-per-rimettere-lo-sviluppo-sociale-e-il-care-al-centro-delle-politiche-pubbliche\/","title":{"rendered":"EFFE al Vertice Sociale Mondiale di Doha: tre giorni di confronto per rimettere lo sviluppo sociale e il care al centro delle politiche pubbliche"},"content":{"rendered":"\n<p>Dal 3 al 5 novembre 2025, EFFE ha partecipato al Secondo Vertice Mondiale per lo Sviluppo Sociale, organizzato a Doha, in Qatar \u2014 un evento storico che si svolge trent\u2019anni dopo la Dichiarazione di Copenaghen del 1995.<\/p>\n\n\n\n<p>Questo incontro internazionale, che ha riunito oltre 14.000 partecipanti \u2014 tra cui 40 capi di Stato e di governo, ministri, organizzazioni internazionali, sindacati e societ\u00e0 civile \u2014 ha segnato un momento decisivo nella rilancio dell\u2019agenda sociale globale.<\/p>\n\n\n\n<h3 class=\"wp-block-heading\">Una dichiarazione politica per rinnovare l\u2019impegno globale<\/h3>\n\n\n\n<p>Il Vertice si \u00e8 aperto con l\u2019adozione della Dichiarazione Politica di Doha, che riafferma l\u2019impegno degli Stati a sradicare la povert\u00e0, promuovere il lavoro dignitoso per tutti e costruire societ\u00e0 pi\u00f9 inclusive.<\/p>\n\n\n\n<p>Il Segretario Generale delle Nazioni Unite, Ant\u00f3nio Guterres, ha richiamato la necessit\u00e0 di un \u201cpiano di sviluppo incentrato sull\u2019essere umano\u201d, sottolineando il ruolo centrale dell\u2019occupazione, della protezione sociale e del settore del care.<\/p>\n\n\n\n<p>Ha evidenziato in particolare l\u2019importanza di sostenere le lavoratrici e i lavoratori del settore dell\u2019assistenza e garantire che i benefici economici non siano mai ottenuti a scapito dei diritti e della dignit\u00e0 di chi si prende cura degli altri.<\/p>\n\n\n\n<h3 class=\"wp-block-heading\">Dibattiti ricchi sulla formalizzazione e il lavoro dignitoso<\/h3>\n\n\n\n<p>Nel corso delle tavole rotonde e delle sessioni parallele, le discussioni si sono concentrate sulle persistenti sfide strutturali: povert\u00e0 multidimensionale, disuguaglianze crescenti, precariet\u00e0 lavorativa e assenza di protezione sociale per miliardi di persone.<\/p>\n\n\n\n<p>EFFE ha partecipato attivamente ai lavori dedicati alla formalizzazione del lavoro, in particolare nel settore del lavoro domestico e dell\u2019assistenza a domicilio, ricordando che la transizione verso la formalit\u00e0 non pu\u00f2 avvenire senza dialogo sociale n\u00e9 senza il riconoscimento del ruolo delle famiglie come datori di lavoro diretti.<\/p>\n\n\n\n<p>Diversi interventi hanno sottolineato la necessit\u00e0 di un quadro di governance partecipativo e inclusivo, fondato sulla cooperazione tra Stati, partner sociali e societ\u00e0 civile. EFFE ha ribadito che la formalizzazione deve essere indissociabile da un approccio basato sui diritti umani e sulla giustizia sociale, affinch\u00e9 ogni lavoratore \u2014 comprese le lavoratrici domestiche e migranti \u2014 possa accedere a un lavoro dignitoso e a una protezione sociale effettiva.<\/p>\n\n\n\n<h3 class=\"wp-block-heading\">Il care: pilastro dello sviluppo sociale e motore economico<\/h3>\n\n\n\n<p>Le numerose sessioni dedicate al care e all\u2019economia dell\u2019assistenza hanno messo in luce una convinzione condivisa:<\/p>\n\n\n\n<blockquote class=\"wp-block-quote is-layout-flow wp-block-quote-is-layout-flow\">\n<p><strong>\u201cIl care \u00e8 la nuova frontiera delle politiche sociali.\u201d<\/strong><\/p>\n<\/blockquote>\n\n\n\n<p>Nel dialogo con le Nazioni Unite, gli Stati membri, le organizzazioni regionali e la societ\u00e0 civile, i partecipanti hanno sottolineato che il care non deve pi\u00f9 essere considerato un peso invisibile o un semplice costo, ma un\u2019infrastruttura essenziale per la coesione sociale, l\u2019uguaglianza di genere e lo sviluppo economico sostenibile.<\/p>\n\n\n\n<p>EFFE ha ricordato che il settore dell\u2019assistenza e del lavoro domestico svolge un ruolo strutturante nelle nostre societ\u00e0, creando milioni di posti di lavoro, sostenendo le famiglie e rispondendo ai crescenti bisogni legati all\u2019invecchiamento e ai cambiamenti degli stili di vita.<\/p>\n\n\n\n<p>Gli interventi di EFFE hanno inoltre evidenziato gli effetti moltiplicatori dell\u2019investimento nell\u2019occupazione nel settore domestico, mostrando \u2014 attraverso i dati di EFFE Lab \u2014 che la formalizzazione e l\u2019accessibilit\u00e0 dei servizi di care generano ricadute economiche e sociali misurabili.<\/p>\n\n\n\n<h3 class=\"wp-block-heading\">Finanziare il care come una vera infrastruttura<\/h3>\n\n\n\n<p>Nelle sessioni dedicate al finanziamento del care, le discussioni hanno convergito su un punto chiave: la fiscalit\u00e0 e le politiche di bilancio devono integrare l\u2019assistenza come componente centrale dello sviluppo.<\/p>\n\n\n\n<p>EFFE ha condiviso la propria esperienza su come le politiche di sostegno alle famiglie possano favorire il passaggio dal lavoro informale al lavoro dichiarato, migliorando al contempo la qualit\u00e0 e la sostenibilit\u00e0 dell\u2019occupazione nel settore domestico.<\/p>\n\n\n\n<p>\u00c8 stato inoltre sottolineato che il finanziamento del care non \u00e8 neutrale dal punto di vista del genere e deve essere accompagnato da un riconoscimento giuridico e sociale di tutti i lavoratori del settore.<\/p>\n\n\n\n<h3 class=\"wp-block-heading\">Conclusioni: dal consenso all\u2019azione<\/h3>\n\n\n\n<p>Nel chiudere il Vertice, la Presidente dell\u2019Assemblea Generale delle Nazioni Unite ha ricordato che la Dichiarazione di Doha non deve rimanere lettera morta:<br><strong>\u201cNon \u00e8 la fine, ma l\u2019inizio del lavoro collettivo necessario affinch\u00e9 i pi\u00f9 vulnerabili siano protetti e ascoltati.\u201d<\/strong><\/p>\n\n\n\n<p>Ha ribadito che lo sviluppo sociale \u00e8 nell\u2019interesse di tutti i Paesi e rappresenta \u201cl\u2019investimento pi\u00f9 intelligente che possiamo fare\u201d.<\/p>\n\n\n\n<h3 class=\"wp-block-heading\">EFFE: un impegno rinnovato per l\u2019attuazione<\/h3>\n\n\n\n<p>Dopo tre giorni di dialoghi intensi e scambi costruttivi, EFFE lascia Doha con un impegno rafforzato a:<\/p>\n\n\n\n<ul class=\"wp-block-list\">\n<li>Sostenere i governi e gli attori sociali nella traduzione concreta della Dichiarazione di Doha in politiche pubbliche efficaci;<\/li>\n\n\n\n<li>Promuovere il riconoscimento del lavoro domestico e del care come pilastri dello sviluppo sociale;<\/li>\n\n\n\n<li>Incentivare il dialogo sociale e la cooperazione multilaterale per rendere il lavoro dignitoso e la protezione sociale una realt\u00e0 per tutti.<\/li>\n<\/ul>\n\n\n\n<p>Per EFFE, investire nel care significa investire nell\u2019uguaglianza, nella crescita e nel futuro del lavoro.<\/p>\n\n\n\n<hr class=\"wp-block-separator has-alpha-channel-opacity\"\/>\n\n\n\n<h3 class=\"wp-block-heading\">Per approfondire<\/h3>\n\n\n\n<ul class=\"wp-block-list\">\n<li><strong><a href=\"https:\/\/docs.un.org\/en\/A\/RES\/80\/5\">Dichiarazione Politica di Doha<\/a><\/strong>, adottata al Vertice Sociale Mondiale<\/li>\n\n\n\n<li><a href=\"https:\/\/www.un.org\/sg\/en\/content\/sg\/statements\/2025-11-04\/secretary-generals-opening-remarks-the-second-world-summit-for-social-development\"><strong>Osservazioni introduttive del Segretario Generale<\/strong> <\/a>al Secondo Vertice Mondiale sullo Sviluppo Sociale<\/li>\n\n\n\n<li><strong><a href=\"https:\/\/social.desa.un.org\/world-summit-2025\/statements\">Dichiarazioni degli Stati Membri e delle delegazioni partecipanti<\/a><\/strong><\/li>\n\n\n\n<li><strong><a href=\"https:\/\/estatements.un.org\/estatements\/10.0010\/20251104150000000\/zrDmM-TQe\/ntJqyxKmwBa_dha_WSSD225_en.pdf\">Dichiarazione di EFFE<\/a><\/strong> alla tavola rotonda di alto livello \u201cRafforzare i tre pilastri dello sviluppo sociale: eradicazione della povert\u00e0, piena e produttiva occupazione e lavoro dignitoso per tutti, inclusione sociale\u201d<\/li>\n<\/ul>\n","protected":false},"excerpt":{"rendered":"<p>Dal 3 al 5 novembre 2025, EFFE ha partecipato al Secondo Vertice Mondiale per lo Sviluppo Sociale, organizzato a Doha, in Qatar \u2014 un evento storico che si svolge trent\u2019anni dopo la Dichiarazione di Copenaghen del 1995. Questo incontro internazionale, che ha riunito oltre 14.000 partecipanti \u2014 tra cui 40 capi di Stato e di [&hellip;]<\/p>\n","protected":false},"author":6,"featured_media":0,"comment_status":"closed","ping_status":"closed","sticky":false,"template":"","format":"standard","meta":{"_acf_changed":false,"_monsterinsights_skip_tracking":false,"_monsterinsights_sitenote_active":false,"_monsterinsights_sitenote_note":"","_monsterinsights_sitenote_category":0,"footnotes":""},"categories":[83],"tags":[],"class_list":["post-9576","post","type-post","status-publish","format-standard","hentry","category-notizie"],"acf":[],"yoast_head":"<!-- This site is optimized with the Yoast SEO plugin v27.3 - https:\/\/yoast.com\/product\/yoast-seo-wordpress\/ -->\n<title>EFFE al Vertice Sociale Mondiale di Doha: tre giorni di confronto per rimettere lo sviluppo sociale e il care al centro delle politiche pubbliche - EFFE<\/title>\n<meta name=\"robots\" content=\"index, follow, max-snippet:-1, max-image-preview:large, max-video-preview:-1\" \/>\n<link rel=\"canonical\" href=\"https:\/\/www.effe-homecare.eu\/it\/effe-al-vertice-sociale-mondiale-di-doha-tre-giorni-di-confronto-per-rimettere-lo-sviluppo-sociale-e-il-care-al-centro-delle-politiche-pubbliche\/\" \/>\n<meta property=\"og:locale\" content=\"it_IT\" \/>\n<meta property=\"og:type\" content=\"article\" \/>\n<meta property=\"og:title\" content=\"EFFE al Vertice Sociale Mondiale di Doha: tre giorni di confronto per rimettere lo sviluppo sociale e il care al centro delle politiche pubbliche - EFFE\" \/>\n<meta property=\"og:description\" content=\"Dal 3 al 5 novembre 2025, EFFE ha partecipato al Secondo Vertice Mondiale per lo Sviluppo Sociale, organizzato a Doha, in Qatar \u2014 un evento storico che si svolge trent\u2019anni dopo la Dichiarazione di Copenaghen del 1995. Questo incontro internazionale, che ha riunito oltre 14.000 partecipanti \u2014 tra cui 40 capi di Stato e di [&hellip;]\" \/>\n<meta property=\"og:url\" content=\"https:\/\/www.effe-homecare.eu\/it\/effe-al-vertice-sociale-mondiale-di-doha-tre-giorni-di-confronto-per-rimettere-lo-sviluppo-sociale-e-il-care-al-centro-delle-politiche-pubbliche\/\" \/>\n<meta property=\"og:site_name\" content=\"EFFE\" \/>\n<meta property=\"article:published_time\" content=\"2025-11-06T10:12:44+00:00\" \/>\n<meta property=\"article:modified_time\" content=\"2025-11-24T11:09:20+00:00\" \/>\n<meta name=\"author\" content=\"Thomas Hector\" \/>\n<meta name=\"twitter:card\" content=\"summary_large_image\" \/>\n<meta name=\"twitter:label1\" content=\"Scritto da\" \/>\n\t<meta name=\"twitter:data1\" content=\"Thomas Hector\" \/>\n\t<meta name=\"twitter:label2\" content=\"Tempo di lettura stimato\" \/>\n\t<meta name=\"twitter:data2\" content=\"5 minuti\" \/>\n<script type=\"application\/ld+json\" class=\"yoast-schema-graph\">{\"@context\":\"https:\\\/\\\/schema.org\",\"@graph\":[{\"@type\":\"Article\",\"@id\":\"https:\\\/\\\/www.effe-homecare.eu\\\/it\\\/effe-al-vertice-sociale-mondiale-di-doha-tre-giorni-di-confronto-per-rimettere-lo-sviluppo-sociale-e-il-care-al-centro-delle-politiche-pubbliche\\\/#article\",\"isPartOf\":{\"@id\":\"https:\\\/\\\/www.effe-homecare.eu\\\/it\\\/effe-al-vertice-sociale-mondiale-di-doha-tre-giorni-di-confronto-per-rimettere-lo-sviluppo-sociale-e-il-care-al-centro-delle-politiche-pubbliche\\\/\"},\"author\":{\"name\":\"Thomas Hector\",\"@id\":\"https:\\\/\\\/www.effe-homecare.eu\\\/it\\\/#\\\/schema\\\/person\\\/e6ba740027c6a6d08af528b4707e6622\"},\"headline\":\"EFFE al Vertice Sociale Mondiale di Doha: tre giorni di confronto per rimettere lo sviluppo sociale e il care al centro delle politiche pubbliche\",\"datePublished\":\"2025-11-06T10:12:44+00:00\",\"dateModified\":\"2025-11-24T11:09:20+00:00\",\"mainEntityOfPage\":{\"@id\":\"https:\\\/\\\/www.effe-homecare.eu\\\/it\\\/effe-al-vertice-sociale-mondiale-di-doha-tre-giorni-di-confronto-per-rimettere-lo-sviluppo-sociale-e-il-care-al-centro-delle-politiche-pubbliche\\\/\"},\"wordCount\":863,\"articleSection\":[\"notizie\"],\"inLanguage\":\"it-IT\"},{\"@type\":\"WebPage\",\"@id\":\"https:\\\/\\\/www.effe-homecare.eu\\\/it\\\/effe-al-vertice-sociale-mondiale-di-doha-tre-giorni-di-confronto-per-rimettere-lo-sviluppo-sociale-e-il-care-al-centro-delle-politiche-pubbliche\\\/\",\"url\":\"https:\\\/\\\/www.effe-homecare.eu\\\/it\\\/effe-al-vertice-sociale-mondiale-di-doha-tre-giorni-di-confronto-per-rimettere-lo-sviluppo-sociale-e-il-care-al-centro-delle-politiche-pubbliche\\\/\",\"name\":\"EFFE al Vertice Sociale Mondiale di Doha: tre giorni di confronto per rimettere lo sviluppo sociale e il care al centro delle politiche pubbliche - EFFE\",\"isPartOf\":{\"@id\":\"https:\\\/\\\/www.effe-homecare.eu\\\/it\\\/#website\"},\"datePublished\":\"2025-11-06T10:12:44+00:00\",\"dateModified\":\"2025-11-24T11:09:20+00:00\",\"author\":{\"@id\":\"https:\\\/\\\/www.effe-homecare.eu\\\/it\\\/#\\\/schema\\\/person\\\/e6ba740027c6a6d08af528b4707e6622\"},\"breadcrumb\":{\"@id\":\"https:\\\/\\\/www.effe-homecare.eu\\\/it\\\/effe-al-vertice-sociale-mondiale-di-doha-tre-giorni-di-confronto-per-rimettere-lo-sviluppo-sociale-e-il-care-al-centro-delle-politiche-pubbliche\\\/#breadcrumb\"},\"inLanguage\":\"it-IT\",\"potentialAction\":[{\"@type\":\"ReadAction\",\"target\":[\"https:\\\/\\\/www.effe-homecare.eu\\\/it\\\/effe-al-vertice-sociale-mondiale-di-doha-tre-giorni-di-confronto-per-rimettere-lo-sviluppo-sociale-e-il-care-al-centro-delle-politiche-pubbliche\\\/\"]}]},{\"@type\":\"BreadcrumbList\",\"@id\":\"https:\\\/\\\/www.effe-homecare.eu\\\/it\\\/effe-al-vertice-sociale-mondiale-di-doha-tre-giorni-di-confronto-per-rimettere-lo-sviluppo-sociale-e-il-care-al-centro-delle-politiche-pubbliche\\\/#breadcrumb\",\"itemListElement\":[{\"@type\":\"ListItem\",\"position\":1,\"name\":\"\",\"item\":\"https:\\\/\\\/www.effe-homecare.eu\\\/it\\\/\"},{\"@type\":\"ListItem\",\"position\":2,\"name\":\"EFFE al Vertice Sociale Mondiale di Doha: tre giorni di confronto per rimettere lo sviluppo sociale e il care al centro delle politiche pubbliche\"}]},{\"@type\":\"WebSite\",\"@id\":\"https:\\\/\\\/www.effe-homecare.eu\\\/it\\\/#website\",\"url\":\"https:\\\/\\\/www.effe-homecare.eu\\\/it\\\/\",\"name\":\"EFFE\",\"description\":\"F\u00e9d\u00e9ration Europ\u00e9enne des Emplois et de la Famille\",\"potentialAction\":[{\"@type\":\"SearchAction\",\"target\":{\"@type\":\"EntryPoint\",\"urlTemplate\":\"https:\\\/\\\/www.effe-homecare.eu\\\/it\\\/?s={search_term_string}\"},\"query-input\":{\"@type\":\"PropertyValueSpecification\",\"valueRequired\":true,\"valueName\":\"search_term_string\"}}],\"inLanguage\":\"it-IT\"},{\"@type\":\"Person\",\"@id\":\"https:\\\/\\\/www.effe-homecare.eu\\\/it\\\/#\\\/schema\\\/person\\\/e6ba740027c6a6d08af528b4707e6622\",\"name\":\"Thomas Hector\",\"image\":{\"@type\":\"ImageObject\",\"inLanguage\":\"it-IT\",\"@id\":\"https:\\\/\\\/secure.gravatar.com\\\/avatar\\\/271213d1d93650bbc2c6f79507965bcb2eb1530a3de5ba0a65b68390e434b14d?s=96&d=mm&r=g\",\"url\":\"https:\\\/\\\/secure.gravatar.com\\\/avatar\\\/271213d1d93650bbc2c6f79507965bcb2eb1530a3de5ba0a65b68390e434b14d?s=96&d=mm&r=g\",\"contentUrl\":\"https:\\\/\\\/secure.gravatar.com\\\/avatar\\\/271213d1d93650bbc2c6f79507965bcb2eb1530a3de5ba0a65b68390e434b14d?s=96&d=mm&r=g\",\"caption\":\"Thomas Hector\"}}]}<\/script>\n<!-- \/ Yoast SEO plugin. -->","yoast_head_json":{"title":"EFFE al Vertice Sociale Mondiale di Doha: tre giorni di confronto per rimettere lo sviluppo sociale e il care al centro delle politiche pubbliche - EFFE","robots":{"index":"index","follow":"follow","max-snippet":"max-snippet:-1","max-image-preview":"max-image-preview:large","max-video-preview":"max-video-preview:-1"},"canonical":"https:\/\/www.effe-homecare.eu\/it\/effe-al-vertice-sociale-mondiale-di-doha-tre-giorni-di-confronto-per-rimettere-lo-sviluppo-sociale-e-il-care-al-centro-delle-politiche-pubbliche\/","og_locale":"it_IT","og_type":"article","og_title":"EFFE al Vertice Sociale Mondiale di Doha: tre giorni di confronto per rimettere lo sviluppo sociale e il care al centro delle politiche pubbliche - EFFE","og_description":"Dal 3 al 5 novembre 2025, EFFE ha partecipato al Secondo Vertice Mondiale per lo Sviluppo Sociale, organizzato a Doha, in Qatar \u2014 un evento storico che si svolge trent\u2019anni dopo la Dichiarazione di Copenaghen del 1995. Questo incontro internazionale, che ha riunito oltre 14.000 partecipanti \u2014 tra cui 40 capi di Stato e di [&hellip;]","og_url":"https:\/\/www.effe-homecare.eu\/it\/effe-al-vertice-sociale-mondiale-di-doha-tre-giorni-di-confronto-per-rimettere-lo-sviluppo-sociale-e-il-care-al-centro-delle-politiche-pubbliche\/","og_site_name":"EFFE","article_published_time":"2025-11-06T10:12:44+00:00","article_modified_time":"2025-11-24T11:09:20+00:00","author":"Thomas Hector","twitter_card":"summary_large_image","twitter_misc":{"Scritto da":"Thomas Hector","Tempo di lettura stimato":"5 minuti"},"schema":{"@context":"https:\/\/schema.org","@graph":[{"@type":"Article","@id":"https:\/\/www.effe-homecare.eu\/it\/effe-al-vertice-sociale-mondiale-di-doha-tre-giorni-di-confronto-per-rimettere-lo-sviluppo-sociale-e-il-care-al-centro-delle-politiche-pubbliche\/#article","isPartOf":{"@id":"https:\/\/www.effe-homecare.eu\/it\/effe-al-vertice-sociale-mondiale-di-doha-tre-giorni-di-confronto-per-rimettere-lo-sviluppo-sociale-e-il-care-al-centro-delle-politiche-pubbliche\/"},"author":{"name":"Thomas Hector","@id":"https:\/\/www.effe-homecare.eu\/it\/#\/schema\/person\/e6ba740027c6a6d08af528b4707e6622"},"headline":"EFFE al Vertice Sociale Mondiale di Doha: tre giorni di confronto per rimettere lo sviluppo sociale e il care al centro delle politiche pubbliche","datePublished":"2025-11-06T10:12:44+00:00","dateModified":"2025-11-24T11:09:20+00:00","mainEntityOfPage":{"@id":"https:\/\/www.effe-homecare.eu\/it\/effe-al-vertice-sociale-mondiale-di-doha-tre-giorni-di-confronto-per-rimettere-lo-sviluppo-sociale-e-il-care-al-centro-delle-politiche-pubbliche\/"},"wordCount":863,"articleSection":["notizie"],"inLanguage":"it-IT"},{"@type":"WebPage","@id":"https:\/\/www.effe-homecare.eu\/it\/effe-al-vertice-sociale-mondiale-di-doha-tre-giorni-di-confronto-per-rimettere-lo-sviluppo-sociale-e-il-care-al-centro-delle-politiche-pubbliche\/","url":"https:\/\/www.effe-homecare.eu\/it\/effe-al-vertice-sociale-mondiale-di-doha-tre-giorni-di-confronto-per-rimettere-lo-sviluppo-sociale-e-il-care-al-centro-delle-politiche-pubbliche\/","name":"EFFE al Vertice Sociale Mondiale di Doha: tre giorni di confronto per rimettere lo sviluppo sociale e il care al centro delle politiche pubbliche - EFFE","isPartOf":{"@id":"https:\/\/www.effe-homecare.eu\/it\/#website"},"datePublished":"2025-11-06T10:12:44+00:00","dateModified":"2025-11-24T11:09:20+00:00","author":{"@id":"https:\/\/www.effe-homecare.eu\/it\/#\/schema\/person\/e6ba740027c6a6d08af528b4707e6622"},"breadcrumb":{"@id":"https:\/\/www.effe-homecare.eu\/it\/effe-al-vertice-sociale-mondiale-di-doha-tre-giorni-di-confronto-per-rimettere-lo-sviluppo-sociale-e-il-care-al-centro-delle-politiche-pubbliche\/#breadcrumb"},"inLanguage":"it-IT","potentialAction":[{"@type":"ReadAction","target":["https:\/\/www.effe-homecare.eu\/it\/effe-al-vertice-sociale-mondiale-di-doha-tre-giorni-di-confronto-per-rimettere-lo-sviluppo-sociale-e-il-care-al-centro-delle-politiche-pubbliche\/"]}]},{"@type":"BreadcrumbList","@id":"https:\/\/www.effe-homecare.eu\/it\/effe-al-vertice-sociale-mondiale-di-doha-tre-giorni-di-confronto-per-rimettere-lo-sviluppo-sociale-e-il-care-al-centro-delle-politiche-pubbliche\/#breadcrumb","itemListElement":[{"@type":"ListItem","position":1,"name":"","item":"https:\/\/www.effe-homecare.eu\/it\/"},{"@type":"ListItem","position":2,"name":"EFFE al Vertice Sociale Mondiale di Doha: tre giorni di confronto per rimettere lo sviluppo sociale e il care al centro delle politiche pubbliche"}]},{"@type":"WebSite","@id":"https:\/\/www.effe-homecare.eu\/it\/#website","url":"https:\/\/www.effe-homecare.eu\/it\/","name":"EFFE","description":"F\u00e9d\u00e9ration Europ\u00e9enne des Emplois et de la Famille","potentialAction":[{"@type":"SearchAction","target":{"@type":"EntryPoint","urlTemplate":"https:\/\/www.effe-homecare.eu\/it\/?s={search_term_string}"},"query-input":{"@type":"PropertyValueSpecification","valueRequired":true,"valueName":"search_term_string"}}],"inLanguage":"it-IT"},{"@type":"Person","@id":"https:\/\/www.effe-homecare.eu\/it\/#\/schema\/person\/e6ba740027c6a6d08af528b4707e6622","name":"Thomas Hector","image":{"@type":"ImageObject","inLanguage":"it-IT","@id":"https:\/\/secure.gravatar.com\/avatar\/271213d1d93650bbc2c6f79507965bcb2eb1530a3de5ba0a65b68390e434b14d?s=96&d=mm&r=g","url":"https:\/\/secure.gravatar.com\/avatar\/271213d1d93650bbc2c6f79507965bcb2eb1530a3de5ba0a65b68390e434b14d?s=96&d=mm&r=g","contentUrl":"https:\/\/secure.gravatar.com\/avatar\/271213d1d93650bbc2c6f79507965bcb2eb1530a3de5ba0a65b68390e434b14d?s=96&d=mm&r=g","caption":"Thomas Hector"}}]}},"_links":{"self":[{"href":"https:\/\/www.effe-homecare.eu\/it\/wp-json\/wp\/v2\/posts\/9576","targetHints":{"allow":["GET"]}}],"collection":[{"href":"https:\/\/www.effe-homecare.eu\/it\/wp-json\/wp\/v2\/posts"}],"about":[{"href":"https:\/\/www.effe-homecare.eu\/it\/wp-json\/wp\/v2\/types\/post"}],"author":[{"embeddable":true,"href":"https:\/\/www.effe-homecare.eu\/it\/wp-json\/wp\/v2\/users\/6"}],"replies":[{"embeddable":true,"href":"https:\/\/www.effe-homecare.eu\/it\/wp-json\/wp\/v2\/comments?post=9576"}],"version-history":[{"count":1,"href":"https:\/\/www.effe-homecare.eu\/it\/wp-json\/wp\/v2\/posts\/9576\/revisions"}],"predecessor-version":[{"id":9577,"href":"https:\/\/www.effe-homecare.eu\/it\/wp-json\/wp\/v2\/posts\/9576\/revisions\/9577"}],"wp:attachment":[{"href":"https:\/\/www.effe-homecare.eu\/it\/wp-json\/wp\/v2\/media?parent=9576"}],"wp:term":[{"taxonomy":"category","embeddable":true,"href":"https:\/\/www.effe-homecare.eu\/it\/wp-json\/wp\/v2\/categories?post=9576"},{"taxonomy":"post_tag","embeddable":true,"href":"https:\/\/www.effe-homecare.eu\/it\/wp-json\/wp\/v2\/tags?post=9576"}],"curies":[{"name":"wp","href":"https:\/\/api.w.org\/{rel}","templated":true}]}}