{"id":9547,"date":"2025-10-07T17:54:00","date_gmt":"2025-10-07T15:54:00","guid":{"rendered":"https:\/\/www.effe-homecare.eu\/?p=9547"},"modified":"2025-10-28T01:57:03","modified_gmt":"2025-10-28T00:57:03","slug":"effe-al-lancio-del-forum-intergenerazionale-del-parlamento-europeo","status":"publish","type":"post","link":"https:\/\/www.effe-homecare.eu\/it\/effe-al-lancio-del-forum-intergenerazionale-del-parlamento-europeo\/","title":{"rendered":"EFFE al lancio del Forum Intergenerazionale del Parlamento Europeo"},"content":{"rendered":"\n<p>Il 7 ottobre, EFFE ha avuto l\u2019onore di partecipare al lancio del <strong>Forum Intergenerazionale del Parlamento Europeo<\/strong>, ospitato dagli eurodeputati Idoia Mendia Cueva e Micha\u0142 Szczerba. Questo nuovo Forum mira a rafforzare la cooperazione tra le generazioni e a collocare la solidariet\u00e0 intergenerazionale al centro delle politiche europee, in un momento in cui l\u2019Unione Europea \u00e8 confrontata con profondi cambiamenti demografici e sociali che richiedono un\u2019azione coordinata. Il Forum aspira a diventare una vera piattaforma di dialogo e comprensione, allineando il Parlamento Europeo alle priorit\u00e0 della Commissione Europea e contribuendo alla prossima <strong>Strategia europea per l\u2019equit\u00e0 intergenerazionale<\/strong>.<\/p>\n\n\n\n<p>Idoia Mendia Cueva ha sottolineato la necessit\u00e0 di ampliare il lavoro del gruppo di interesse esistente e di impegnarsi pienamente per l\u2019equit\u00e0 tra le generazioni. Ha evidenziato che le politiche non devono affrontare solo le sfide legate all\u2019invecchiamento, ma anche quelle che riguardano le giovani generazioni, assicurando che nessuno venga lasciato indietro. Mendia ha richiamato l\u2019attenzione sul peso delle cure non retribuite spesso a carico delle famiglie, in particolare delle donne, e ha sottolineato che rafforzare l\u2019uguaglianza di genere non \u00e8 solo una questione di giustizia, ma anche di competitivit\u00e0. Ha invitato il Forum a sostenere attivamente l\u2019implementazione del <strong>Compasso Europeo della Competitivit\u00e0<\/strong>, diventando un percorso per proteggere i pi\u00f9 vulnerabili e affrontare le sfide di tutte le generazioni.<\/p>\n\n\n\n<p>Micha\u0142 Szczerba ha presentato la prossima fase del gruppo di interesse, concentrandosi sull\u2019impatto delle normative UE sulle persone anziane. Con l\u2019invecchiamento della popolazione europea, gli anziani affrontano rischi maggiori di povert\u00e0, esclusione sociale e marginalizzazione nel mercato del lavoro, in particolare le donne. I caregiver informali forniscono una parte significativa dell\u2019assistenza, con conseguenze economiche e sociali rilevanti. Szczerba ha sottolineato l\u2019importanza di riconoscere il contributo degli anziani e dei caregiver, assicurando al contempo che l\u2019equit\u00e0 avvantaggi anche le giovani generazioni, invitando tutti gli eurodeputati a unirsi a questo sforzo collettivo per garantire dignit\u00e0 e opportunit\u00e0 a tutte le et\u00e0.<\/p>\n\n\n\n<p>Il Commissario Glenn Micallef ha illustrato il lavoro in corso della Commissione Europea su una strategia volta a rafforzare la cooperazione e la comunicazione intergenerazionale. Basata su una prospettiva a lungo termine, la strategia mira a integrare la dimensione intergenerazionale in tutte le politiche, dall\u2019infanzia alla vecchiaia, includendo clima, competenze, diritti sociali, occupazione, edilizia e indebitamento. Il coinvolgimento dei cittadini e delle parti interessate \u00e8 centrale per garantire che la strategia risponda ai bisogni delle generazioni presenti e future.<\/p>\n\n\n\n<p>La Commissaria responsabile della demografia, Dubravka \u0160uica, ha sottolineato i risultati della consultazione sul Futuro dell\u2019Europa, ricordando che, sebbene la demografia rimanga una competenza degli Stati membri, l\u2019UE pu\u00f2 creare condizioni affinch\u00e9 le famiglie possano prosperare. Ha presentato la <strong>Cassetta degli Strumenti Demografica<\/strong>, che affronta le responsabilit\u00e0 di cura, le discrepanze tra competenze dei giovani e esigenze del mercato, la prolungata vita lavorativa degli anziani e la migrazione legale. Ha inoltre evidenziato la necessit\u00e0 di creare un organismo europeo di esperti per supportare le politiche legate all\u2019invecchiamento e promuovere un <strong>Piano d\u2019Azione Europeo contro l\u2019Ageismo<\/strong>.<\/p>\n\n\n\n<p>Altri partecipanti hanno richiamato l\u2019attenzione sulla urgente carenza di operatori nel settore dell\u2019assistenza in Europa. L\u2019eurodeputato Vlad Vasile-Voiculescu ha ricordato che sono necessari milioni di infermieri e caregiver, mentre Dana Carmen Bachmann, Capo Unit\u00e0 alla Direzione Generale Occupazione, Affari Sociali e Inclusione della Commissione Europea, ha sottolineato l\u2019importanza di allineare il Compasso, le strategie di lotta alla povert\u00e0 e lo sviluppo delle competenze con le realt\u00e0 demografiche.<\/p>\n\n\n\n<p>Il Forum Intergenerazionale rappresenta un\u2019opportunit\u00e0 unica per riconoscere il contributo di tutte le generazioni, ridurre le disuguaglianze strutturali e creare politiche che promuovano equit\u00e0 e competitivit\u00e0. Mentre la Commissione Europea si prepara a presentare la sua <strong>Strategia per l\u2019equit\u00e0 intergenerazionale<\/strong>, i contributi e le raccomandazioni del Forum giocheranno un ruolo fondamentale nella definizione di questa politica. EFFE \u00e8 orgogliosa di contribuire attivamente a questo processo, garantendo che le voci dei caregiver, dei lavoratori domestici e dei loro datori di lavoro siano ascoltate e che le politiche riflettano i bisogni diversi di tutte le generazioni.<\/p>\n\n\n\n<p>La partecipazione di EFFE sottolinea il nostro impegno nel sostenere politiche a favore sia delle generazioni pi\u00f9 anziane sia di quelle pi\u00f9 giovani. Al centro della nostra azione c\u2019\u00e8 la convinzione che l\u2019equit\u00e0 intergenerazionale sia essenziale per un\u2019Europa coesa e prospera. Condividiamo la nostra esperienza sui problemi affrontati dai lavoratori domestici e dai loro datori di lavoro, sull\u2019importanza di pratiche lavorative eque e sulla necessit\u00e0 di politiche che favoriscano l\u2019equilibrio tra vita professionale e privata a tutte le et\u00e0.<\/p>\n\n\n\n<p>Il Forum Intergenerazionale rappresenta un passo significativo verso un\u2019Europa che valorizza e sostiene tutti i suoi cittadini, a prescindere dall\u2019et\u00e0. EFFE \u00e8 orgogliosa di far parte di questo percorso trasformativo, promuovendo un futuro pi\u00f9 giusto e inclusivo per tutti.<\/p>\n","protected":false},"excerpt":{"rendered":"<p>Il 7 ottobre, EFFE ha avuto l\u2019onore di partecipare al lancio del Forum Intergenerazionale del Parlamento Europeo, ospitato dagli eurodeputati Idoia Mendia Cueva e Micha\u0142 Szczerba. Questo nuovo Forum mira a rafforzare la cooperazione tra le generazioni e a collocare la solidariet\u00e0 intergenerazionale al centro delle politiche europee, in un momento in cui l\u2019Unione Europea [&hellip;]<\/p>\n","protected":false},"author":6,"featured_media":0,"comment_status":"closed","ping_status":"closed","sticky":false,"template":"","format":"standard","meta":{"_acf_changed":false,"_monsterinsights_skip_tracking":false,"_monsterinsights_sitenote_active":false,"_monsterinsights_sitenote_note":"","_monsterinsights_sitenote_category":0,"footnotes":""},"categories":[83],"tags":[],"class_list":["post-9547","post","type-post","status-publish","format-standard","hentry","category-notizie"],"acf":[],"yoast_head":"<!-- This site is optimized with the Yoast SEO plugin v27.3 - https:\/\/yoast.com\/product\/yoast-seo-wordpress\/ -->\n<title>EFFE al lancio del Forum Intergenerazionale del Parlamento Europeo - EFFE<\/title>\n<meta name=\"robots\" content=\"index, follow, max-snippet:-1, max-image-preview:large, max-video-preview:-1\" \/>\n<link rel=\"canonical\" href=\"https:\/\/www.effe-homecare.eu\/it\/effe-al-lancio-del-forum-intergenerazionale-del-parlamento-europeo\/\" \/>\n<meta property=\"og:locale\" content=\"it_IT\" \/>\n<meta property=\"og:type\" content=\"article\" \/>\n<meta property=\"og:title\" content=\"EFFE al lancio del Forum Intergenerazionale del Parlamento Europeo - EFFE\" \/>\n<meta property=\"og:description\" content=\"Il 7 ottobre, EFFE ha avuto l\u2019onore di partecipare al lancio del Forum Intergenerazionale del Parlamento Europeo, ospitato dagli eurodeputati Idoia Mendia Cueva e Micha\u0142 Szczerba. Questo nuovo Forum mira a rafforzare la cooperazione tra le generazioni e a collocare la solidariet\u00e0 intergenerazionale al centro delle politiche europee, in un momento in cui l\u2019Unione Europea [&hellip;]\" \/>\n<meta property=\"og:url\" content=\"https:\/\/www.effe-homecare.eu\/it\/effe-al-lancio-del-forum-intergenerazionale-del-parlamento-europeo\/\" \/>\n<meta property=\"og:site_name\" content=\"EFFE\" \/>\n<meta property=\"article:published_time\" content=\"2025-10-07T15:54:00+00:00\" \/>\n<meta property=\"article:modified_time\" content=\"2025-10-28T00:57:03+00:00\" \/>\n<meta name=\"author\" content=\"Thomas Hector\" \/>\n<meta name=\"twitter:card\" content=\"summary_large_image\" \/>\n<meta name=\"twitter:label1\" content=\"Scritto da\" \/>\n\t<meta name=\"twitter:data1\" content=\"Thomas Hector\" \/>\n\t<meta name=\"twitter:label2\" content=\"Tempo di lettura stimato\" \/>\n\t<meta name=\"twitter:data2\" content=\"4 minuti\" \/>\n<script type=\"application\/ld+json\" class=\"yoast-schema-graph\">{\"@context\":\"https:\\\/\\\/schema.org\",\"@graph\":[{\"@type\":\"Article\",\"@id\":\"https:\\\/\\\/www.effe-homecare.eu\\\/it\\\/effe-al-lancio-del-forum-intergenerazionale-del-parlamento-europeo\\\/#article\",\"isPartOf\":{\"@id\":\"https:\\\/\\\/www.effe-homecare.eu\\\/it\\\/effe-al-lancio-del-forum-intergenerazionale-del-parlamento-europeo\\\/\"},\"author\":{\"name\":\"Thomas Hector\",\"@id\":\"https:\\\/\\\/www.effe-homecare.eu\\\/it\\\/#\\\/schema\\\/person\\\/e6ba740027c6a6d08af528b4707e6622\"},\"headline\":\"EFFE al lancio del Forum Intergenerazionale del Parlamento Europeo\",\"datePublished\":\"2025-10-07T15:54:00+00:00\",\"dateModified\":\"2025-10-28T00:57:03+00:00\",\"mainEntityOfPage\":{\"@id\":\"https:\\\/\\\/www.effe-homecare.eu\\\/it\\\/effe-al-lancio-del-forum-intergenerazionale-del-parlamento-europeo\\\/\"},\"wordCount\":803,\"articleSection\":[\"notizie\"],\"inLanguage\":\"it-IT\"},{\"@type\":\"WebPage\",\"@id\":\"https:\\\/\\\/www.effe-homecare.eu\\\/it\\\/effe-al-lancio-del-forum-intergenerazionale-del-parlamento-europeo\\\/\",\"url\":\"https:\\\/\\\/www.effe-homecare.eu\\\/it\\\/effe-al-lancio-del-forum-intergenerazionale-del-parlamento-europeo\\\/\",\"name\":\"EFFE al lancio del Forum Intergenerazionale del Parlamento Europeo - EFFE\",\"isPartOf\":{\"@id\":\"https:\\\/\\\/www.effe-homecare.eu\\\/it\\\/#website\"},\"datePublished\":\"2025-10-07T15:54:00+00:00\",\"dateModified\":\"2025-10-28T00:57:03+00:00\",\"author\":{\"@id\":\"https:\\\/\\\/www.effe-homecare.eu\\\/it\\\/#\\\/schema\\\/person\\\/e6ba740027c6a6d08af528b4707e6622\"},\"breadcrumb\":{\"@id\":\"https:\\\/\\\/www.effe-homecare.eu\\\/it\\\/effe-al-lancio-del-forum-intergenerazionale-del-parlamento-europeo\\\/#breadcrumb\"},\"inLanguage\":\"it-IT\",\"potentialAction\":[{\"@type\":\"ReadAction\",\"target\":[\"https:\\\/\\\/www.effe-homecare.eu\\\/it\\\/effe-al-lancio-del-forum-intergenerazionale-del-parlamento-europeo\\\/\"]}]},{\"@type\":\"BreadcrumbList\",\"@id\":\"https:\\\/\\\/www.effe-homecare.eu\\\/it\\\/effe-al-lancio-del-forum-intergenerazionale-del-parlamento-europeo\\\/#breadcrumb\",\"itemListElement\":[{\"@type\":\"ListItem\",\"position\":1,\"name\":\"\",\"item\":\"https:\\\/\\\/www.effe-homecare.eu\\\/it\\\/\"},{\"@type\":\"ListItem\",\"position\":2,\"name\":\"EFFE al lancio del Forum Intergenerazionale del Parlamento Europeo\"}]},{\"@type\":\"WebSite\",\"@id\":\"https:\\\/\\\/www.effe-homecare.eu\\\/it\\\/#website\",\"url\":\"https:\\\/\\\/www.effe-homecare.eu\\\/it\\\/\",\"name\":\"EFFE\",\"description\":\"F\u00e9d\u00e9ration Europ\u00e9enne des Emplois et de la Famille\",\"potentialAction\":[{\"@type\":\"SearchAction\",\"target\":{\"@type\":\"EntryPoint\",\"urlTemplate\":\"https:\\\/\\\/www.effe-homecare.eu\\\/it\\\/?s={search_term_string}\"},\"query-input\":{\"@type\":\"PropertyValueSpecification\",\"valueRequired\":true,\"valueName\":\"search_term_string\"}}],\"inLanguage\":\"it-IT\"},{\"@type\":\"Person\",\"@id\":\"https:\\\/\\\/www.effe-homecare.eu\\\/it\\\/#\\\/schema\\\/person\\\/e6ba740027c6a6d08af528b4707e6622\",\"name\":\"Thomas Hector\",\"image\":{\"@type\":\"ImageObject\",\"inLanguage\":\"it-IT\",\"@id\":\"https:\\\/\\\/secure.gravatar.com\\\/avatar\\\/271213d1d93650bbc2c6f79507965bcb2eb1530a3de5ba0a65b68390e434b14d?s=96&d=mm&r=g\",\"url\":\"https:\\\/\\\/secure.gravatar.com\\\/avatar\\\/271213d1d93650bbc2c6f79507965bcb2eb1530a3de5ba0a65b68390e434b14d?s=96&d=mm&r=g\",\"contentUrl\":\"https:\\\/\\\/secure.gravatar.com\\\/avatar\\\/271213d1d93650bbc2c6f79507965bcb2eb1530a3de5ba0a65b68390e434b14d?s=96&d=mm&r=g\",\"caption\":\"Thomas Hector\"}}]}<\/script>\n<!-- \/ Yoast SEO plugin. -->","yoast_head_json":{"title":"EFFE al lancio del Forum Intergenerazionale del Parlamento Europeo - EFFE","robots":{"index":"index","follow":"follow","max-snippet":"max-snippet:-1","max-image-preview":"max-image-preview:large","max-video-preview":"max-video-preview:-1"},"canonical":"https:\/\/www.effe-homecare.eu\/it\/effe-al-lancio-del-forum-intergenerazionale-del-parlamento-europeo\/","og_locale":"it_IT","og_type":"article","og_title":"EFFE al lancio del Forum Intergenerazionale del Parlamento Europeo - EFFE","og_description":"Il 7 ottobre, EFFE ha avuto l\u2019onore di partecipare al lancio del Forum Intergenerazionale del Parlamento Europeo, ospitato dagli eurodeputati Idoia Mendia Cueva e Micha\u0142 Szczerba. Questo nuovo Forum mira a rafforzare la cooperazione tra le generazioni e a collocare la solidariet\u00e0 intergenerazionale al centro delle politiche europee, in un momento in cui l\u2019Unione Europea [&hellip;]","og_url":"https:\/\/www.effe-homecare.eu\/it\/effe-al-lancio-del-forum-intergenerazionale-del-parlamento-europeo\/","og_site_name":"EFFE","article_published_time":"2025-10-07T15:54:00+00:00","article_modified_time":"2025-10-28T00:57:03+00:00","author":"Thomas Hector","twitter_card":"summary_large_image","twitter_misc":{"Scritto da":"Thomas Hector","Tempo di lettura stimato":"4 minuti"},"schema":{"@context":"https:\/\/schema.org","@graph":[{"@type":"Article","@id":"https:\/\/www.effe-homecare.eu\/it\/effe-al-lancio-del-forum-intergenerazionale-del-parlamento-europeo\/#article","isPartOf":{"@id":"https:\/\/www.effe-homecare.eu\/it\/effe-al-lancio-del-forum-intergenerazionale-del-parlamento-europeo\/"},"author":{"name":"Thomas Hector","@id":"https:\/\/www.effe-homecare.eu\/it\/#\/schema\/person\/e6ba740027c6a6d08af528b4707e6622"},"headline":"EFFE al lancio del Forum Intergenerazionale del Parlamento Europeo","datePublished":"2025-10-07T15:54:00+00:00","dateModified":"2025-10-28T00:57:03+00:00","mainEntityOfPage":{"@id":"https:\/\/www.effe-homecare.eu\/it\/effe-al-lancio-del-forum-intergenerazionale-del-parlamento-europeo\/"},"wordCount":803,"articleSection":["notizie"],"inLanguage":"it-IT"},{"@type":"WebPage","@id":"https:\/\/www.effe-homecare.eu\/it\/effe-al-lancio-del-forum-intergenerazionale-del-parlamento-europeo\/","url":"https:\/\/www.effe-homecare.eu\/it\/effe-al-lancio-del-forum-intergenerazionale-del-parlamento-europeo\/","name":"EFFE al lancio del Forum Intergenerazionale del Parlamento Europeo - EFFE","isPartOf":{"@id":"https:\/\/www.effe-homecare.eu\/it\/#website"},"datePublished":"2025-10-07T15:54:00+00:00","dateModified":"2025-10-28T00:57:03+00:00","author":{"@id":"https:\/\/www.effe-homecare.eu\/it\/#\/schema\/person\/e6ba740027c6a6d08af528b4707e6622"},"breadcrumb":{"@id":"https:\/\/www.effe-homecare.eu\/it\/effe-al-lancio-del-forum-intergenerazionale-del-parlamento-europeo\/#breadcrumb"},"inLanguage":"it-IT","potentialAction":[{"@type":"ReadAction","target":["https:\/\/www.effe-homecare.eu\/it\/effe-al-lancio-del-forum-intergenerazionale-del-parlamento-europeo\/"]}]},{"@type":"BreadcrumbList","@id":"https:\/\/www.effe-homecare.eu\/it\/effe-al-lancio-del-forum-intergenerazionale-del-parlamento-europeo\/#breadcrumb","itemListElement":[{"@type":"ListItem","position":1,"name":"","item":"https:\/\/www.effe-homecare.eu\/it\/"},{"@type":"ListItem","position":2,"name":"EFFE al lancio del Forum Intergenerazionale del Parlamento Europeo"}]},{"@type":"WebSite","@id":"https:\/\/www.effe-homecare.eu\/it\/#website","url":"https:\/\/www.effe-homecare.eu\/it\/","name":"EFFE","description":"F\u00e9d\u00e9ration Europ\u00e9enne des Emplois et de la Famille","potentialAction":[{"@type":"SearchAction","target":{"@type":"EntryPoint","urlTemplate":"https:\/\/www.effe-homecare.eu\/it\/?s={search_term_string}"},"query-input":{"@type":"PropertyValueSpecification","valueRequired":true,"valueName":"search_term_string"}}],"inLanguage":"it-IT"},{"@type":"Person","@id":"https:\/\/www.effe-homecare.eu\/it\/#\/schema\/person\/e6ba740027c6a6d08af528b4707e6622","name":"Thomas Hector","image":{"@type":"ImageObject","inLanguage":"it-IT","@id":"https:\/\/secure.gravatar.com\/avatar\/271213d1d93650bbc2c6f79507965bcb2eb1530a3de5ba0a65b68390e434b14d?s=96&d=mm&r=g","url":"https:\/\/secure.gravatar.com\/avatar\/271213d1d93650bbc2c6f79507965bcb2eb1530a3de5ba0a65b68390e434b14d?s=96&d=mm&r=g","contentUrl":"https:\/\/secure.gravatar.com\/avatar\/271213d1d93650bbc2c6f79507965bcb2eb1530a3de5ba0a65b68390e434b14d?s=96&d=mm&r=g","caption":"Thomas Hector"}}]}},"_links":{"self":[{"href":"https:\/\/www.effe-homecare.eu\/it\/wp-json\/wp\/v2\/posts\/9547","targetHints":{"allow":["GET"]}}],"collection":[{"href":"https:\/\/www.effe-homecare.eu\/it\/wp-json\/wp\/v2\/posts"}],"about":[{"href":"https:\/\/www.effe-homecare.eu\/it\/wp-json\/wp\/v2\/types\/post"}],"author":[{"embeddable":true,"href":"https:\/\/www.effe-homecare.eu\/it\/wp-json\/wp\/v2\/users\/6"}],"replies":[{"embeddable":true,"href":"https:\/\/www.effe-homecare.eu\/it\/wp-json\/wp\/v2\/comments?post=9547"}],"version-history":[{"count":2,"href":"https:\/\/www.effe-homecare.eu\/it\/wp-json\/wp\/v2\/posts\/9547\/revisions"}],"predecessor-version":[{"id":9549,"href":"https:\/\/www.effe-homecare.eu\/it\/wp-json\/wp\/v2\/posts\/9547\/revisions\/9549"}],"wp:attachment":[{"href":"https:\/\/www.effe-homecare.eu\/it\/wp-json\/wp\/v2\/media?parent=9547"}],"wp:term":[{"taxonomy":"category","embeddable":true,"href":"https:\/\/www.effe-homecare.eu\/it\/wp-json\/wp\/v2\/categories?post=9547"},{"taxonomy":"post_tag","embeddable":true,"href":"https:\/\/www.effe-homecare.eu\/it\/wp-json\/wp\/v2\/tags?post=9547"}],"curies":[{"name":"wp","href":"https:\/\/api.w.org\/{rel}","templated":true}]}}