{"id":9480,"date":"2025-10-09T09:10:00","date_gmt":"2025-10-09T07:10:00","guid":{"rendered":"https:\/\/www.effe-homecare.eu\/?p=9480"},"modified":"2025-10-09T01:50:59","modified_gmt":"2025-10-08T23:50:59","slug":"did-you-know-social-protection-for-personal-and-household-services-phs-workers-in-france","status":"publish","type":"post","link":"https:\/\/www.effe-homecare.eu\/it\/did-you-know-social-protection-for-personal-and-household-services-phs-workers-in-france\/","title":{"rendered":"Lo sapevi? La protezione sociale per i lavoratori dei Servizi alla Persona e alla Famiglia (PHS) in Francia"},"content":{"rendered":"\n<blockquote class=\"wp-block-quote is-layout-flow wp-block-quote-is-layout-flow\">\n<p><em>Lo scambio di buone pratiche rappresenta un fattore chiave per migliorare la qualit\u00e0 del lavoro e rendere pi\u00f9 attrattivo il settore dei servizi domestici e di assistenza alla persona. Facilitando la condivisione di conoscenze tra Paesi e attori del settore, EFFE contribuisce a individuare soluzioni innovative, promuovere modelli trasferibili e favorire il dialogo sociale a livello europeo.<br>Essere una piattaforma di scambio \u00e8 al centro della missione di EFFE, che mira a valorizzare le iniziative locali e nazionali e a sostenerne la diffusione in tutta Europa.<\/em><\/p>\n<\/blockquote>\n\n\n\n<p>In Francia, il settore dei servizi alla persona e alla famiglia (PHS) svolge un ruolo essenziale: assistenza all\u2019infanzia, cura degli anziani, aiuto domestico\u2026 Oltre 1,2 milioni di lavoratori sono direttamente impiegati da 3,3 milioni di datori di lavoro privati.<br>Ma come sono tutelati questi lavoratori in caso di malattia, infortunio o per la pensione?<\/p>\n\n\n\n<h2 class=\"wp-block-heading\">Un sistema di protezione sociale a pi\u00f9 livelli<\/h2>\n\n\n\n<p>Il sistema francese di protezione sociale si articola su quattro livelli principali:<\/p>\n\n\n\n<ol class=\"wp-block-list\">\n<li><strong>La Sicurezza Sociale<\/strong>, che garantisce la copertura di base (sanit\u00e0, infortuni sul lavoro, pensioni, assegni familiari, autonomia).<\/li>\n\n\n\n<li><strong>Le assicurazioni sanitarie complementari<\/strong>, che completano la copertura di base (obbligatorie o facoltative).<\/li>\n\n\n\n<li><strong>L\u2019Un\u00e9dic<\/strong>, l\u2019organismo pubblico che gestisce l\u2019assicurazione contro la disoccupazione.<\/li>\n\n\n\n<li><strong>I regimi complementari<\/strong>, come le pensioni integrative obbligatorie o ulteriori coperture per rischi gi\u00e0 assicurati dallo Stato. Questi sono gestiti dai <strong>Gruppi Paritetici di Protezione Sociale (GPS)<\/strong>.<\/li>\n<\/ol>\n\n\n\n<p>A ci\u00f2 si aggiungono gli <strong>accordi collettivi di settore<\/strong>, negoziati per adattare il diritto del lavoro alle specificit\u00e0 professionali (retribuzioni, formazione, protezione sociale, ecc.).<\/p>\n\n\n\n<h2 class=\"wp-block-heading\">IRCEM: un gruppo di protezione sociale dedicato al lavoro domestico<\/h2>\n\n\n\n<p>Dal <strong>1973<\/strong>, il <strong>Gruppo IRCEM<\/strong>, organizzazione senza scopo di lucro, \u00e8 il GPS dedicato al settore del lavoro domestico.<br>La sua missione \u00e8 unica: <strong>proteggere sia i lavoratori sia i loro datori di lavoro<\/strong>, spesso privati cittadini senza competenze HR professionali.<\/p>\n\n\n\n<p>Le sue principali attivit\u00e0 comprendono:<\/p>\n\n\n\n<ul class=\"wp-block-list\">\n<li>la gestione del regime obbligatorio di pensione complementare (Agirc-Arrco);<\/li>\n\n\n\n<li>l\u2019assicurazione obbligatoria per invalidit\u00e0 e decesso;<\/li>\n\n\n\n<li>i servizi di prevenzione e sostegno sociale (salute, prevenzione dei rischi, assistenza in situazioni difficili);<\/li>\n\n\n\n<li>lo sviluppo di soluzioni aggiuntive come la copertura sanitaria o la long-term care.<\/li>\n<\/ul>\n\n\n\n<h2 class=\"wp-block-heading\"><strong>Una governance condivisa<\/strong><\/h2>\n\n\n\n<p>Una caratteristica distintiva: <strong>il 100% dei membri del consiglio di amministrazione di IRCEM<\/strong> rappresenta i clienti \u2013 sia i sindacati dei lavoratori che le organizzazioni dei datori di lavoro.<br>Questo garantisce una <strong>gestione realmente partecipativa<\/strong>, da parte e per gli attori del settore.<\/p>\n\n\n\n<h2 class=\"wp-block-heading\">Perch\u00e9 \u00e8 importante?<\/h2>\n\n\n\n<p>Il modello francese, e in particolare il ruolo di IRCEM, rappresentano una <strong>buona pratica esemplare<\/strong>: offrire una solida protezione sociale in un settore caratterizzato da lavori diversi e talvolta precari.<br>Questo quadro consente di garantire maggiore sicurezza ai lavoratori e alle famiglie che li impiegano.<\/p>\n\n\n\n<p>In sintesi: <strong>dietro ogni lavoro di assistenza o servizio domestico in Francia c\u2019\u00e8 un sistema collettivo che assicura tutela e sicurezza, con IRCEM al suo centro<\/strong><\/p>\n\n\n\n<h2 class=\"wp-block-heading\">Per approfondire:<\/h2>\n\n\n\n<ul class=\"wp-block-list\">\n<li><a href=\"https:\/\/www.effe-homecare.eu\/wp-content\/uploads\/2025\/10\/Social-protection-for-PHS-workers-in-France-note.pdf\">EFFE Good Practice Note on social protection in the PHS sector<\/a><\/li>\n\n\n\n<li><a href=\"https:\/\/www.ircem.com\/\">Sito ufficiale del Gruppo IRCEM<\/a><\/li>\n\n\n\n<li><a href=\"https:\/\/www.franceemploidomicile.fr\/nos-services\/convention-collective-nationale\/\">Contratto Collettivo Nazionale dei Lavoratori e Datori di Lavoro Domestici \u2013 disponibile in 5 lingue<\/a><\/li>\n<\/ul>\n\n\n\n<h2 class=\"wp-block-heading\"><strong>Perch\u00e9 condividere le buone pratiche?<\/strong><\/h2>\n\n\n\n<p>Condividere buone pratiche \u00e8 fondamentale per <strong>riconoscere, valorizzare e rafforzare il settore dei servizi alla persona e alla famiglia (PHS)<\/strong> in tutta Europa.<br>Evidenziando esempi concreti, possiamo imparare gli uni dagli altri, promuovere condizioni di lavoro eque e sostenere sia i lavoratori che le famiglie.<\/p>\n\n\n\n<p>La <strong>Federazione Europea del Lavoro Domestico e dell\u2019Assistenza Domiciliare (EFFE)<\/strong> svolge un ruolo attivo nella raccolta e diffusione di queste pratiche, offrendo ispirazione per politiche e soluzioni a beneficio di milioni di famiglie e lavoratori.<\/p>\n\n\n\n<p><strong>Conosci un\u2019altra buona pratica nel tuo Paese o nella tua organizzazione?<\/strong><br>Condividila con EFFE e contribuisci a rafforzare il riconoscimento del settore del lavoro domestico in Europa.<\/p>\n\n\n\n<p><\/p>\n","protected":false},"excerpt":{"rendered":"<p>Lo scambio di buone pratiche rappresenta un fattore chiave per migliorare la qualit\u00e0 del lavoro e rendere pi\u00f9 attrattivo il settore dei servizi domestici e di assistenza alla persona. Facilitando la condivisione di conoscenze tra Paesi e attori del settore, EFFE contribuisce a individuare soluzioni innovative, promuovere modelli trasferibili e favorire il dialogo sociale a [&hellip;]<\/p>\n","protected":false},"author":6,"featured_media":0,"comment_status":"closed","ping_status":"closed","sticky":false,"template":"","format":"standard","meta":{"_acf_changed":false,"_monsterinsights_skip_tracking":false,"_monsterinsights_sitenote_active":false,"_monsterinsights_sitenote_note":"","_monsterinsights_sitenote_category":0,"footnotes":""},"categories":[126],"tags":[],"class_list":["post-9480","post","type-post","status-publish","format-standard","hentry","category-bonnes-pratiques-it"],"acf":[],"yoast_head":"<!-- This site is optimized with the Yoast SEO plugin v27.3 - https:\/\/yoast.com\/product\/yoast-seo-wordpress\/ -->\n<title>Lo sapevi? La protezione sociale per i lavoratori dei Servizi alla Persona e alla Famiglia (PHS) in Francia - EFFE<\/title>\n<meta name=\"robots\" content=\"index, follow, max-snippet:-1, max-image-preview:large, max-video-preview:-1\" \/>\n<link rel=\"canonical\" href=\"https:\/\/www.effe-homecare.eu\/it\/did-you-know-social-protection-for-personal-and-household-services-phs-workers-in-france\/\" \/>\n<meta property=\"og:locale\" content=\"it_IT\" \/>\n<meta property=\"og:type\" content=\"article\" \/>\n<meta property=\"og:title\" content=\"Lo sapevi? La protezione sociale per i lavoratori dei Servizi alla Persona e alla Famiglia (PHS) in Francia - EFFE\" \/>\n<meta property=\"og:description\" content=\"Lo scambio di buone pratiche rappresenta un fattore chiave per migliorare la qualit\u00e0 del lavoro e rendere pi\u00f9 attrattivo il settore dei servizi domestici e di assistenza alla persona. Facilitando la condivisione di conoscenze tra Paesi e attori del settore, EFFE contribuisce a individuare soluzioni innovative, promuovere modelli trasferibili e favorire il dialogo sociale a [&hellip;]\" \/>\n<meta property=\"og:url\" content=\"https:\/\/www.effe-homecare.eu\/it\/did-you-know-social-protection-for-personal-and-household-services-phs-workers-in-france\/\" \/>\n<meta property=\"og:site_name\" content=\"EFFE\" \/>\n<meta property=\"article:published_time\" content=\"2025-10-09T07:10:00+00:00\" \/>\n<meta name=\"author\" content=\"Thomas Hector\" \/>\n<meta name=\"twitter:card\" content=\"summary_large_image\" \/>\n<meta name=\"twitter:label1\" content=\"Scritto da\" \/>\n\t<meta name=\"twitter:data1\" content=\"Thomas Hector\" \/>\n\t<meta name=\"twitter:label2\" content=\"Tempo di lettura stimato\" \/>\n\t<meta name=\"twitter:data2\" content=\"3 minuti\" \/>\n<script type=\"application\/ld+json\" class=\"yoast-schema-graph\">{\"@context\":\"https:\\\/\\\/schema.org\",\"@graph\":[{\"@type\":\"Article\",\"@id\":\"https:\\\/\\\/www.effe-homecare.eu\\\/it\\\/did-you-know-social-protection-for-personal-and-household-services-phs-workers-in-france\\\/#article\",\"isPartOf\":{\"@id\":\"https:\\\/\\\/www.effe-homecare.eu\\\/it\\\/did-you-know-social-protection-for-personal-and-household-services-phs-workers-in-france\\\/\"},\"author\":{\"name\":\"Thomas Hector\",\"@id\":\"https:\\\/\\\/www.effe-homecare.eu\\\/it\\\/#\\\/schema\\\/person\\\/e6ba740027c6a6d08af528b4707e6622\"},\"headline\":\"Lo sapevi? La protezione sociale per i lavoratori dei Servizi alla Persona e alla Famiglia (PHS) in Francia\",\"datePublished\":\"2025-10-09T07:10:00+00:00\",\"mainEntityOfPage\":{\"@id\":\"https:\\\/\\\/www.effe-homecare.eu\\\/it\\\/did-you-know-social-protection-for-personal-and-household-services-phs-workers-in-france\\\/\"},\"wordCount\":628,\"articleSection\":[\"Buone pratiche\"],\"inLanguage\":\"it-IT\"},{\"@type\":\"WebPage\",\"@id\":\"https:\\\/\\\/www.effe-homecare.eu\\\/it\\\/did-you-know-social-protection-for-personal-and-household-services-phs-workers-in-france\\\/\",\"url\":\"https:\\\/\\\/www.effe-homecare.eu\\\/it\\\/did-you-know-social-protection-for-personal-and-household-services-phs-workers-in-france\\\/\",\"name\":\"Lo sapevi? La protezione sociale per i lavoratori dei Servizi alla Persona e alla Famiglia (PHS) in Francia - EFFE\",\"isPartOf\":{\"@id\":\"https:\\\/\\\/www.effe-homecare.eu\\\/it\\\/#website\"},\"datePublished\":\"2025-10-09T07:10:00+00:00\",\"author\":{\"@id\":\"https:\\\/\\\/www.effe-homecare.eu\\\/it\\\/#\\\/schema\\\/person\\\/e6ba740027c6a6d08af528b4707e6622\"},\"breadcrumb\":{\"@id\":\"https:\\\/\\\/www.effe-homecare.eu\\\/it\\\/did-you-know-social-protection-for-personal-and-household-services-phs-workers-in-france\\\/#breadcrumb\"},\"inLanguage\":\"it-IT\",\"potentialAction\":[{\"@type\":\"ReadAction\",\"target\":[\"https:\\\/\\\/www.effe-homecare.eu\\\/it\\\/did-you-know-social-protection-for-personal-and-household-services-phs-workers-in-france\\\/\"]}]},{\"@type\":\"BreadcrumbList\",\"@id\":\"https:\\\/\\\/www.effe-homecare.eu\\\/it\\\/did-you-know-social-protection-for-personal-and-household-services-phs-workers-in-france\\\/#breadcrumb\",\"itemListElement\":[{\"@type\":\"ListItem\",\"position\":1,\"name\":\"\",\"item\":\"https:\\\/\\\/www.effe-homecare.eu\\\/it\\\/\"},{\"@type\":\"ListItem\",\"position\":2,\"name\":\"Lo sapevi? La protezione sociale per i lavoratori dei Servizi alla Persona e alla Famiglia (PHS) in Francia\"}]},{\"@type\":\"WebSite\",\"@id\":\"https:\\\/\\\/www.effe-homecare.eu\\\/it\\\/#website\",\"url\":\"https:\\\/\\\/www.effe-homecare.eu\\\/it\\\/\",\"name\":\"EFFE\",\"description\":\"F\u00e9d\u00e9ration Europ\u00e9enne des Emplois et de la Famille\",\"potentialAction\":[{\"@type\":\"SearchAction\",\"target\":{\"@type\":\"EntryPoint\",\"urlTemplate\":\"https:\\\/\\\/www.effe-homecare.eu\\\/it\\\/?s={search_term_string}\"},\"query-input\":{\"@type\":\"PropertyValueSpecification\",\"valueRequired\":true,\"valueName\":\"search_term_string\"}}],\"inLanguage\":\"it-IT\"},{\"@type\":\"Person\",\"@id\":\"https:\\\/\\\/www.effe-homecare.eu\\\/it\\\/#\\\/schema\\\/person\\\/e6ba740027c6a6d08af528b4707e6622\",\"name\":\"Thomas Hector\",\"image\":{\"@type\":\"ImageObject\",\"inLanguage\":\"it-IT\",\"@id\":\"https:\\\/\\\/secure.gravatar.com\\\/avatar\\\/271213d1d93650bbc2c6f79507965bcb2eb1530a3de5ba0a65b68390e434b14d?s=96&d=mm&r=g\",\"url\":\"https:\\\/\\\/secure.gravatar.com\\\/avatar\\\/271213d1d93650bbc2c6f79507965bcb2eb1530a3de5ba0a65b68390e434b14d?s=96&d=mm&r=g\",\"contentUrl\":\"https:\\\/\\\/secure.gravatar.com\\\/avatar\\\/271213d1d93650bbc2c6f79507965bcb2eb1530a3de5ba0a65b68390e434b14d?s=96&d=mm&r=g\",\"caption\":\"Thomas Hector\"}}]}<\/script>\n<!-- \/ Yoast SEO plugin. -->","yoast_head_json":{"title":"Lo sapevi? La protezione sociale per i lavoratori dei Servizi alla Persona e alla Famiglia (PHS) in Francia - EFFE","robots":{"index":"index","follow":"follow","max-snippet":"max-snippet:-1","max-image-preview":"max-image-preview:large","max-video-preview":"max-video-preview:-1"},"canonical":"https:\/\/www.effe-homecare.eu\/it\/did-you-know-social-protection-for-personal-and-household-services-phs-workers-in-france\/","og_locale":"it_IT","og_type":"article","og_title":"Lo sapevi? La protezione sociale per i lavoratori dei Servizi alla Persona e alla Famiglia (PHS) in Francia - EFFE","og_description":"Lo scambio di buone pratiche rappresenta un fattore chiave per migliorare la qualit\u00e0 del lavoro e rendere pi\u00f9 attrattivo il settore dei servizi domestici e di assistenza alla persona. Facilitando la condivisione di conoscenze tra Paesi e attori del settore, EFFE contribuisce a individuare soluzioni innovative, promuovere modelli trasferibili e favorire il dialogo sociale a [&hellip;]","og_url":"https:\/\/www.effe-homecare.eu\/it\/did-you-know-social-protection-for-personal-and-household-services-phs-workers-in-france\/","og_site_name":"EFFE","article_published_time":"2025-10-09T07:10:00+00:00","author":"Thomas Hector","twitter_card":"summary_large_image","twitter_misc":{"Scritto da":"Thomas Hector","Tempo di lettura stimato":"3 minuti"},"schema":{"@context":"https:\/\/schema.org","@graph":[{"@type":"Article","@id":"https:\/\/www.effe-homecare.eu\/it\/did-you-know-social-protection-for-personal-and-household-services-phs-workers-in-france\/#article","isPartOf":{"@id":"https:\/\/www.effe-homecare.eu\/it\/did-you-know-social-protection-for-personal-and-household-services-phs-workers-in-france\/"},"author":{"name":"Thomas Hector","@id":"https:\/\/www.effe-homecare.eu\/it\/#\/schema\/person\/e6ba740027c6a6d08af528b4707e6622"},"headline":"Lo sapevi? La protezione sociale per i lavoratori dei Servizi alla Persona e alla Famiglia (PHS) in Francia","datePublished":"2025-10-09T07:10:00+00:00","mainEntityOfPage":{"@id":"https:\/\/www.effe-homecare.eu\/it\/did-you-know-social-protection-for-personal-and-household-services-phs-workers-in-france\/"},"wordCount":628,"articleSection":["Buone pratiche"],"inLanguage":"it-IT"},{"@type":"WebPage","@id":"https:\/\/www.effe-homecare.eu\/it\/did-you-know-social-protection-for-personal-and-household-services-phs-workers-in-france\/","url":"https:\/\/www.effe-homecare.eu\/it\/did-you-know-social-protection-for-personal-and-household-services-phs-workers-in-france\/","name":"Lo sapevi? La protezione sociale per i lavoratori dei Servizi alla Persona e alla Famiglia (PHS) in Francia - EFFE","isPartOf":{"@id":"https:\/\/www.effe-homecare.eu\/it\/#website"},"datePublished":"2025-10-09T07:10:00+00:00","author":{"@id":"https:\/\/www.effe-homecare.eu\/it\/#\/schema\/person\/e6ba740027c6a6d08af528b4707e6622"},"breadcrumb":{"@id":"https:\/\/www.effe-homecare.eu\/it\/did-you-know-social-protection-for-personal-and-household-services-phs-workers-in-france\/#breadcrumb"},"inLanguage":"it-IT","potentialAction":[{"@type":"ReadAction","target":["https:\/\/www.effe-homecare.eu\/it\/did-you-know-social-protection-for-personal-and-household-services-phs-workers-in-france\/"]}]},{"@type":"BreadcrumbList","@id":"https:\/\/www.effe-homecare.eu\/it\/did-you-know-social-protection-for-personal-and-household-services-phs-workers-in-france\/#breadcrumb","itemListElement":[{"@type":"ListItem","position":1,"name":"","item":"https:\/\/www.effe-homecare.eu\/it\/"},{"@type":"ListItem","position":2,"name":"Lo sapevi? La protezione sociale per i lavoratori dei Servizi alla Persona e alla Famiglia (PHS) in Francia"}]},{"@type":"WebSite","@id":"https:\/\/www.effe-homecare.eu\/it\/#website","url":"https:\/\/www.effe-homecare.eu\/it\/","name":"EFFE","description":"F\u00e9d\u00e9ration Europ\u00e9enne des Emplois et de la Famille","potentialAction":[{"@type":"SearchAction","target":{"@type":"EntryPoint","urlTemplate":"https:\/\/www.effe-homecare.eu\/it\/?s={search_term_string}"},"query-input":{"@type":"PropertyValueSpecification","valueRequired":true,"valueName":"search_term_string"}}],"inLanguage":"it-IT"},{"@type":"Person","@id":"https:\/\/www.effe-homecare.eu\/it\/#\/schema\/person\/e6ba740027c6a6d08af528b4707e6622","name":"Thomas Hector","image":{"@type":"ImageObject","inLanguage":"it-IT","@id":"https:\/\/secure.gravatar.com\/avatar\/271213d1d93650bbc2c6f79507965bcb2eb1530a3de5ba0a65b68390e434b14d?s=96&d=mm&r=g","url":"https:\/\/secure.gravatar.com\/avatar\/271213d1d93650bbc2c6f79507965bcb2eb1530a3de5ba0a65b68390e434b14d?s=96&d=mm&r=g","contentUrl":"https:\/\/secure.gravatar.com\/avatar\/271213d1d93650bbc2c6f79507965bcb2eb1530a3de5ba0a65b68390e434b14d?s=96&d=mm&r=g","caption":"Thomas Hector"}}]}},"_links":{"self":[{"href":"https:\/\/www.effe-homecare.eu\/it\/wp-json\/wp\/v2\/posts\/9480","targetHints":{"allow":["GET"]}}],"collection":[{"href":"https:\/\/www.effe-homecare.eu\/it\/wp-json\/wp\/v2\/posts"}],"about":[{"href":"https:\/\/www.effe-homecare.eu\/it\/wp-json\/wp\/v2\/types\/post"}],"author":[{"embeddable":true,"href":"https:\/\/www.effe-homecare.eu\/it\/wp-json\/wp\/v2\/users\/6"}],"replies":[{"embeddable":true,"href":"https:\/\/www.effe-homecare.eu\/it\/wp-json\/wp\/v2\/comments?post=9480"}],"version-history":[{"count":1,"href":"https:\/\/www.effe-homecare.eu\/it\/wp-json\/wp\/v2\/posts\/9480\/revisions"}],"predecessor-version":[{"id":9482,"href":"https:\/\/www.effe-homecare.eu\/it\/wp-json\/wp\/v2\/posts\/9480\/revisions\/9482"}],"wp:attachment":[{"href":"https:\/\/www.effe-homecare.eu\/it\/wp-json\/wp\/v2\/media?parent=9480"}],"wp:term":[{"taxonomy":"category","embeddable":true,"href":"https:\/\/www.effe-homecare.eu\/it\/wp-json\/wp\/v2\/categories?post=9480"},{"taxonomy":"post_tag","embeddable":true,"href":"https:\/\/www.effe-homecare.eu\/it\/wp-json\/wp\/v2\/tags?post=9480"}],"curies":[{"name":"wp","href":"https:\/\/api.w.org\/{rel}","templated":true}]}}