{"id":9390,"date":"2025-06-24T11:19:43","date_gmt":"2025-06-24T09:19:43","guid":{"rendered":"https:\/\/www.effe-homecare.eu\/?p=9390"},"modified":"2025-07-10T11:24:24","modified_gmt":"2025-07-10T09:24:24","slug":"effe-al-gruppo-dinteresse-parlamentare-su-tutte-le-eta-costruire-uneuropa-equa-per-tutte-le-generazioni","status":"publish","type":"post","link":"https:\/\/www.effe-homecare.eu\/it\/effe-al-gruppo-dinteresse-parlamentare-su-tutte-le-eta-costruire-uneuropa-equa-per-tutte-le-generazioni\/","title":{"rendered":"EFFE al gruppo d&#8217;interesse parlamentare su tutte le et\u00e0: costruire un\u2019Europa equa per tutte le generazioni"},"content":{"rendered":"\n<p>Il 24 giugno a Bruxelles, EFFE ha partecipato a una colazione di lavoro organizzata dal <strong><a href=\"https:\/\/age-manifesto.eu\/intergroup\/\">Gruppo d\u2019interesse del Parlamento europeo &#8220;Un\u2019Europa per tutte le et\u00e0&#8221;<\/a><\/strong>, co-presieduto dagli eurodeputati Idoia Mendia (S&amp;D, Spagna) e Michal Szczerba (PPE, Polonia). Questo gruppo, creato nel 2024 in seguito alla campagna promossa da AGE Platform Europe, si propone di affrontare i temi della longevit\u00e0, dell\u2019invecchiamento sano e della solidariet\u00e0 intergenerazionale a livello europeo. Con il coinvolgimento di circa 30 eurodeputati, questa piattaforma riunisce decisori politici e societ\u00e0 civile per esplorare nuove politiche UE che rafforzino i legami tra le generazioni. Fin dall\u2019inizio, EFFE ha partecipato attivamente, portando il proprio punto di vista sul lavoro e l\u2019assistenza.<\/p>\n\n\n\n<p>Durante l\u2019incontro, si \u00e8 discusso di come il cambiamento demografico possa trasformarsi in un\u2019opportunit\u00e0 per l\u2019innovazione, la resilienza economica e la solidariet\u00e0 tra generazioni. Questo evento si \u00e8 svolto in un momento chiave, poich\u00e9 la Commissione europea sta preparando la <strong>prima Strategia sull\u2019equit\u00e0 intergenerazionale<\/strong>, con l\u2019obiettivo di includere tutte le generazioni nelle politiche future dell\u2019UE. La pubblicazione della Strategia \u00e8 prevista per il primo semestre del 2026. Inoltre, lo scorso marzo, la Commissione ha presentato il piano <strong>Unione delle competenze<\/strong>, volto a promuovere un\u2019istruzione di qualit\u00e0, la formazione e l\u2019apprendimento permanente per tutte le et\u00e0, in modo da rispondere alle priorit\u00e0 di competitivit\u00e0 attuali. EFFE segue attentamente questi sviluppi, con l\u2019obiettivo di garantire che le problematiche legate all\u2019assistenza domiciliare siano adeguatamente affrontate.<\/p>\n\n\n\n<p>In un videomessaggio, <strong>Roxana M\u00eenzatu<\/strong>, Commissaria europea per i Diritti sociali, le Competenze, il Lavoro di qualit\u00e0 e la Preparazione, ha invitato la societ\u00e0 civile a contribuire attivamente alla definizione della futura Strategia.<\/p>\n\n\n\n<p><strong>Normunds Popens<\/strong>, Vicedirettore generale della DG Istruzione, Giovent\u00f9, Sport e Cultura (Commissione europea), ha sottolineato come le discrepanze tra le competenze della forza lavoro e i bisogni reali rendano urgenti interventi di aggiornamento e riqualificazione professionale negli Stati membri.<\/p>\n\n\n\n<p><strong>Maciej Kucharczyk<\/strong>, Segretario generale di AGE Platform Europe, ha esortato a superare l&#8217;immagine negativa dell\u2019invecchiamento, per valorizzare pienamente il potenziale delle persone anziane, in particolare la loro esperienza a beneficio delle generazioni pi\u00f9 giovani. Ha inoltre ribadito l\u2019importanza di garantire la libert\u00e0 di scelta sul luogo in cui invecchiare.<\/p>\n\n\n\n<p><strong>Michal Drozdowicz<\/strong>, Direttore della sezione Politiche sociali, Occupazione e Pari Opportunit\u00e0 presso la Rappresentanza permanente della Polonia presso l\u2019UE, ha illustrato i risultati della recente presidenza polacca del Consiglio dell\u2019UE, che ha dato impulso al sostegno delle persone anziane e all\u2019economia d\u2019argento. Ha per\u00f2 evidenziato alcune criticit\u00e0 ancora presenti, tra cui lo scarso sviluppo delle misure di salute e sicurezza sul lavoro (SSL) e della formazione continua in settori come la sanit\u00e0 e l\u2019assistenza a lungo termine.<\/p>\n\n\n\n<p><strong>Miron Podgoran<\/strong>, membro del gabinetto della Commissaria M\u00eenzatu, ha sottolineato i risultati positivi della <strong>Strategia europea per l\u2019assistenza<\/strong> e della <strong>Garanzia per l\u2019infanzia<\/strong>, e ha invitato ad affrontare le sfide ancora aperte.<\/p>\n\n\n\n<p>EFFE \u00e8 stata lieta di prendere parte a questi scambi e di contribuire all\u2019identificazione degli elementi chiave per la futura Strategia sull\u2019equit\u00e0 intergenerazionale. I prossimi mesi saranno cruciali per garantire una Strategia completa, inclusiva di tutti i gruppi e settori della societ\u00e0.<\/p>\n","protected":false},"excerpt":{"rendered":"<p>Il 24 giugno a Bruxelles, EFFE ha partecipato a una colazione di lavoro organizzata dal Gruppo d\u2019interesse del Parlamento europeo &#8220;Un\u2019Europa per tutte le et\u00e0&#8221;, co-presieduto dagli eurodeputati Idoia Mendia (S&amp;D, Spagna) e Michal Szczerba (PPE, Polonia). Questo gruppo, creato nel 2024 in seguito alla campagna promossa da AGE Platform Europe, si propone di affrontare [&hellip;]<\/p>\n","protected":false},"author":6,"featured_media":0,"comment_status":"closed","ping_status":"closed","sticky":false,"template":"","format":"standard","meta":{"_acf_changed":false,"_monsterinsights_skip_tracking":false,"_monsterinsights_sitenote_active":false,"_monsterinsights_sitenote_note":"","_monsterinsights_sitenote_category":0,"footnotes":""},"categories":[83],"tags":[],"class_list":["post-9390","post","type-post","status-publish","format-standard","hentry","category-notizie"],"acf":[],"yoast_head":"<!-- This site is optimized with the Yoast SEO plugin v27.3 - https:\/\/yoast.com\/product\/yoast-seo-wordpress\/ -->\n<title>EFFE al gruppo d&#039;interesse parlamentare su tutte le et\u00e0: costruire un\u2019Europa equa per tutte le generazioni - EFFE<\/title>\n<meta name=\"robots\" content=\"index, follow, max-snippet:-1, max-image-preview:large, max-video-preview:-1\" \/>\n<link rel=\"canonical\" href=\"https:\/\/www.effe-homecare.eu\/it\/effe-al-gruppo-dinteresse-parlamentare-su-tutte-le-eta-costruire-uneuropa-equa-per-tutte-le-generazioni\/\" \/>\n<meta property=\"og:locale\" content=\"it_IT\" \/>\n<meta property=\"og:type\" content=\"article\" \/>\n<meta property=\"og:title\" content=\"EFFE al gruppo d&#039;interesse parlamentare su tutte le et\u00e0: costruire un\u2019Europa equa per tutte le generazioni - EFFE\" \/>\n<meta property=\"og:description\" content=\"Il 24 giugno a Bruxelles, EFFE ha partecipato a una colazione di lavoro organizzata dal Gruppo d\u2019interesse del Parlamento europeo &#8220;Un\u2019Europa per tutte le et\u00e0&#8221;, co-presieduto dagli eurodeputati Idoia Mendia (S&amp;D, Spagna) e Michal Szczerba (PPE, Polonia). Questo gruppo, creato nel 2024 in seguito alla campagna promossa da AGE Platform Europe, si propone di affrontare [&hellip;]\" \/>\n<meta property=\"og:url\" content=\"https:\/\/www.effe-homecare.eu\/it\/effe-al-gruppo-dinteresse-parlamentare-su-tutte-le-eta-costruire-uneuropa-equa-per-tutte-le-generazioni\/\" \/>\n<meta property=\"og:site_name\" content=\"EFFE\" \/>\n<meta property=\"article:published_time\" content=\"2025-06-24T09:19:43+00:00\" \/>\n<meta property=\"article:modified_time\" content=\"2025-07-10T09:24:24+00:00\" \/>\n<meta name=\"author\" content=\"Thomas Hector\" \/>\n<meta name=\"twitter:card\" content=\"summary_large_image\" \/>\n<meta name=\"twitter:label1\" content=\"Scritto da\" \/>\n\t<meta name=\"twitter:data1\" content=\"Thomas Hector\" \/>\n\t<meta name=\"twitter:label2\" content=\"Tempo di lettura stimato\" \/>\n\t<meta name=\"twitter:data2\" content=\"3 minuti\" \/>\n<script type=\"application\/ld+json\" class=\"yoast-schema-graph\">{\"@context\":\"https:\\\/\\\/schema.org\",\"@graph\":[{\"@type\":\"Article\",\"@id\":\"https:\\\/\\\/www.effe-homecare.eu\\\/it\\\/effe-al-gruppo-dinteresse-parlamentare-su-tutte-le-eta-costruire-uneuropa-equa-per-tutte-le-generazioni\\\/#article\",\"isPartOf\":{\"@id\":\"https:\\\/\\\/www.effe-homecare.eu\\\/it\\\/effe-al-gruppo-dinteresse-parlamentare-su-tutte-le-eta-costruire-uneuropa-equa-per-tutte-le-generazioni\\\/\"},\"author\":{\"name\":\"Thomas Hector\",\"@id\":\"https:\\\/\\\/www.effe-homecare.eu\\\/it\\\/#\\\/schema\\\/person\\\/e6ba740027c6a6d08af528b4707e6622\"},\"headline\":\"EFFE al gruppo d&#8217;interesse parlamentare su tutte le et\u00e0: costruire un\u2019Europa equa per tutte le generazioni\",\"datePublished\":\"2025-06-24T09:19:43+00:00\",\"dateModified\":\"2025-07-10T09:24:24+00:00\",\"mainEntityOfPage\":{\"@id\":\"https:\\\/\\\/www.effe-homecare.eu\\\/it\\\/effe-al-gruppo-dinteresse-parlamentare-su-tutte-le-eta-costruire-uneuropa-equa-per-tutte-le-generazioni\\\/\"},\"wordCount\":546,\"articleSection\":[\"notizie\"],\"inLanguage\":\"it-IT\"},{\"@type\":\"WebPage\",\"@id\":\"https:\\\/\\\/www.effe-homecare.eu\\\/it\\\/effe-al-gruppo-dinteresse-parlamentare-su-tutte-le-eta-costruire-uneuropa-equa-per-tutte-le-generazioni\\\/\",\"url\":\"https:\\\/\\\/www.effe-homecare.eu\\\/it\\\/effe-al-gruppo-dinteresse-parlamentare-su-tutte-le-eta-costruire-uneuropa-equa-per-tutte-le-generazioni\\\/\",\"name\":\"EFFE al gruppo d'interesse parlamentare su tutte le et\u00e0: costruire un\u2019Europa equa per tutte le generazioni - EFFE\",\"isPartOf\":{\"@id\":\"https:\\\/\\\/www.effe-homecare.eu\\\/it\\\/#website\"},\"datePublished\":\"2025-06-24T09:19:43+00:00\",\"dateModified\":\"2025-07-10T09:24:24+00:00\",\"author\":{\"@id\":\"https:\\\/\\\/www.effe-homecare.eu\\\/it\\\/#\\\/schema\\\/person\\\/e6ba740027c6a6d08af528b4707e6622\"},\"breadcrumb\":{\"@id\":\"https:\\\/\\\/www.effe-homecare.eu\\\/it\\\/effe-al-gruppo-dinteresse-parlamentare-su-tutte-le-eta-costruire-uneuropa-equa-per-tutte-le-generazioni\\\/#breadcrumb\"},\"inLanguage\":\"it-IT\",\"potentialAction\":[{\"@type\":\"ReadAction\",\"target\":[\"https:\\\/\\\/www.effe-homecare.eu\\\/it\\\/effe-al-gruppo-dinteresse-parlamentare-su-tutte-le-eta-costruire-uneuropa-equa-per-tutte-le-generazioni\\\/\"]}]},{\"@type\":\"BreadcrumbList\",\"@id\":\"https:\\\/\\\/www.effe-homecare.eu\\\/it\\\/effe-al-gruppo-dinteresse-parlamentare-su-tutte-le-eta-costruire-uneuropa-equa-per-tutte-le-generazioni\\\/#breadcrumb\",\"itemListElement\":[{\"@type\":\"ListItem\",\"position\":1,\"name\":\"\",\"item\":\"https:\\\/\\\/www.effe-homecare.eu\\\/it\\\/\"},{\"@type\":\"ListItem\",\"position\":2,\"name\":\"EFFE al gruppo d&rsquo;interesse parlamentare su tutte le et\u00e0: costruire un\u2019Europa equa per tutte le generazioni\"}]},{\"@type\":\"WebSite\",\"@id\":\"https:\\\/\\\/www.effe-homecare.eu\\\/it\\\/#website\",\"url\":\"https:\\\/\\\/www.effe-homecare.eu\\\/it\\\/\",\"name\":\"EFFE\",\"description\":\"F\u00e9d\u00e9ration Europ\u00e9enne des Emplois et de la Famille\",\"potentialAction\":[{\"@type\":\"SearchAction\",\"target\":{\"@type\":\"EntryPoint\",\"urlTemplate\":\"https:\\\/\\\/www.effe-homecare.eu\\\/it\\\/?s={search_term_string}\"},\"query-input\":{\"@type\":\"PropertyValueSpecification\",\"valueRequired\":true,\"valueName\":\"search_term_string\"}}],\"inLanguage\":\"it-IT\"},{\"@type\":\"Person\",\"@id\":\"https:\\\/\\\/www.effe-homecare.eu\\\/it\\\/#\\\/schema\\\/person\\\/e6ba740027c6a6d08af528b4707e6622\",\"name\":\"Thomas Hector\",\"image\":{\"@type\":\"ImageObject\",\"inLanguage\":\"it-IT\",\"@id\":\"https:\\\/\\\/secure.gravatar.com\\\/avatar\\\/271213d1d93650bbc2c6f79507965bcb2eb1530a3de5ba0a65b68390e434b14d?s=96&d=mm&r=g\",\"url\":\"https:\\\/\\\/secure.gravatar.com\\\/avatar\\\/271213d1d93650bbc2c6f79507965bcb2eb1530a3de5ba0a65b68390e434b14d?s=96&d=mm&r=g\",\"contentUrl\":\"https:\\\/\\\/secure.gravatar.com\\\/avatar\\\/271213d1d93650bbc2c6f79507965bcb2eb1530a3de5ba0a65b68390e434b14d?s=96&d=mm&r=g\",\"caption\":\"Thomas Hector\"}}]}<\/script>\n<!-- \/ Yoast SEO plugin. -->","yoast_head_json":{"title":"EFFE al gruppo d'interesse parlamentare su tutte le et\u00e0: costruire un\u2019Europa equa per tutte le generazioni - EFFE","robots":{"index":"index","follow":"follow","max-snippet":"max-snippet:-1","max-image-preview":"max-image-preview:large","max-video-preview":"max-video-preview:-1"},"canonical":"https:\/\/www.effe-homecare.eu\/it\/effe-al-gruppo-dinteresse-parlamentare-su-tutte-le-eta-costruire-uneuropa-equa-per-tutte-le-generazioni\/","og_locale":"it_IT","og_type":"article","og_title":"EFFE al gruppo d'interesse parlamentare su tutte le et\u00e0: costruire un\u2019Europa equa per tutte le generazioni - EFFE","og_description":"Il 24 giugno a Bruxelles, EFFE ha partecipato a una colazione di lavoro organizzata dal Gruppo d\u2019interesse del Parlamento europeo &#8220;Un\u2019Europa per tutte le et\u00e0&#8221;, co-presieduto dagli eurodeputati Idoia Mendia (S&amp;D, Spagna) e Michal Szczerba (PPE, Polonia). Questo gruppo, creato nel 2024 in seguito alla campagna promossa da AGE Platform Europe, si propone di affrontare [&hellip;]","og_url":"https:\/\/www.effe-homecare.eu\/it\/effe-al-gruppo-dinteresse-parlamentare-su-tutte-le-eta-costruire-uneuropa-equa-per-tutte-le-generazioni\/","og_site_name":"EFFE","article_published_time":"2025-06-24T09:19:43+00:00","article_modified_time":"2025-07-10T09:24:24+00:00","author":"Thomas Hector","twitter_card":"summary_large_image","twitter_misc":{"Scritto da":"Thomas Hector","Tempo di lettura stimato":"3 minuti"},"schema":{"@context":"https:\/\/schema.org","@graph":[{"@type":"Article","@id":"https:\/\/www.effe-homecare.eu\/it\/effe-al-gruppo-dinteresse-parlamentare-su-tutte-le-eta-costruire-uneuropa-equa-per-tutte-le-generazioni\/#article","isPartOf":{"@id":"https:\/\/www.effe-homecare.eu\/it\/effe-al-gruppo-dinteresse-parlamentare-su-tutte-le-eta-costruire-uneuropa-equa-per-tutte-le-generazioni\/"},"author":{"name":"Thomas Hector","@id":"https:\/\/www.effe-homecare.eu\/it\/#\/schema\/person\/e6ba740027c6a6d08af528b4707e6622"},"headline":"EFFE al gruppo d&#8217;interesse parlamentare su tutte le et\u00e0: costruire un\u2019Europa equa per tutte le generazioni","datePublished":"2025-06-24T09:19:43+00:00","dateModified":"2025-07-10T09:24:24+00:00","mainEntityOfPage":{"@id":"https:\/\/www.effe-homecare.eu\/it\/effe-al-gruppo-dinteresse-parlamentare-su-tutte-le-eta-costruire-uneuropa-equa-per-tutte-le-generazioni\/"},"wordCount":546,"articleSection":["notizie"],"inLanguage":"it-IT"},{"@type":"WebPage","@id":"https:\/\/www.effe-homecare.eu\/it\/effe-al-gruppo-dinteresse-parlamentare-su-tutte-le-eta-costruire-uneuropa-equa-per-tutte-le-generazioni\/","url":"https:\/\/www.effe-homecare.eu\/it\/effe-al-gruppo-dinteresse-parlamentare-su-tutte-le-eta-costruire-uneuropa-equa-per-tutte-le-generazioni\/","name":"EFFE al gruppo d'interesse parlamentare su tutte le et\u00e0: costruire un\u2019Europa equa per tutte le generazioni - EFFE","isPartOf":{"@id":"https:\/\/www.effe-homecare.eu\/it\/#website"},"datePublished":"2025-06-24T09:19:43+00:00","dateModified":"2025-07-10T09:24:24+00:00","author":{"@id":"https:\/\/www.effe-homecare.eu\/it\/#\/schema\/person\/e6ba740027c6a6d08af528b4707e6622"},"breadcrumb":{"@id":"https:\/\/www.effe-homecare.eu\/it\/effe-al-gruppo-dinteresse-parlamentare-su-tutte-le-eta-costruire-uneuropa-equa-per-tutte-le-generazioni\/#breadcrumb"},"inLanguage":"it-IT","potentialAction":[{"@type":"ReadAction","target":["https:\/\/www.effe-homecare.eu\/it\/effe-al-gruppo-dinteresse-parlamentare-su-tutte-le-eta-costruire-uneuropa-equa-per-tutte-le-generazioni\/"]}]},{"@type":"BreadcrumbList","@id":"https:\/\/www.effe-homecare.eu\/it\/effe-al-gruppo-dinteresse-parlamentare-su-tutte-le-eta-costruire-uneuropa-equa-per-tutte-le-generazioni\/#breadcrumb","itemListElement":[{"@type":"ListItem","position":1,"name":"","item":"https:\/\/www.effe-homecare.eu\/it\/"},{"@type":"ListItem","position":2,"name":"EFFE al gruppo d&rsquo;interesse parlamentare su tutte le et\u00e0: costruire un\u2019Europa equa per tutte le generazioni"}]},{"@type":"WebSite","@id":"https:\/\/www.effe-homecare.eu\/it\/#website","url":"https:\/\/www.effe-homecare.eu\/it\/","name":"EFFE","description":"F\u00e9d\u00e9ration Europ\u00e9enne des Emplois et de la Famille","potentialAction":[{"@type":"SearchAction","target":{"@type":"EntryPoint","urlTemplate":"https:\/\/www.effe-homecare.eu\/it\/?s={search_term_string}"},"query-input":{"@type":"PropertyValueSpecification","valueRequired":true,"valueName":"search_term_string"}}],"inLanguage":"it-IT"},{"@type":"Person","@id":"https:\/\/www.effe-homecare.eu\/it\/#\/schema\/person\/e6ba740027c6a6d08af528b4707e6622","name":"Thomas Hector","image":{"@type":"ImageObject","inLanguage":"it-IT","@id":"https:\/\/secure.gravatar.com\/avatar\/271213d1d93650bbc2c6f79507965bcb2eb1530a3de5ba0a65b68390e434b14d?s=96&d=mm&r=g","url":"https:\/\/secure.gravatar.com\/avatar\/271213d1d93650bbc2c6f79507965bcb2eb1530a3de5ba0a65b68390e434b14d?s=96&d=mm&r=g","contentUrl":"https:\/\/secure.gravatar.com\/avatar\/271213d1d93650bbc2c6f79507965bcb2eb1530a3de5ba0a65b68390e434b14d?s=96&d=mm&r=g","caption":"Thomas Hector"}}]}},"_links":{"self":[{"href":"https:\/\/www.effe-homecare.eu\/it\/wp-json\/wp\/v2\/posts\/9390","targetHints":{"allow":["GET"]}}],"collection":[{"href":"https:\/\/www.effe-homecare.eu\/it\/wp-json\/wp\/v2\/posts"}],"about":[{"href":"https:\/\/www.effe-homecare.eu\/it\/wp-json\/wp\/v2\/types\/post"}],"author":[{"embeddable":true,"href":"https:\/\/www.effe-homecare.eu\/it\/wp-json\/wp\/v2\/users\/6"}],"replies":[{"embeddable":true,"href":"https:\/\/www.effe-homecare.eu\/it\/wp-json\/wp\/v2\/comments?post=9390"}],"version-history":[{"count":1,"href":"https:\/\/www.effe-homecare.eu\/it\/wp-json\/wp\/v2\/posts\/9390\/revisions"}],"predecessor-version":[{"id":9391,"href":"https:\/\/www.effe-homecare.eu\/it\/wp-json\/wp\/v2\/posts\/9390\/revisions\/9391"}],"wp:attachment":[{"href":"https:\/\/www.effe-homecare.eu\/it\/wp-json\/wp\/v2\/media?parent=9390"}],"wp:term":[{"taxonomy":"category","embeddable":true,"href":"https:\/\/www.effe-homecare.eu\/it\/wp-json\/wp\/v2\/categories?post=9390"},{"taxonomy":"post_tag","embeddable":true,"href":"https:\/\/www.effe-homecare.eu\/it\/wp-json\/wp\/v2\/tags?post=9390"}],"curies":[{"name":"wp","href":"https:\/\/api.w.org\/{rel}","templated":true}]}}