{"id":9379,"date":"2025-06-23T16:50:39","date_gmt":"2025-06-23T14:50:39","guid":{"rendered":"https:\/\/www.effe-homecare.eu\/?p=9379"},"modified":"2025-06-24T17:10:43","modified_gmt":"2025-06-24T15:10:43","slug":"effe-ed-efsi-lanciano-il-toolkit-per-il-rafforzamento-delle-capacita-dei-datori-di-lavoro-nel-servizi-alla-persona-e-del-lavoro-domestico","status":"publish","type":"post","link":"https:\/\/www.effe-homecare.eu\/it\/effe-ed-efsi-lanciano-il-toolkit-per-il-rafforzamento-delle-capacita-dei-datori-di-lavoro-nel-servizi-alla-persona-e-del-lavoro-domestico\/","title":{"rendered":"EFFE ed EFSI lanciano il Toolkit per il Rafforzamento delle Capacit\u00e0 dei Datori di Lavoro nel Servizi alla Persona e del Lavoro Domestico"},"content":{"rendered":"\n<h2 class=\"wp-block-heading\"><strong>Una tappa fondamentale per rafforzare la rappresentanza dei datori di lavoro nei servizi alle famiglie e alle persone<\/strong> (PHS)<\/h2>\n\n\n\n<p>La <strong>Federazione Europea del Lavoro Domestico e dell\u2019Assistenza Domiciliare (EFFE)<\/strong> e la <strong>Federazione Europea dei Servizi alle Persone (EFSI)<\/strong> sono liete di annunciare il lancio del loro <a href=\"https:\/\/www.effe-homecare.eu\/it\/publication\/toolkit-per-il-rafforzamento-delle-capacita-dei-datori-di-lavoro-del-dettore-dei-servizi-per-la-persona-e-la-famiglia-phs\/\"><strong>Toolkit per il Rafforzamento delle Capacit\u00e0 dei Datori di Lavoro nel Settore dei Servizi alla Persona<\/strong> <strong>e del Lavoro Domestico<\/strong><\/a>, sviluppato nell\u2019ambito del progetto <strong><a href=\"https:\/\/www.effe-homecare.eu\/it\/phsdialogue\/\">PHSDialogue<\/a><\/strong> finanziato dall\u2019Unione Europea. Questa risorsa strategica \u00e8 pensata per sostenere le <strong>Organizzazioni Datoriali Settoriali (SEO)<\/strong> e le <strong>Organizzazioni di Categoria (BMO)<\/strong> attive nel settore dei <strong>Servizi alla Persona e alla Famiglia (PHS)<\/strong> in tutta Europa, rafforzandone la capacit\u00e0 organizzativa, la rappresentanza e la sostenibilit\u00e0 a lungo termine.<\/p>\n\n\n\n<p><strong>Sostenere un settore che sostiene le famiglie e le comunit\u00e0<\/strong><\/p>\n\n\n\n<p>Il settore dei PHS fornisce una vasta gamma di servizi essenziali per il benessere delle famiglie e delle comunit\u00e0. Tra questi vi sono attivit\u00e0 di <strong>cura diretta<\/strong>, come l\u2019assistenza all\u2019infanzia, agli anziani e alle persone con disabilit\u00e0, e <strong>servizi indiretti<\/strong> come la pulizia, la cucina, la manutenzione del giardino e le piccole riparazioni domestiche. Secondo i dati raccolti da EFFE ed EFSI, le attivit\u00e0 pi\u00f9 diffuse riguardano l\u2019assistenza agli anziani, alle persone con disabilit\u00e0, la cura dei bambini, la pulizia e la stiratura. Tuttavia, tali servizi sono spesso erogati tramite forme di impiego informali o contrattualmente complesse.<\/p>\n\n\n\n<p>I servizi PHS possono essere forniti tramite <strong>impiego diretto<\/strong> (persone che assumono direttamente lavoratori), <strong>impiego indiretto<\/strong> (tramite fornitori di servizi) o <strong>modelli alternativi<\/strong> come il lavoro autonomo, l\u2019interinale o le piattaforme digitali. Nonostante la variet\u00e0 dei modelli, tutti i datori di lavoro si trovano ad affrontare sfide simili, in particolare legate al <strong>domicilio privato come luogo di lavoro<\/strong>, con tutte le complessit\u00e0 normative, di qualit\u00e0 e di dialogo sociale che ne derivano.<\/p>\n\n\n\n<p><strong>Il bisogno di rafforzare le organizzazioni dei datori di lavor<\/strong><\/p>\n\n\n\n<p>Il progetto <strong>PHSDialogue<\/strong> getta le basi per l\u2019avvio di un <strong>Dialogo Sociale Settoriale Europeo<\/strong> nel settore PHS e mira a potenziare la capacit\u00e0 istituzionale e contrattuale delle organizzazioni datoriali e sindacali. In particolare, il <strong>Pacchetto di Lavoro 4<\/strong> si concentra sull\u2019individuazione di strategie efficaci per rafforzare le capacit\u00e0 delle organizzazioni datoriali a livello nazionale ed europeo.<\/p>\n\n\n\n<p>In questo contesto, EFFE ed EFSI hanno sviluppato il <strong>Toolkit per il Rafforzamento delle Capacit\u00e0 dei Datori di Lavoro<\/strong>, basandosi direttamente sull\u2019esperienza e sui bisogni dei propri membri. Il toolkit \u00e8 una guida pratica pensata per aiutare le SEO e le BMO a orientarsi nel contesto politico e del mercato del lavoro in evoluzione, partecipare attivamente al dialogo sociale e garantire relazioni di lavoro eque ed efficaci.<\/p>\n\n\n\n<p><strong>Toolkit pratico per un impatto concreto<\/strong><\/p>\n\n\n\n<p>Il toolkit \u00e8 articolato in <strong>quattro sezioni principali<\/strong>:<\/p>\n\n\n\n<ul class=\"wp-block-list\">\n<li><strong>Sezione 1: Comprendere il rafforzamento delle capacit\u00e0<\/strong><br>Definisce il concetto e ne evidenzia l\u2019importanza per garantire sostenibilit\u00e0, efficacia e resilienza delle organizzazioni datoriali.<\/li>\n\n\n\n<li><strong>Sezione 2: Il dialogo sociale come priorit\u00e0 strategica<\/strong><br>Illustra come le organizzazioni dei datori di lavoro possano collaborare efficacemente con i rappresentanti dei lavoratori, le istituzioni e altri attori, sottolineando il ruolo centrale del dialogo sociale nella definizione delle politiche.<\/li>\n\n\n\n<li><strong>Sezione 3: Identificare le lacune di capacit\u00e0<\/strong><br>Analizza le carenze comuni e specifiche del settore, come la frammentazione della rappresentanza, la scarsit\u00e0 di risorse e le strutture organizzative poco sviluppate.<\/li>\n\n\n\n<li><strong>Sezione 4: Strumenti e approcci operativi<\/strong><br>Offre raccomandazioni pratiche e risorse per migliorare la governance, la comunicazione, la rappresentanza, l\u2019erogazione dei servizi e lo sviluppo associativo.<\/li>\n<\/ul>\n\n\n\n<p>Il toolkit include anche <strong>buone pratiche<\/strong> provenienti da diversi paesi europei, dimostrando che strategie su misura possono portare a risultati concreti e sostenibili anche in contesti nazionali molto eterogenei.<\/p>\n\n\n\n<p><strong>Per un settore PHS professionale e sostenibile<\/strong><\/p>\n\n\n\n<p>L\u2019obiettivo del toolkit non \u00e8 solo rafforzare le organizzazioni, ma contribuire allo sviluppo di un <strong>settore dei PHS professionale e sostenibile<\/strong>. Che si tratti di una SEO consolidata o di una BMO emergente, tutte le organizzazioni potranno utilizzare il toolkit per:<\/p>\n\n\n\n<ul class=\"wp-block-list\">\n<li>Riconoscere il ruolo fondamentale delle organizzazioni datoriali nello sviluppo del settore;<\/li>\n\n\n\n<li>Identificare e dare priorit\u00e0 ai propri bisogni di rafforzamento organizzativo;<\/li>\n\n\n\n<li>Migliorare la strategia e l\u2019operativit\u00e0 interna;<\/li>\n\n\n\n<li>Partecipare attivamente al dialogo sociale e alla contrattazione collettiva;<\/li>\n\n\n\n<li>Influenzare i processi decisionali a livello nazionale ed europeo.<\/li>\n<\/ul>\n\n\n\n<p><strong>Un passo avanti per i datori di lavoro del settore PHS in Europa<\/strong><\/p>\n\n\n\n<p>Rafforzando la capacit\u00e0 delle organizzazioni dei datori di lavoro, il <strong>Toolkit per il Rafforzamento delle Capacit\u00e0 dei Datori di Lavoro PHS<\/strong> contribuisce a costruire un settore pi\u00f9 <strong>inclusivo, resiliente e riconosciuto<\/strong>. Si inserisce pienamente nella visione di EFFE ed EFSI di <strong>professionalizzare il settore<\/strong>, garantire condizioni di lavoro dignitose e offrire servizi di qualit\u00e0 alle famiglie europee.<\/p>\n\n\n\n<p><strong>EFFE ed EFSI invitano tutti i partner sociali, decisori politici e stakeholder a esplorare il toolkit e a unirsi allo sforzo comune per rafforzare le fondamenta di un settore PHS sostenibile.<\/strong><\/p>\n","protected":false},"excerpt":{"rendered":"<p>Una tappa fondamentale per rafforzare la rappresentanza dei datori di lavoro nei servizi alle famiglie e alle persone (PHS) La Federazione Europea del Lavoro Domestico e dell\u2019Assistenza Domiciliare (EFFE) e la Federazione Europea dei Servizi alle Persone (EFSI) sono liete di annunciare il lancio del loro Toolkit per il Rafforzamento delle Capacit\u00e0 dei Datori di [&hellip;]<\/p>\n","protected":false},"author":6,"featured_media":0,"comment_status":"closed","ping_status":"closed","sticky":false,"template":"","format":"standard","meta":{"_acf_changed":false,"_monsterinsights_skip_tracking":false,"_monsterinsights_sitenote_active":false,"_monsterinsights_sitenote_note":"","_monsterinsights_sitenote_category":0,"footnotes":""},"categories":[86],"tags":[],"class_list":["post-9379","post","type-post","status-publish","format-standard","hentry","category-progetti-europei"],"acf":[],"yoast_head":"<!-- This site is optimized with the Yoast SEO plugin v27.3 - https:\/\/yoast.com\/product\/yoast-seo-wordpress\/ -->\n<title>EFFE ed EFSI lanciano il Toolkit per il Rafforzamento delle Capacit\u00e0 dei Datori di Lavoro nel Servizi alla Persona e del Lavoro Domestico - EFFE<\/title>\n<meta name=\"robots\" content=\"index, follow, max-snippet:-1, max-image-preview:large, max-video-preview:-1\" \/>\n<link rel=\"canonical\" href=\"https:\/\/www.effe-homecare.eu\/it\/effe-ed-efsi-lanciano-il-toolkit-per-il-rafforzamento-delle-capacita-dei-datori-di-lavoro-nel-servizi-alla-persona-e-del-lavoro-domestico\/\" \/>\n<meta property=\"og:locale\" content=\"it_IT\" \/>\n<meta property=\"og:type\" content=\"article\" \/>\n<meta property=\"og:title\" content=\"EFFE ed EFSI lanciano il Toolkit per il Rafforzamento delle Capacit\u00e0 dei Datori di Lavoro nel Servizi alla Persona e del Lavoro Domestico - EFFE\" \/>\n<meta property=\"og:description\" content=\"Una tappa fondamentale per rafforzare la rappresentanza dei datori di lavoro nei servizi alle famiglie e alle persone (PHS) La Federazione Europea del Lavoro Domestico e dell\u2019Assistenza Domiciliare (EFFE) e la Federazione Europea dei Servizi alle Persone (EFSI) sono liete di annunciare il lancio del loro Toolkit per il Rafforzamento delle Capacit\u00e0 dei Datori di [&hellip;]\" \/>\n<meta property=\"og:url\" content=\"https:\/\/www.effe-homecare.eu\/it\/effe-ed-efsi-lanciano-il-toolkit-per-il-rafforzamento-delle-capacita-dei-datori-di-lavoro-nel-servizi-alla-persona-e-del-lavoro-domestico\/\" \/>\n<meta property=\"og:site_name\" content=\"EFFE\" \/>\n<meta property=\"article:published_time\" content=\"2025-06-23T14:50:39+00:00\" \/>\n<meta property=\"article:modified_time\" content=\"2025-06-24T15:10:43+00:00\" \/>\n<meta name=\"author\" content=\"Thomas Hector\" \/>\n<meta name=\"twitter:card\" content=\"summary_large_image\" \/>\n<meta name=\"twitter:label1\" content=\"Scritto da\" \/>\n\t<meta name=\"twitter:data1\" content=\"Thomas Hector\" \/>\n\t<meta name=\"twitter:label2\" content=\"Tempo di lettura stimato\" \/>\n\t<meta name=\"twitter:data2\" content=\"5 minuti\" \/>\n<script type=\"application\/ld+json\" class=\"yoast-schema-graph\">{\"@context\":\"https:\\\/\\\/schema.org\",\"@graph\":[{\"@type\":\"Article\",\"@id\":\"https:\\\/\\\/www.effe-homecare.eu\\\/it\\\/effe-ed-efsi-lanciano-il-toolkit-per-il-rafforzamento-delle-capacita-dei-datori-di-lavoro-nel-servizi-alla-persona-e-del-lavoro-domestico\\\/#article\",\"isPartOf\":{\"@id\":\"https:\\\/\\\/www.effe-homecare.eu\\\/it\\\/effe-ed-efsi-lanciano-il-toolkit-per-il-rafforzamento-delle-capacita-dei-datori-di-lavoro-nel-servizi-alla-persona-e-del-lavoro-domestico\\\/\"},\"author\":{\"name\":\"Thomas Hector\",\"@id\":\"https:\\\/\\\/www.effe-homecare.eu\\\/it\\\/#\\\/schema\\\/person\\\/e6ba740027c6a6d08af528b4707e6622\"},\"headline\":\"EFFE ed EFSI lanciano il Toolkit per il Rafforzamento delle Capacit\u00e0 dei Datori di Lavoro nel Servizi alla Persona e del Lavoro Domestico\",\"datePublished\":\"2025-06-23T14:50:39+00:00\",\"dateModified\":\"2025-06-24T15:10:43+00:00\",\"mainEntityOfPage\":{\"@id\":\"https:\\\/\\\/www.effe-homecare.eu\\\/it\\\/effe-ed-efsi-lanciano-il-toolkit-per-il-rafforzamento-delle-capacita-dei-datori-di-lavoro-nel-servizi-alla-persona-e-del-lavoro-domestico\\\/\"},\"wordCount\":814,\"articleSection\":[\"progetti europei\"],\"inLanguage\":\"it-IT\"},{\"@type\":\"WebPage\",\"@id\":\"https:\\\/\\\/www.effe-homecare.eu\\\/it\\\/effe-ed-efsi-lanciano-il-toolkit-per-il-rafforzamento-delle-capacita-dei-datori-di-lavoro-nel-servizi-alla-persona-e-del-lavoro-domestico\\\/\",\"url\":\"https:\\\/\\\/www.effe-homecare.eu\\\/it\\\/effe-ed-efsi-lanciano-il-toolkit-per-il-rafforzamento-delle-capacita-dei-datori-di-lavoro-nel-servizi-alla-persona-e-del-lavoro-domestico\\\/\",\"name\":\"EFFE ed EFSI lanciano il Toolkit per il Rafforzamento delle Capacit\u00e0 dei Datori di Lavoro nel Servizi alla Persona e del Lavoro Domestico - EFFE\",\"isPartOf\":{\"@id\":\"https:\\\/\\\/www.effe-homecare.eu\\\/it\\\/#website\"},\"datePublished\":\"2025-06-23T14:50:39+00:00\",\"dateModified\":\"2025-06-24T15:10:43+00:00\",\"author\":{\"@id\":\"https:\\\/\\\/www.effe-homecare.eu\\\/it\\\/#\\\/schema\\\/person\\\/e6ba740027c6a6d08af528b4707e6622\"},\"breadcrumb\":{\"@id\":\"https:\\\/\\\/www.effe-homecare.eu\\\/it\\\/effe-ed-efsi-lanciano-il-toolkit-per-il-rafforzamento-delle-capacita-dei-datori-di-lavoro-nel-servizi-alla-persona-e-del-lavoro-domestico\\\/#breadcrumb\"},\"inLanguage\":\"it-IT\",\"potentialAction\":[{\"@type\":\"ReadAction\",\"target\":[\"https:\\\/\\\/www.effe-homecare.eu\\\/it\\\/effe-ed-efsi-lanciano-il-toolkit-per-il-rafforzamento-delle-capacita-dei-datori-di-lavoro-nel-servizi-alla-persona-e-del-lavoro-domestico\\\/\"]}]},{\"@type\":\"BreadcrumbList\",\"@id\":\"https:\\\/\\\/www.effe-homecare.eu\\\/it\\\/effe-ed-efsi-lanciano-il-toolkit-per-il-rafforzamento-delle-capacita-dei-datori-di-lavoro-nel-servizi-alla-persona-e-del-lavoro-domestico\\\/#breadcrumb\",\"itemListElement\":[{\"@type\":\"ListItem\",\"position\":1,\"name\":\"\",\"item\":\"https:\\\/\\\/www.effe-homecare.eu\\\/it\\\/\"},{\"@type\":\"ListItem\",\"position\":2,\"name\":\"EFFE ed EFSI lanciano il Toolkit per il Rafforzamento delle Capacit\u00e0 dei Datori di Lavoro nel Servizi alla Persona e del Lavoro Domestico\"}]},{\"@type\":\"WebSite\",\"@id\":\"https:\\\/\\\/www.effe-homecare.eu\\\/it\\\/#website\",\"url\":\"https:\\\/\\\/www.effe-homecare.eu\\\/it\\\/\",\"name\":\"EFFE\",\"description\":\"F\u00e9d\u00e9ration Europ\u00e9enne des Emplois et de la Famille\",\"potentialAction\":[{\"@type\":\"SearchAction\",\"target\":{\"@type\":\"EntryPoint\",\"urlTemplate\":\"https:\\\/\\\/www.effe-homecare.eu\\\/it\\\/?s={search_term_string}\"},\"query-input\":{\"@type\":\"PropertyValueSpecification\",\"valueRequired\":true,\"valueName\":\"search_term_string\"}}],\"inLanguage\":\"it-IT\"},{\"@type\":\"Person\",\"@id\":\"https:\\\/\\\/www.effe-homecare.eu\\\/it\\\/#\\\/schema\\\/person\\\/e6ba740027c6a6d08af528b4707e6622\",\"name\":\"Thomas Hector\",\"image\":{\"@type\":\"ImageObject\",\"inLanguage\":\"it-IT\",\"@id\":\"https:\\\/\\\/secure.gravatar.com\\\/avatar\\\/271213d1d93650bbc2c6f79507965bcb2eb1530a3de5ba0a65b68390e434b14d?s=96&d=mm&r=g\",\"url\":\"https:\\\/\\\/secure.gravatar.com\\\/avatar\\\/271213d1d93650bbc2c6f79507965bcb2eb1530a3de5ba0a65b68390e434b14d?s=96&d=mm&r=g\",\"contentUrl\":\"https:\\\/\\\/secure.gravatar.com\\\/avatar\\\/271213d1d93650bbc2c6f79507965bcb2eb1530a3de5ba0a65b68390e434b14d?s=96&d=mm&r=g\",\"caption\":\"Thomas Hector\"}}]}<\/script>\n<!-- \/ Yoast SEO plugin. -->","yoast_head_json":{"title":"EFFE ed EFSI lanciano il Toolkit per il Rafforzamento delle Capacit\u00e0 dei Datori di Lavoro nel Servizi alla Persona e del Lavoro Domestico - EFFE","robots":{"index":"index","follow":"follow","max-snippet":"max-snippet:-1","max-image-preview":"max-image-preview:large","max-video-preview":"max-video-preview:-1"},"canonical":"https:\/\/www.effe-homecare.eu\/it\/effe-ed-efsi-lanciano-il-toolkit-per-il-rafforzamento-delle-capacita-dei-datori-di-lavoro-nel-servizi-alla-persona-e-del-lavoro-domestico\/","og_locale":"it_IT","og_type":"article","og_title":"EFFE ed EFSI lanciano il Toolkit per il Rafforzamento delle Capacit\u00e0 dei Datori di Lavoro nel Servizi alla Persona e del Lavoro Domestico - EFFE","og_description":"Una tappa fondamentale per rafforzare la rappresentanza dei datori di lavoro nei servizi alle famiglie e alle persone (PHS) La Federazione Europea del Lavoro Domestico e dell\u2019Assistenza Domiciliare (EFFE) e la Federazione Europea dei Servizi alle Persone (EFSI) sono liete di annunciare il lancio del loro Toolkit per il Rafforzamento delle Capacit\u00e0 dei Datori di [&hellip;]","og_url":"https:\/\/www.effe-homecare.eu\/it\/effe-ed-efsi-lanciano-il-toolkit-per-il-rafforzamento-delle-capacita-dei-datori-di-lavoro-nel-servizi-alla-persona-e-del-lavoro-domestico\/","og_site_name":"EFFE","article_published_time":"2025-06-23T14:50:39+00:00","article_modified_time":"2025-06-24T15:10:43+00:00","author":"Thomas Hector","twitter_card":"summary_large_image","twitter_misc":{"Scritto da":"Thomas Hector","Tempo di lettura stimato":"5 minuti"},"schema":{"@context":"https:\/\/schema.org","@graph":[{"@type":"Article","@id":"https:\/\/www.effe-homecare.eu\/it\/effe-ed-efsi-lanciano-il-toolkit-per-il-rafforzamento-delle-capacita-dei-datori-di-lavoro-nel-servizi-alla-persona-e-del-lavoro-domestico\/#article","isPartOf":{"@id":"https:\/\/www.effe-homecare.eu\/it\/effe-ed-efsi-lanciano-il-toolkit-per-il-rafforzamento-delle-capacita-dei-datori-di-lavoro-nel-servizi-alla-persona-e-del-lavoro-domestico\/"},"author":{"name":"Thomas Hector","@id":"https:\/\/www.effe-homecare.eu\/it\/#\/schema\/person\/e6ba740027c6a6d08af528b4707e6622"},"headline":"EFFE ed EFSI lanciano il Toolkit per il Rafforzamento delle Capacit\u00e0 dei Datori di Lavoro nel Servizi alla Persona e del Lavoro Domestico","datePublished":"2025-06-23T14:50:39+00:00","dateModified":"2025-06-24T15:10:43+00:00","mainEntityOfPage":{"@id":"https:\/\/www.effe-homecare.eu\/it\/effe-ed-efsi-lanciano-il-toolkit-per-il-rafforzamento-delle-capacita-dei-datori-di-lavoro-nel-servizi-alla-persona-e-del-lavoro-domestico\/"},"wordCount":814,"articleSection":["progetti europei"],"inLanguage":"it-IT"},{"@type":"WebPage","@id":"https:\/\/www.effe-homecare.eu\/it\/effe-ed-efsi-lanciano-il-toolkit-per-il-rafforzamento-delle-capacita-dei-datori-di-lavoro-nel-servizi-alla-persona-e-del-lavoro-domestico\/","url":"https:\/\/www.effe-homecare.eu\/it\/effe-ed-efsi-lanciano-il-toolkit-per-il-rafforzamento-delle-capacita-dei-datori-di-lavoro-nel-servizi-alla-persona-e-del-lavoro-domestico\/","name":"EFFE ed EFSI lanciano il Toolkit per il Rafforzamento delle Capacit\u00e0 dei Datori di Lavoro nel Servizi alla Persona e del Lavoro Domestico - EFFE","isPartOf":{"@id":"https:\/\/www.effe-homecare.eu\/it\/#website"},"datePublished":"2025-06-23T14:50:39+00:00","dateModified":"2025-06-24T15:10:43+00:00","author":{"@id":"https:\/\/www.effe-homecare.eu\/it\/#\/schema\/person\/e6ba740027c6a6d08af528b4707e6622"},"breadcrumb":{"@id":"https:\/\/www.effe-homecare.eu\/it\/effe-ed-efsi-lanciano-il-toolkit-per-il-rafforzamento-delle-capacita-dei-datori-di-lavoro-nel-servizi-alla-persona-e-del-lavoro-domestico\/#breadcrumb"},"inLanguage":"it-IT","potentialAction":[{"@type":"ReadAction","target":["https:\/\/www.effe-homecare.eu\/it\/effe-ed-efsi-lanciano-il-toolkit-per-il-rafforzamento-delle-capacita-dei-datori-di-lavoro-nel-servizi-alla-persona-e-del-lavoro-domestico\/"]}]},{"@type":"BreadcrumbList","@id":"https:\/\/www.effe-homecare.eu\/it\/effe-ed-efsi-lanciano-il-toolkit-per-il-rafforzamento-delle-capacita-dei-datori-di-lavoro-nel-servizi-alla-persona-e-del-lavoro-domestico\/#breadcrumb","itemListElement":[{"@type":"ListItem","position":1,"name":"","item":"https:\/\/www.effe-homecare.eu\/it\/"},{"@type":"ListItem","position":2,"name":"EFFE ed EFSI lanciano il Toolkit per il Rafforzamento delle Capacit\u00e0 dei Datori di Lavoro nel Servizi alla Persona e del Lavoro Domestico"}]},{"@type":"WebSite","@id":"https:\/\/www.effe-homecare.eu\/it\/#website","url":"https:\/\/www.effe-homecare.eu\/it\/","name":"EFFE","description":"F\u00e9d\u00e9ration Europ\u00e9enne des Emplois et de la Famille","potentialAction":[{"@type":"SearchAction","target":{"@type":"EntryPoint","urlTemplate":"https:\/\/www.effe-homecare.eu\/it\/?s={search_term_string}"},"query-input":{"@type":"PropertyValueSpecification","valueRequired":true,"valueName":"search_term_string"}}],"inLanguage":"it-IT"},{"@type":"Person","@id":"https:\/\/www.effe-homecare.eu\/it\/#\/schema\/person\/e6ba740027c6a6d08af528b4707e6622","name":"Thomas Hector","image":{"@type":"ImageObject","inLanguage":"it-IT","@id":"https:\/\/secure.gravatar.com\/avatar\/271213d1d93650bbc2c6f79507965bcb2eb1530a3de5ba0a65b68390e434b14d?s=96&d=mm&r=g","url":"https:\/\/secure.gravatar.com\/avatar\/271213d1d93650bbc2c6f79507965bcb2eb1530a3de5ba0a65b68390e434b14d?s=96&d=mm&r=g","contentUrl":"https:\/\/secure.gravatar.com\/avatar\/271213d1d93650bbc2c6f79507965bcb2eb1530a3de5ba0a65b68390e434b14d?s=96&d=mm&r=g","caption":"Thomas Hector"}}]}},"_links":{"self":[{"href":"https:\/\/www.effe-homecare.eu\/it\/wp-json\/wp\/v2\/posts\/9379","targetHints":{"allow":["GET"]}}],"collection":[{"href":"https:\/\/www.effe-homecare.eu\/it\/wp-json\/wp\/v2\/posts"}],"about":[{"href":"https:\/\/www.effe-homecare.eu\/it\/wp-json\/wp\/v2\/types\/post"}],"author":[{"embeddable":true,"href":"https:\/\/www.effe-homecare.eu\/it\/wp-json\/wp\/v2\/users\/6"}],"replies":[{"embeddable":true,"href":"https:\/\/www.effe-homecare.eu\/it\/wp-json\/wp\/v2\/comments?post=9379"}],"version-history":[{"count":2,"href":"https:\/\/www.effe-homecare.eu\/it\/wp-json\/wp\/v2\/posts\/9379\/revisions"}],"predecessor-version":[{"id":9381,"href":"https:\/\/www.effe-homecare.eu\/it\/wp-json\/wp\/v2\/posts\/9379\/revisions\/9381"}],"wp:attachment":[{"href":"https:\/\/www.effe-homecare.eu\/it\/wp-json\/wp\/v2\/media?parent=9379"}],"wp:term":[{"taxonomy":"category","embeddable":true,"href":"https:\/\/www.effe-homecare.eu\/it\/wp-json\/wp\/v2\/categories?post=9379"},{"taxonomy":"post_tag","embeddable":true,"href":"https:\/\/www.effe-homecare.eu\/it\/wp-json\/wp\/v2\/tags?post=9379"}],"curies":[{"name":"wp","href":"https:\/\/api.w.org\/{rel}","templated":true}]}}