{"id":9333,"date":"2025-06-18T20:36:22","date_gmt":"2025-06-18T18:36:22","guid":{"rendered":"https:\/\/www.effe-homecare.eu\/?p=9333"},"modified":"2025-06-18T20:36:23","modified_gmt":"2025-06-18T18:36:23","slug":"effe-partecipa-al-webinar-europeo-sulle-sfide-della-forza-lavoro-nei-servizi-di-assistenza-a-lungo-termine","status":"publish","type":"post","link":"https:\/\/www.effe-homecare.eu\/it\/effe-partecipa-al-webinar-europeo-sulle-sfide-della-forza-lavoro-nei-servizi-di-assistenza-a-lungo-termine\/","title":{"rendered":"EFFE partecipa al webinar europeo sulle sfide della forza lavoro nei servizi di assistenza a lungo termine"},"content":{"rendered":"\n<p>Il 18 giugno 2025, EFFE ha partecipato al webinar organizzato dalla Commissione europea \u2013 DG Occupazione e Competenze, intitolato <em>\u201cTowards a more coherent framework for addressing long-term care workforce challenges: from evidence to policy responses\u201d<\/em>, nell\u2019ambito dell\u2019attuazione della Strategia europea per l\u2019assistenza. L\u2019evento online ha riunito un\u2019ampia gamma di attori europei \u2013 istituzioni, autorit\u00e0 nazionali, ricercatori, partner sociali, rappresentanti della societ\u00e0 civile \u2013 per affrontare le sfide cruciali che oggi colpiscono il settore dell\u2019assistenza a lungo termine (LTC).<\/p>\n\n\n\n<p><strong>Un contesto d\u2019urgenza per l\u2019occupazione nel lavoro domestico\u00a0<\/strong><\/p>\n\n\n\n<p>L\u2019assistenza a lungo termine \u00e8 al centro delle trasformazioni demografiche, sociali ed economiche in Europa. Tuttavia, il settore affronta una crisi di sostenibilit\u00e0: carenza di personale, condizioni di lavoro precarie, lavoro non dichiarato e sottoinvestimento cronico. Queste fragilit\u00e0 ostacolano l\u2019accesso delle famiglie a servizi di qualit\u00e0 e limitano il potenziale occupazionale ed economico del settore.<\/p>\n\n\n\n<p>In questo contesto, il webinar ha avuto tre obiettivi principali:<\/p>\n\n\n\n<ul class=\"wp-block-list\">\n<li>Condividere i dati e le evidenze pi\u00f9 recenti sul tema della forza lavoro nei servizi LTC;<\/li>\n\n\n\n<li>Favorire lo scambio di buone pratiche tra Stati membri e stakeholder;<\/li>\n\n\n\n<li>Promuovere soluzioni concrete per rafforzare l\u2019attrattivit\u00e0 e la sostenibilit\u00e0 del settore.<\/li>\n<\/ul>\n\n\n\n<p><strong>EFFE al centro del secondo workshop: diritti del lavoro, regolarizzazione e lavoro non dichiarato<\/strong><\/p>\n\n\n\n<p>EFFE \u00e8 stata invitata a intervenire nel secondo workshop, intitolato <em>\u201cLabour rights, enforcement and undeclared work\u201d<\/em>, insieme a Eurofound e all\u2019Autorit\u00e0 europea del lavoro (ELA). Il panel ha approfondito temi fondamentali: applicazione dei diritti del lavoro, protezione sociale per gli assistenti domiciliari, vulnerabilit\u00e0 dei lavoratori migranti e importanza di valorizzare il lavoro di cura come bene comune. \u00c8 stato inoltre sottolineato il ruolo chiave del dialogo sociale in un settore caratterizzato da una forte componente privata e informale.<\/p>\n\n\n\n<p>In questa occasione, EFFE ha presentato il suo strumento innovativo sviluppato all\u2019interno di EFFE Lab: il simulatore economico <strong><a href=\"https:\/\/www.effe-homecare.eu\/en\/dom-and-care-value\/\">Dom &amp; Care Value<\/a><\/strong>.<\/p>\n\n\n\n<p><strong>Dom &amp; Care Value: misurare l\u2019impatto delle politiche di incentivazione<\/strong><\/p>\n\n\n\n<p>Il simulatore <em>Dom &amp; Care Value<\/em> \u00e8 uno strumento di modellizzazione economica pensato per valutare l\u2019impatto delle politiche pubbliche volte a incentivare l\u2019occupazione dichiarata nell\u2019assistenza domiciliare. Attraverso la simulazione di vari meccanismi di solvibilit\u00e0 (voucher, crediti d\u2019imposta, conti individuali per l\u2019assistenza\u2026), consente di:<\/p>\n\n\n\n<ul class=\"wp-block-list\">\n<li>Stimare il ritorno dell\u2019investimento pubblico (in termini di contributi fiscali e previdenziali generati);<\/li>\n\n\n\n<li>Calcolare il beneficio netto per le famiglie e la loro capacit\u00e0 di accedere a servizi formali di qualit\u00e0;<\/li>\n\n\n\n<li>Simulare gli effetti sull\u2019occupazione regolare degli assistenti domiciliari.<\/li>\n<\/ul>\n\n\n\n<p>Un tale strumento \u00e8 essenziale per orientare le politiche pubbliche su basi solide e comparabili tra gli Stati membri, soprattutto in un contesto in cui le risposte nazionali alla Raccomandazione del Consiglio sull\u2019assistenza a lungo termine risultano ancora molto eterogenee.<\/p>\n\n\n\n<p>Dalla sua <a href=\"https:\/\/www.effe-homecare.eu\/it\/domcare-value-un-passo-chiave-verso-il-riconoscimento-dellassistenza-indiretta-nelle-politiche-europee\/\">presentazione ufficiale il 20 marzo 2025 al Parlamento europeo<\/a>, il simulatore <em>Dom &amp; Care Value<\/em> ha suscitato un crescente interesse da parte dei decisori politici europei e nazionali. EFFE \u00e8 stata invitata pi\u00f9 volte a presentarlo, in particolare il 5 giugno scorso presso la DG EMPL, nell\u2019ambito della serie di incontri <em>Triple A Talks<\/em>. Questi incontri, organizzati dalla Commissione europea, mirano a valorizzare le ricerche pi\u00f9 recenti in materia di occupazione e politiche sociali, coinvolgendo esperti accademici e attori della societ\u00e0 civile. Offrono cos\u00ec ai funzionari della DG Occupazione l\u2019opportunit\u00e0 di approfondire le conoscenze e alimentare la riflessione strategica sulle politiche pubbliche future. La partecipazione di EFFE testimonia il riconoscimento crescente del simulatore come strumento utile per l\u2019elaborazione delle politiche in un settore in evoluzione.<\/p>\n\n\n\n<p><strong>Quattro condizioni chiave per politiche efficaci<\/strong><\/p>\n\n\n\n<p>Durante il suo intervento, EFFE ha sottolineato che il settore dell\u2019assistenza domiciliare potr\u00e0 diventare sostenibile ed equo solo rispettando quattro principi fondamentali:<\/p>\n\n\n\n<ol start=\"1\" class=\"wp-block-list\">\n<li><strong>Valutazione della solvibilit\u00e0 delle famiglie<\/strong>, grazie a strumenti affidabili come <em>Dom &amp; Care Value<\/em>, per calibrare il sostegno pubblico.<\/li>\n\n\n\n<li><strong>Semplificazione degli strumenti<\/strong>, tramite sistemi facili da usare (voucher digitali, conti individuali), per ridurre i costi e gli ostacoli amministrativi.<\/li>\n\n\n\n<li><strong>Professionalizzazione strutturata<\/strong>, con percorsi di formazione riconosciuti, gestione delle competenze e politiche di qualit\u00e0 ambiziose.<\/li>\n\n\n\n<li><strong>Dialogo sociale rafforzato<\/strong>, per garantire condizioni di lavoro dignitose, una rappresentanza efficace di lavoratori e datori di lavoro, e una strategia condivisa contro il lavoro informale.<\/li>\n<\/ol>\n\n\n\n<p>EFFE accoglie con favore questa collaborazione con la Commissione europea e continuer\u00e0 a impegnarsi per la costruzione di un quadro europeo coerente, equo e sostenibile per l\u2019occupazione nel lavoro domestico.<\/p>\n","protected":false},"excerpt":{"rendered":"<p>Il 18 giugno 2025, EFFE ha partecipato al webinar organizzato dalla Commissione europea \u2013 DG Occupazione e Competenze, intitolato \u201cTowards a more coherent framework for addressing long-term care workforce challenges: from evidence to policy responses\u201d, nell\u2019ambito dell\u2019attuazione della Strategia europea per l\u2019assistenza. L\u2019evento online ha riunito un\u2019ampia gamma di attori europei \u2013 istituzioni, autorit\u00e0 nazionali, [&hellip;]<\/p>\n","protected":false},"author":6,"featured_media":0,"comment_status":"closed","ping_status":"closed","sticky":false,"template":"","format":"standard","meta":{"_acf_changed":false,"_monsterinsights_skip_tracking":false,"_monsterinsights_sitenote_active":false,"_monsterinsights_sitenote_note":"","_monsterinsights_sitenote_category":0,"footnotes":""},"categories":[83],"tags":[],"class_list":["post-9333","post","type-post","status-publish","format-standard","hentry","category-notizie"],"acf":[],"yoast_head":"<!-- This site is optimized with the Yoast SEO plugin v27.3 - https:\/\/yoast.com\/product\/yoast-seo-wordpress\/ -->\n<title>EFFE partecipa al webinar europeo sulle sfide della forza lavoro nei servizi di assistenza a lungo termine - EFFE<\/title>\n<meta name=\"robots\" content=\"index, follow, max-snippet:-1, max-image-preview:large, max-video-preview:-1\" \/>\n<link rel=\"canonical\" href=\"https:\/\/www.effe-homecare.eu\/it\/effe-partecipa-al-webinar-europeo-sulle-sfide-della-forza-lavoro-nei-servizi-di-assistenza-a-lungo-termine\/\" \/>\n<meta property=\"og:locale\" content=\"it_IT\" \/>\n<meta property=\"og:type\" content=\"article\" \/>\n<meta property=\"og:title\" content=\"EFFE partecipa al webinar europeo sulle sfide della forza lavoro nei servizi di assistenza a lungo termine - EFFE\" \/>\n<meta property=\"og:description\" content=\"Il 18 giugno 2025, EFFE ha partecipato al webinar organizzato dalla Commissione europea \u2013 DG Occupazione e Competenze, intitolato \u201cTowards a more coherent framework for addressing long-term care workforce challenges: from evidence to policy responses\u201d, nell\u2019ambito dell\u2019attuazione della Strategia europea per l\u2019assistenza. L\u2019evento online ha riunito un\u2019ampia gamma di attori europei \u2013 istituzioni, autorit\u00e0 nazionali, [&hellip;]\" \/>\n<meta property=\"og:url\" content=\"https:\/\/www.effe-homecare.eu\/it\/effe-partecipa-al-webinar-europeo-sulle-sfide-della-forza-lavoro-nei-servizi-di-assistenza-a-lungo-termine\/\" \/>\n<meta property=\"og:site_name\" content=\"EFFE\" \/>\n<meta property=\"article:published_time\" content=\"2025-06-18T18:36:22+00:00\" \/>\n<meta property=\"article:modified_time\" content=\"2025-06-18T18:36:23+00:00\" \/>\n<meta name=\"author\" content=\"Thomas Hector\" \/>\n<meta name=\"twitter:card\" content=\"summary_large_image\" \/>\n<meta name=\"twitter:label1\" content=\"Scritto da\" \/>\n\t<meta name=\"twitter:data1\" content=\"Thomas Hector\" \/>\n\t<meta name=\"twitter:label2\" content=\"Tempo di lettura stimato\" \/>\n\t<meta name=\"twitter:data2\" content=\"4 minuti\" \/>\n<script type=\"application\/ld+json\" class=\"yoast-schema-graph\">{\"@context\":\"https:\\\/\\\/schema.org\",\"@graph\":[{\"@type\":\"Article\",\"@id\":\"https:\\\/\\\/www.effe-homecare.eu\\\/it\\\/effe-partecipa-al-webinar-europeo-sulle-sfide-della-forza-lavoro-nei-servizi-di-assistenza-a-lungo-termine\\\/#article\",\"isPartOf\":{\"@id\":\"https:\\\/\\\/www.effe-homecare.eu\\\/it\\\/effe-partecipa-al-webinar-europeo-sulle-sfide-della-forza-lavoro-nei-servizi-di-assistenza-a-lungo-termine\\\/\"},\"author\":{\"name\":\"Thomas Hector\",\"@id\":\"https:\\\/\\\/www.effe-homecare.eu\\\/it\\\/#\\\/schema\\\/person\\\/e6ba740027c6a6d08af528b4707e6622\"},\"headline\":\"EFFE partecipa al webinar europeo sulle sfide della forza lavoro nei servizi di assistenza a lungo termine\",\"datePublished\":\"2025-06-18T18:36:22+00:00\",\"dateModified\":\"2025-06-18T18:36:23+00:00\",\"mainEntityOfPage\":{\"@id\":\"https:\\\/\\\/www.effe-homecare.eu\\\/it\\\/effe-partecipa-al-webinar-europeo-sulle-sfide-della-forza-lavoro-nei-servizi-di-assistenza-a-lungo-termine\\\/\"},\"wordCount\":730,\"articleSection\":[\"notizie\"],\"inLanguage\":\"it-IT\"},{\"@type\":\"WebPage\",\"@id\":\"https:\\\/\\\/www.effe-homecare.eu\\\/it\\\/effe-partecipa-al-webinar-europeo-sulle-sfide-della-forza-lavoro-nei-servizi-di-assistenza-a-lungo-termine\\\/\",\"url\":\"https:\\\/\\\/www.effe-homecare.eu\\\/it\\\/effe-partecipa-al-webinar-europeo-sulle-sfide-della-forza-lavoro-nei-servizi-di-assistenza-a-lungo-termine\\\/\",\"name\":\"EFFE partecipa al webinar europeo sulle sfide della forza lavoro nei servizi di assistenza a lungo termine - EFFE\",\"isPartOf\":{\"@id\":\"https:\\\/\\\/www.effe-homecare.eu\\\/it\\\/#website\"},\"datePublished\":\"2025-06-18T18:36:22+00:00\",\"dateModified\":\"2025-06-18T18:36:23+00:00\",\"author\":{\"@id\":\"https:\\\/\\\/www.effe-homecare.eu\\\/it\\\/#\\\/schema\\\/person\\\/e6ba740027c6a6d08af528b4707e6622\"},\"breadcrumb\":{\"@id\":\"https:\\\/\\\/www.effe-homecare.eu\\\/it\\\/effe-partecipa-al-webinar-europeo-sulle-sfide-della-forza-lavoro-nei-servizi-di-assistenza-a-lungo-termine\\\/#breadcrumb\"},\"inLanguage\":\"it-IT\",\"potentialAction\":[{\"@type\":\"ReadAction\",\"target\":[\"https:\\\/\\\/www.effe-homecare.eu\\\/it\\\/effe-partecipa-al-webinar-europeo-sulle-sfide-della-forza-lavoro-nei-servizi-di-assistenza-a-lungo-termine\\\/\"]}]},{\"@type\":\"BreadcrumbList\",\"@id\":\"https:\\\/\\\/www.effe-homecare.eu\\\/it\\\/effe-partecipa-al-webinar-europeo-sulle-sfide-della-forza-lavoro-nei-servizi-di-assistenza-a-lungo-termine\\\/#breadcrumb\",\"itemListElement\":[{\"@type\":\"ListItem\",\"position\":1,\"name\":\"\",\"item\":\"https:\\\/\\\/www.effe-homecare.eu\\\/it\\\/\"},{\"@type\":\"ListItem\",\"position\":2,\"name\":\"EFFE partecipa al webinar europeo sulle sfide della forza lavoro nei servizi di assistenza a lungo termine\"}]},{\"@type\":\"WebSite\",\"@id\":\"https:\\\/\\\/www.effe-homecare.eu\\\/it\\\/#website\",\"url\":\"https:\\\/\\\/www.effe-homecare.eu\\\/it\\\/\",\"name\":\"EFFE\",\"description\":\"F\u00e9d\u00e9ration Europ\u00e9enne des Emplois et de la Famille\",\"potentialAction\":[{\"@type\":\"SearchAction\",\"target\":{\"@type\":\"EntryPoint\",\"urlTemplate\":\"https:\\\/\\\/www.effe-homecare.eu\\\/it\\\/?s={search_term_string}\"},\"query-input\":{\"@type\":\"PropertyValueSpecification\",\"valueRequired\":true,\"valueName\":\"search_term_string\"}}],\"inLanguage\":\"it-IT\"},{\"@type\":\"Person\",\"@id\":\"https:\\\/\\\/www.effe-homecare.eu\\\/it\\\/#\\\/schema\\\/person\\\/e6ba740027c6a6d08af528b4707e6622\",\"name\":\"Thomas Hector\",\"image\":{\"@type\":\"ImageObject\",\"inLanguage\":\"it-IT\",\"@id\":\"https:\\\/\\\/secure.gravatar.com\\\/avatar\\\/271213d1d93650bbc2c6f79507965bcb2eb1530a3de5ba0a65b68390e434b14d?s=96&d=mm&r=g\",\"url\":\"https:\\\/\\\/secure.gravatar.com\\\/avatar\\\/271213d1d93650bbc2c6f79507965bcb2eb1530a3de5ba0a65b68390e434b14d?s=96&d=mm&r=g\",\"contentUrl\":\"https:\\\/\\\/secure.gravatar.com\\\/avatar\\\/271213d1d93650bbc2c6f79507965bcb2eb1530a3de5ba0a65b68390e434b14d?s=96&d=mm&r=g\",\"caption\":\"Thomas Hector\"}}]}<\/script>\n<!-- \/ Yoast SEO plugin. -->","yoast_head_json":{"title":"EFFE partecipa al webinar europeo sulle sfide della forza lavoro nei servizi di assistenza a lungo termine - EFFE","robots":{"index":"index","follow":"follow","max-snippet":"max-snippet:-1","max-image-preview":"max-image-preview:large","max-video-preview":"max-video-preview:-1"},"canonical":"https:\/\/www.effe-homecare.eu\/it\/effe-partecipa-al-webinar-europeo-sulle-sfide-della-forza-lavoro-nei-servizi-di-assistenza-a-lungo-termine\/","og_locale":"it_IT","og_type":"article","og_title":"EFFE partecipa al webinar europeo sulle sfide della forza lavoro nei servizi di assistenza a lungo termine - EFFE","og_description":"Il 18 giugno 2025, EFFE ha partecipato al webinar organizzato dalla Commissione europea \u2013 DG Occupazione e Competenze, intitolato \u201cTowards a more coherent framework for addressing long-term care workforce challenges: from evidence to policy responses\u201d, nell\u2019ambito dell\u2019attuazione della Strategia europea per l\u2019assistenza. L\u2019evento online ha riunito un\u2019ampia gamma di attori europei \u2013 istituzioni, autorit\u00e0 nazionali, [&hellip;]","og_url":"https:\/\/www.effe-homecare.eu\/it\/effe-partecipa-al-webinar-europeo-sulle-sfide-della-forza-lavoro-nei-servizi-di-assistenza-a-lungo-termine\/","og_site_name":"EFFE","article_published_time":"2025-06-18T18:36:22+00:00","article_modified_time":"2025-06-18T18:36:23+00:00","author":"Thomas Hector","twitter_card":"summary_large_image","twitter_misc":{"Scritto da":"Thomas Hector","Tempo di lettura stimato":"4 minuti"},"schema":{"@context":"https:\/\/schema.org","@graph":[{"@type":"Article","@id":"https:\/\/www.effe-homecare.eu\/it\/effe-partecipa-al-webinar-europeo-sulle-sfide-della-forza-lavoro-nei-servizi-di-assistenza-a-lungo-termine\/#article","isPartOf":{"@id":"https:\/\/www.effe-homecare.eu\/it\/effe-partecipa-al-webinar-europeo-sulle-sfide-della-forza-lavoro-nei-servizi-di-assistenza-a-lungo-termine\/"},"author":{"name":"Thomas Hector","@id":"https:\/\/www.effe-homecare.eu\/it\/#\/schema\/person\/e6ba740027c6a6d08af528b4707e6622"},"headline":"EFFE partecipa al webinar europeo sulle sfide della forza lavoro nei servizi di assistenza a lungo termine","datePublished":"2025-06-18T18:36:22+00:00","dateModified":"2025-06-18T18:36:23+00:00","mainEntityOfPage":{"@id":"https:\/\/www.effe-homecare.eu\/it\/effe-partecipa-al-webinar-europeo-sulle-sfide-della-forza-lavoro-nei-servizi-di-assistenza-a-lungo-termine\/"},"wordCount":730,"articleSection":["notizie"],"inLanguage":"it-IT"},{"@type":"WebPage","@id":"https:\/\/www.effe-homecare.eu\/it\/effe-partecipa-al-webinar-europeo-sulle-sfide-della-forza-lavoro-nei-servizi-di-assistenza-a-lungo-termine\/","url":"https:\/\/www.effe-homecare.eu\/it\/effe-partecipa-al-webinar-europeo-sulle-sfide-della-forza-lavoro-nei-servizi-di-assistenza-a-lungo-termine\/","name":"EFFE partecipa al webinar europeo sulle sfide della forza lavoro nei servizi di assistenza a lungo termine - EFFE","isPartOf":{"@id":"https:\/\/www.effe-homecare.eu\/it\/#website"},"datePublished":"2025-06-18T18:36:22+00:00","dateModified":"2025-06-18T18:36:23+00:00","author":{"@id":"https:\/\/www.effe-homecare.eu\/it\/#\/schema\/person\/e6ba740027c6a6d08af528b4707e6622"},"breadcrumb":{"@id":"https:\/\/www.effe-homecare.eu\/it\/effe-partecipa-al-webinar-europeo-sulle-sfide-della-forza-lavoro-nei-servizi-di-assistenza-a-lungo-termine\/#breadcrumb"},"inLanguage":"it-IT","potentialAction":[{"@type":"ReadAction","target":["https:\/\/www.effe-homecare.eu\/it\/effe-partecipa-al-webinar-europeo-sulle-sfide-della-forza-lavoro-nei-servizi-di-assistenza-a-lungo-termine\/"]}]},{"@type":"BreadcrumbList","@id":"https:\/\/www.effe-homecare.eu\/it\/effe-partecipa-al-webinar-europeo-sulle-sfide-della-forza-lavoro-nei-servizi-di-assistenza-a-lungo-termine\/#breadcrumb","itemListElement":[{"@type":"ListItem","position":1,"name":"","item":"https:\/\/www.effe-homecare.eu\/it\/"},{"@type":"ListItem","position":2,"name":"EFFE partecipa al webinar europeo sulle sfide della forza lavoro nei servizi di assistenza a lungo termine"}]},{"@type":"WebSite","@id":"https:\/\/www.effe-homecare.eu\/it\/#website","url":"https:\/\/www.effe-homecare.eu\/it\/","name":"EFFE","description":"F\u00e9d\u00e9ration Europ\u00e9enne des Emplois et de la Famille","potentialAction":[{"@type":"SearchAction","target":{"@type":"EntryPoint","urlTemplate":"https:\/\/www.effe-homecare.eu\/it\/?s={search_term_string}"},"query-input":{"@type":"PropertyValueSpecification","valueRequired":true,"valueName":"search_term_string"}}],"inLanguage":"it-IT"},{"@type":"Person","@id":"https:\/\/www.effe-homecare.eu\/it\/#\/schema\/person\/e6ba740027c6a6d08af528b4707e6622","name":"Thomas Hector","image":{"@type":"ImageObject","inLanguage":"it-IT","@id":"https:\/\/secure.gravatar.com\/avatar\/271213d1d93650bbc2c6f79507965bcb2eb1530a3de5ba0a65b68390e434b14d?s=96&d=mm&r=g","url":"https:\/\/secure.gravatar.com\/avatar\/271213d1d93650bbc2c6f79507965bcb2eb1530a3de5ba0a65b68390e434b14d?s=96&d=mm&r=g","contentUrl":"https:\/\/secure.gravatar.com\/avatar\/271213d1d93650bbc2c6f79507965bcb2eb1530a3de5ba0a65b68390e434b14d?s=96&d=mm&r=g","caption":"Thomas Hector"}}]}},"_links":{"self":[{"href":"https:\/\/www.effe-homecare.eu\/it\/wp-json\/wp\/v2\/posts\/9333","targetHints":{"allow":["GET"]}}],"collection":[{"href":"https:\/\/www.effe-homecare.eu\/it\/wp-json\/wp\/v2\/posts"}],"about":[{"href":"https:\/\/www.effe-homecare.eu\/it\/wp-json\/wp\/v2\/types\/post"}],"author":[{"embeddable":true,"href":"https:\/\/www.effe-homecare.eu\/it\/wp-json\/wp\/v2\/users\/6"}],"replies":[{"embeddable":true,"href":"https:\/\/www.effe-homecare.eu\/it\/wp-json\/wp\/v2\/comments?post=9333"}],"version-history":[{"count":2,"href":"https:\/\/www.effe-homecare.eu\/it\/wp-json\/wp\/v2\/posts\/9333\/revisions"}],"predecessor-version":[{"id":9335,"href":"https:\/\/www.effe-homecare.eu\/it\/wp-json\/wp\/v2\/posts\/9333\/revisions\/9335"}],"wp:attachment":[{"href":"https:\/\/www.effe-homecare.eu\/it\/wp-json\/wp\/v2\/media?parent=9333"}],"wp:term":[{"taxonomy":"category","embeddable":true,"href":"https:\/\/www.effe-homecare.eu\/it\/wp-json\/wp\/v2\/categories?post=9333"},{"taxonomy":"post_tag","embeddable":true,"href":"https:\/\/www.effe-homecare.eu\/it\/wp-json\/wp\/v2\/tags?post=9333"}],"curies":[{"name":"wp","href":"https:\/\/api.w.org\/{rel}","templated":true}]}}