{"id":9277,"date":"2025-05-22T14:28:32","date_gmt":"2025-05-22T12:28:32","guid":{"rendered":"https:\/\/www.effe-homecare.eu\/?p=9277"},"modified":"2025-05-26T14:34:48","modified_gmt":"2025-05-26T12:34:48","slug":"2a-sessione-plenaria-del-progetto-phs-dialogue-un-passo-decisivo-per-il-dialogo-sociale-europeo-nel-settore-dei-servizi-alla-persona-e-del-lavoro-domestico","status":"publish","type":"post","link":"https:\/\/www.effe-homecare.eu\/it\/2a-sessione-plenaria-del-progetto-phs-dialogue-un-passo-decisivo-per-il-dialogo-sociale-europeo-nel-settore-dei-servizi-alla-persona-e-del-lavoro-domestico\/","title":{"rendered":"2\u00aa sessione plenaria del progetto PHS Dialogue: un passo decisivo per il dialogo sociale europeo nel settore dei servizi alla persona e del lavoro domestico"},"content":{"rendered":"\n<p>Il 22 maggio scorso a Bruxelles, la seconda sessione plenaria del <a href=\"https:\/\/www.effe-homecare.eu\/it\/phsdialogue\/\">progetto <strong>PHS Dialogue<\/strong> <\/a>ha rappresentato una tappa fondamentale per il settore dei <strong>servizi alla persona e del lavoro domestico<\/strong> in Europa. Promossa dai partner sociali europei \u2013 <strong>EFFAT, EFFE, EFSI e Uni Europa<\/strong> \u2013 l\u2019iniziativa ha riunito i membri delle rispettive organizzazioni intorno a un obiettivo comune: <strong>gettare le basi per un dialogo sociale strutturato a livello dell\u2019Unione Europea<\/strong>.<\/p>\n\n\n\n<p>Le <strong>organizzazioni sindacali e datoriali del settore<\/strong>, membri delle nostre federazioni, si sono incontrate per <strong>confrontarsi, far avanzare il dibattito, condividere buone pratiche<\/strong> e <strong>portare alla luce le realt\u00e0, le problematiche e i bisogni specifici del settore<\/strong>. Il loro contributo ha permesso di rafforzare il programma di lavoro e alimentare le riflessioni in vista del prossimo progetto <strong>ScaleUp<\/strong>.<\/p>\n\n\n\n<p>Questo settore, che conta <strong>oltre 10 milioni di lavoratori nell\u2019UE<\/strong>, svolge un ruolo essenziale nella coesione sociale, garantendo <strong>supporto, autonomia e dignit\u00e0<\/strong> a milioni di cittadini. Tuttavia, continua ad essere <strong>sottorappresentato nelle politiche pubbliche<\/strong>, sia a livello nazionale che europeo.<\/p>\n\n\n\n<p>Al centro del dibattito, una convinzione condivisa: <strong>lo sviluppo di un dialogo sociale europeo \u00e8 indissociabile dal rafforzamento del dialogo sociale nazionale<\/strong>. I due livelli sono strettamente interconnessi e devono procedere in maniera coordinata per affrontare in modo efficace le sfide del settore: <strong>carenza di manodopera, lavoro non dichiarato, condizioni precarie, riconoscimento delle qualifiche<\/strong>\u2026<\/p>\n\n\n\n<p>L\u2019<strong>EFFE<\/strong>, che rappresenta i datori di lavoro privati a livello europeo, ha ribadito l\u2019importanza di <strong>dare voce a milioni di datori di lavoro \u201catipici\u201d<\/strong>, spesso invisibili nei quadri istituzionali. Il loro riconoscimento da parte della Commissione europea e degli Stati membri \u00e8 <strong>una condizione essenziale per l\u2019inclusione del settore nelle politiche sociali dell\u2019Unione<\/strong>.<\/p>\n\n\n\n<p>Durante la sessione sono stati presentati i <strong>risultati concreti<\/strong> del lavoro svolto negli ultimi mesi:<\/p>\n\n\n\n<ul class=\"wp-block-list\">\n<li>L\u2019<strong>adozione del nuovo programma di lavoro 2025\u20132027<\/strong> dei partner sociali<\/li>\n\n\n\n<li>La <strong>presentazione del rapporto sulle buone pratiche<\/strong> nella contrattazione collettiva a livello europeo<\/li>\n\n\n\n<li>Il <strong>lancio in anteprima della cassetta degli attrezzi per le organizzazioni datoriali del settore PHS<\/strong>, sviluppata congiuntamente da EFFE e EFSI<\/li>\n\n\n\n<li>Discussioni sulla <strong>strategia europea per l\u2019assistenza<\/strong>, sulla <strong>roadmap per lavori di qualit\u00e0<\/strong> e sulle <strong>nuove sfide legate alle piattaforme digitali<\/strong><\/li>\n<\/ul>\n\n\n\n<p>I partner del progetto hanno inoltre messo in evidenza il lavoro di <strong>mappatura degli attori sociali nei 27 Stati membri<\/strong>, nonch\u00e9 la diffusione di <strong>un\u2019indagine europea che ha raccolto oltre 6.500 contributi<\/strong>, tra cui molti da parte di datori di lavoro privati. Queste azioni dimostrano un impegno concreto per <strong>strutturare e professionalizzare il settore<\/strong>.<\/p>\n\n\n\n<p>Sulla scia di questa mobilitazione e dei progressi ottenuti, i partner sociali <strong>lanciano ufficialmente la nuova fase del loro impegno comune: il progetto ScaleUp<\/strong>. L\u2019obiettivo \u00e8 chiaro: <strong>rafforzare la strutturazione del settore e sostenere la crescita degli attori nazionali<\/strong>, affinch\u00e9 ciascuno possa agire nel proprio contesto, in linea con una visione europea condivisa.<\/p>\n\n\n\n<p>Il settore dei servizi alla persona e del lavoro domestico merita <strong>un riconoscimento all\u2019altezza del suo impatto quotidiano sulla vita di milioni di europei<\/strong>. Il <strong>dialogo sociale \u2013 europeo e nazionale \u2013 \u00e8 la chiave<\/strong> per ottenere questo riconoscimento, costruire soluzioni sostenibili e promuovere politiche sociali inclusive in tutta l\u2019UE.<\/p>\n","protected":false},"excerpt":{"rendered":"<p>Il 22 maggio scorso a Bruxelles, la seconda sessione plenaria del progetto PHS Dialogue ha rappresentato una tappa fondamentale per il settore dei servizi alla persona e del lavoro domestico in Europa. Promossa dai partner sociali europei \u2013 EFFAT, EFFE, EFSI e Uni Europa \u2013 l\u2019iniziativa ha riunito i membri delle rispettive organizzazioni intorno a [&hellip;]<\/p>\n","protected":false},"author":6,"featured_media":0,"comment_status":"closed","ping_status":"closed","sticky":false,"template":"","format":"standard","meta":{"_acf_changed":false,"_monsterinsights_skip_tracking":false,"_monsterinsights_sitenote_active":false,"_monsterinsights_sitenote_note":"","_monsterinsights_sitenote_category":0,"footnotes":""},"categories":[83,86],"tags":[],"class_list":["post-9277","post","type-post","status-publish","format-standard","hentry","category-notizie","category-progetti-europei"],"acf":[],"yoast_head":"<!-- This site is optimized with the Yoast SEO plugin v27.3 - https:\/\/yoast.com\/product\/yoast-seo-wordpress\/ -->\n<title>2\u00aa sessione plenaria del progetto PHS Dialogue: un passo decisivo per il dialogo sociale europeo nel settore dei servizi alla persona e del lavoro domestico - EFFE<\/title>\n<meta name=\"robots\" content=\"index, follow, max-snippet:-1, max-image-preview:large, max-video-preview:-1\" \/>\n<link rel=\"canonical\" href=\"https:\/\/www.effe-homecare.eu\/it\/2a-sessione-plenaria-del-progetto-phs-dialogue-un-passo-decisivo-per-il-dialogo-sociale-europeo-nel-settore-dei-servizi-alla-persona-e-del-lavoro-domestico\/\" \/>\n<meta property=\"og:locale\" content=\"it_IT\" \/>\n<meta property=\"og:type\" content=\"article\" \/>\n<meta property=\"og:title\" content=\"2\u00aa sessione plenaria del progetto PHS Dialogue: un passo decisivo per il dialogo sociale europeo nel settore dei servizi alla persona e del lavoro domestico - EFFE\" \/>\n<meta property=\"og:description\" content=\"Il 22 maggio scorso a Bruxelles, la seconda sessione plenaria del progetto PHS Dialogue ha rappresentato una tappa fondamentale per il settore dei servizi alla persona e del lavoro domestico in Europa. Promossa dai partner sociali europei \u2013 EFFAT, EFFE, EFSI e Uni Europa \u2013 l\u2019iniziativa ha riunito i membri delle rispettive organizzazioni intorno a [&hellip;]\" \/>\n<meta property=\"og:url\" content=\"https:\/\/www.effe-homecare.eu\/it\/2a-sessione-plenaria-del-progetto-phs-dialogue-un-passo-decisivo-per-il-dialogo-sociale-europeo-nel-settore-dei-servizi-alla-persona-e-del-lavoro-domestico\/\" \/>\n<meta property=\"og:site_name\" content=\"EFFE\" \/>\n<meta property=\"article:published_time\" content=\"2025-05-22T12:28:32+00:00\" \/>\n<meta property=\"article:modified_time\" content=\"2025-05-26T12:34:48+00:00\" \/>\n<meta name=\"author\" content=\"Thomas Hector\" \/>\n<meta name=\"twitter:card\" content=\"summary_large_image\" \/>\n<meta name=\"twitter:label1\" content=\"Scritto da\" \/>\n\t<meta name=\"twitter:data1\" content=\"Thomas Hector\" \/>\n\t<meta name=\"twitter:label2\" content=\"Tempo di lettura stimato\" \/>\n\t<meta name=\"twitter:data2\" content=\"3 minuti\" \/>\n<script type=\"application\/ld+json\" class=\"yoast-schema-graph\">{\"@context\":\"https:\\\/\\\/schema.org\",\"@graph\":[{\"@type\":\"Article\",\"@id\":\"https:\\\/\\\/www.effe-homecare.eu\\\/it\\\/2a-sessione-plenaria-del-progetto-phs-dialogue-un-passo-decisivo-per-il-dialogo-sociale-europeo-nel-settore-dei-servizi-alla-persona-e-del-lavoro-domestico\\\/#article\",\"isPartOf\":{\"@id\":\"https:\\\/\\\/www.effe-homecare.eu\\\/it\\\/2a-sessione-plenaria-del-progetto-phs-dialogue-un-passo-decisivo-per-il-dialogo-sociale-europeo-nel-settore-dei-servizi-alla-persona-e-del-lavoro-domestico\\\/\"},\"author\":{\"name\":\"Thomas Hector\",\"@id\":\"https:\\\/\\\/www.effe-homecare.eu\\\/it\\\/#\\\/schema\\\/person\\\/e6ba740027c6a6d08af528b4707e6622\"},\"headline\":\"2\u00aa sessione plenaria del progetto PHS Dialogue: un passo decisivo per il dialogo sociale europeo nel settore dei servizi alla persona e del lavoro domestico\",\"datePublished\":\"2025-05-22T12:28:32+00:00\",\"dateModified\":\"2025-05-26T12:34:48+00:00\",\"mainEntityOfPage\":{\"@id\":\"https:\\\/\\\/www.effe-homecare.eu\\\/it\\\/2a-sessione-plenaria-del-progetto-phs-dialogue-un-passo-decisivo-per-il-dialogo-sociale-europeo-nel-settore-dei-servizi-alla-persona-e-del-lavoro-domestico\\\/\"},\"wordCount\":535,\"articleSection\":[\"notizie\",\"progetti europei\"],\"inLanguage\":\"it-IT\"},{\"@type\":\"WebPage\",\"@id\":\"https:\\\/\\\/www.effe-homecare.eu\\\/it\\\/2a-sessione-plenaria-del-progetto-phs-dialogue-un-passo-decisivo-per-il-dialogo-sociale-europeo-nel-settore-dei-servizi-alla-persona-e-del-lavoro-domestico\\\/\",\"url\":\"https:\\\/\\\/www.effe-homecare.eu\\\/it\\\/2a-sessione-plenaria-del-progetto-phs-dialogue-un-passo-decisivo-per-il-dialogo-sociale-europeo-nel-settore-dei-servizi-alla-persona-e-del-lavoro-domestico\\\/\",\"name\":\"2\u00aa sessione plenaria del progetto PHS Dialogue: un passo decisivo per il dialogo sociale europeo nel settore dei servizi alla persona e del lavoro domestico - EFFE\",\"isPartOf\":{\"@id\":\"https:\\\/\\\/www.effe-homecare.eu\\\/it\\\/#website\"},\"datePublished\":\"2025-05-22T12:28:32+00:00\",\"dateModified\":\"2025-05-26T12:34:48+00:00\",\"author\":{\"@id\":\"https:\\\/\\\/www.effe-homecare.eu\\\/it\\\/#\\\/schema\\\/person\\\/e6ba740027c6a6d08af528b4707e6622\"},\"breadcrumb\":{\"@id\":\"https:\\\/\\\/www.effe-homecare.eu\\\/it\\\/2a-sessione-plenaria-del-progetto-phs-dialogue-un-passo-decisivo-per-il-dialogo-sociale-europeo-nel-settore-dei-servizi-alla-persona-e-del-lavoro-domestico\\\/#breadcrumb\"},\"inLanguage\":\"it-IT\",\"potentialAction\":[{\"@type\":\"ReadAction\",\"target\":[\"https:\\\/\\\/www.effe-homecare.eu\\\/it\\\/2a-sessione-plenaria-del-progetto-phs-dialogue-un-passo-decisivo-per-il-dialogo-sociale-europeo-nel-settore-dei-servizi-alla-persona-e-del-lavoro-domestico\\\/\"]}]},{\"@type\":\"BreadcrumbList\",\"@id\":\"https:\\\/\\\/www.effe-homecare.eu\\\/it\\\/2a-sessione-plenaria-del-progetto-phs-dialogue-un-passo-decisivo-per-il-dialogo-sociale-europeo-nel-settore-dei-servizi-alla-persona-e-del-lavoro-domestico\\\/#breadcrumb\",\"itemListElement\":[{\"@type\":\"ListItem\",\"position\":1,\"name\":\"\",\"item\":\"https:\\\/\\\/www.effe-homecare.eu\\\/it\\\/\"},{\"@type\":\"ListItem\",\"position\":2,\"name\":\"2\u00aa sessione plenaria del progetto PHS Dialogue: un passo decisivo per il dialogo sociale europeo nel settore dei servizi alla persona e del lavoro domestico\"}]},{\"@type\":\"WebSite\",\"@id\":\"https:\\\/\\\/www.effe-homecare.eu\\\/it\\\/#website\",\"url\":\"https:\\\/\\\/www.effe-homecare.eu\\\/it\\\/\",\"name\":\"EFFE\",\"description\":\"F\u00e9d\u00e9ration Europ\u00e9enne des Emplois et de la Famille\",\"potentialAction\":[{\"@type\":\"SearchAction\",\"target\":{\"@type\":\"EntryPoint\",\"urlTemplate\":\"https:\\\/\\\/www.effe-homecare.eu\\\/it\\\/?s={search_term_string}\"},\"query-input\":{\"@type\":\"PropertyValueSpecification\",\"valueRequired\":true,\"valueName\":\"search_term_string\"}}],\"inLanguage\":\"it-IT\"},{\"@type\":\"Person\",\"@id\":\"https:\\\/\\\/www.effe-homecare.eu\\\/it\\\/#\\\/schema\\\/person\\\/e6ba740027c6a6d08af528b4707e6622\",\"name\":\"Thomas Hector\",\"image\":{\"@type\":\"ImageObject\",\"inLanguage\":\"it-IT\",\"@id\":\"https:\\\/\\\/secure.gravatar.com\\\/avatar\\\/271213d1d93650bbc2c6f79507965bcb2eb1530a3de5ba0a65b68390e434b14d?s=96&d=mm&r=g\",\"url\":\"https:\\\/\\\/secure.gravatar.com\\\/avatar\\\/271213d1d93650bbc2c6f79507965bcb2eb1530a3de5ba0a65b68390e434b14d?s=96&d=mm&r=g\",\"contentUrl\":\"https:\\\/\\\/secure.gravatar.com\\\/avatar\\\/271213d1d93650bbc2c6f79507965bcb2eb1530a3de5ba0a65b68390e434b14d?s=96&d=mm&r=g\",\"caption\":\"Thomas Hector\"}}]}<\/script>\n<!-- \/ Yoast SEO plugin. -->","yoast_head_json":{"title":"2\u00aa sessione plenaria del progetto PHS Dialogue: un passo decisivo per il dialogo sociale europeo nel settore dei servizi alla persona e del lavoro domestico - EFFE","robots":{"index":"index","follow":"follow","max-snippet":"max-snippet:-1","max-image-preview":"max-image-preview:large","max-video-preview":"max-video-preview:-1"},"canonical":"https:\/\/www.effe-homecare.eu\/it\/2a-sessione-plenaria-del-progetto-phs-dialogue-un-passo-decisivo-per-il-dialogo-sociale-europeo-nel-settore-dei-servizi-alla-persona-e-del-lavoro-domestico\/","og_locale":"it_IT","og_type":"article","og_title":"2\u00aa sessione plenaria del progetto PHS Dialogue: un passo decisivo per il dialogo sociale europeo nel settore dei servizi alla persona e del lavoro domestico - EFFE","og_description":"Il 22 maggio scorso a Bruxelles, la seconda sessione plenaria del progetto PHS Dialogue ha rappresentato una tappa fondamentale per il settore dei servizi alla persona e del lavoro domestico in Europa. Promossa dai partner sociali europei \u2013 EFFAT, EFFE, EFSI e Uni Europa \u2013 l\u2019iniziativa ha riunito i membri delle rispettive organizzazioni intorno a [&hellip;]","og_url":"https:\/\/www.effe-homecare.eu\/it\/2a-sessione-plenaria-del-progetto-phs-dialogue-un-passo-decisivo-per-il-dialogo-sociale-europeo-nel-settore-dei-servizi-alla-persona-e-del-lavoro-domestico\/","og_site_name":"EFFE","article_published_time":"2025-05-22T12:28:32+00:00","article_modified_time":"2025-05-26T12:34:48+00:00","author":"Thomas Hector","twitter_card":"summary_large_image","twitter_misc":{"Scritto da":"Thomas Hector","Tempo di lettura stimato":"3 minuti"},"schema":{"@context":"https:\/\/schema.org","@graph":[{"@type":"Article","@id":"https:\/\/www.effe-homecare.eu\/it\/2a-sessione-plenaria-del-progetto-phs-dialogue-un-passo-decisivo-per-il-dialogo-sociale-europeo-nel-settore-dei-servizi-alla-persona-e-del-lavoro-domestico\/#article","isPartOf":{"@id":"https:\/\/www.effe-homecare.eu\/it\/2a-sessione-plenaria-del-progetto-phs-dialogue-un-passo-decisivo-per-il-dialogo-sociale-europeo-nel-settore-dei-servizi-alla-persona-e-del-lavoro-domestico\/"},"author":{"name":"Thomas Hector","@id":"https:\/\/www.effe-homecare.eu\/it\/#\/schema\/person\/e6ba740027c6a6d08af528b4707e6622"},"headline":"2\u00aa sessione plenaria del progetto PHS Dialogue: un passo decisivo per il dialogo sociale europeo nel settore dei servizi alla persona e del lavoro domestico","datePublished":"2025-05-22T12:28:32+00:00","dateModified":"2025-05-26T12:34:48+00:00","mainEntityOfPage":{"@id":"https:\/\/www.effe-homecare.eu\/it\/2a-sessione-plenaria-del-progetto-phs-dialogue-un-passo-decisivo-per-il-dialogo-sociale-europeo-nel-settore-dei-servizi-alla-persona-e-del-lavoro-domestico\/"},"wordCount":535,"articleSection":["notizie","progetti europei"],"inLanguage":"it-IT"},{"@type":"WebPage","@id":"https:\/\/www.effe-homecare.eu\/it\/2a-sessione-plenaria-del-progetto-phs-dialogue-un-passo-decisivo-per-il-dialogo-sociale-europeo-nel-settore-dei-servizi-alla-persona-e-del-lavoro-domestico\/","url":"https:\/\/www.effe-homecare.eu\/it\/2a-sessione-plenaria-del-progetto-phs-dialogue-un-passo-decisivo-per-il-dialogo-sociale-europeo-nel-settore-dei-servizi-alla-persona-e-del-lavoro-domestico\/","name":"2\u00aa sessione plenaria del progetto PHS Dialogue: un passo decisivo per il dialogo sociale europeo nel settore dei servizi alla persona e del lavoro domestico - EFFE","isPartOf":{"@id":"https:\/\/www.effe-homecare.eu\/it\/#website"},"datePublished":"2025-05-22T12:28:32+00:00","dateModified":"2025-05-26T12:34:48+00:00","author":{"@id":"https:\/\/www.effe-homecare.eu\/it\/#\/schema\/person\/e6ba740027c6a6d08af528b4707e6622"},"breadcrumb":{"@id":"https:\/\/www.effe-homecare.eu\/it\/2a-sessione-plenaria-del-progetto-phs-dialogue-un-passo-decisivo-per-il-dialogo-sociale-europeo-nel-settore-dei-servizi-alla-persona-e-del-lavoro-domestico\/#breadcrumb"},"inLanguage":"it-IT","potentialAction":[{"@type":"ReadAction","target":["https:\/\/www.effe-homecare.eu\/it\/2a-sessione-plenaria-del-progetto-phs-dialogue-un-passo-decisivo-per-il-dialogo-sociale-europeo-nel-settore-dei-servizi-alla-persona-e-del-lavoro-domestico\/"]}]},{"@type":"BreadcrumbList","@id":"https:\/\/www.effe-homecare.eu\/it\/2a-sessione-plenaria-del-progetto-phs-dialogue-un-passo-decisivo-per-il-dialogo-sociale-europeo-nel-settore-dei-servizi-alla-persona-e-del-lavoro-domestico\/#breadcrumb","itemListElement":[{"@type":"ListItem","position":1,"name":"","item":"https:\/\/www.effe-homecare.eu\/it\/"},{"@type":"ListItem","position":2,"name":"2\u00aa sessione plenaria del progetto PHS Dialogue: un passo decisivo per il dialogo sociale europeo nel settore dei servizi alla persona e del lavoro domestico"}]},{"@type":"WebSite","@id":"https:\/\/www.effe-homecare.eu\/it\/#website","url":"https:\/\/www.effe-homecare.eu\/it\/","name":"EFFE","description":"F\u00e9d\u00e9ration Europ\u00e9enne des Emplois et de la Famille","potentialAction":[{"@type":"SearchAction","target":{"@type":"EntryPoint","urlTemplate":"https:\/\/www.effe-homecare.eu\/it\/?s={search_term_string}"},"query-input":{"@type":"PropertyValueSpecification","valueRequired":true,"valueName":"search_term_string"}}],"inLanguage":"it-IT"},{"@type":"Person","@id":"https:\/\/www.effe-homecare.eu\/it\/#\/schema\/person\/e6ba740027c6a6d08af528b4707e6622","name":"Thomas Hector","image":{"@type":"ImageObject","inLanguage":"it-IT","@id":"https:\/\/secure.gravatar.com\/avatar\/271213d1d93650bbc2c6f79507965bcb2eb1530a3de5ba0a65b68390e434b14d?s=96&d=mm&r=g","url":"https:\/\/secure.gravatar.com\/avatar\/271213d1d93650bbc2c6f79507965bcb2eb1530a3de5ba0a65b68390e434b14d?s=96&d=mm&r=g","contentUrl":"https:\/\/secure.gravatar.com\/avatar\/271213d1d93650bbc2c6f79507965bcb2eb1530a3de5ba0a65b68390e434b14d?s=96&d=mm&r=g","caption":"Thomas Hector"}}]}},"_links":{"self":[{"href":"https:\/\/www.effe-homecare.eu\/it\/wp-json\/wp\/v2\/posts\/9277","targetHints":{"allow":["GET"]}}],"collection":[{"href":"https:\/\/www.effe-homecare.eu\/it\/wp-json\/wp\/v2\/posts"}],"about":[{"href":"https:\/\/www.effe-homecare.eu\/it\/wp-json\/wp\/v2\/types\/post"}],"author":[{"embeddable":true,"href":"https:\/\/www.effe-homecare.eu\/it\/wp-json\/wp\/v2\/users\/6"}],"replies":[{"embeddable":true,"href":"https:\/\/www.effe-homecare.eu\/it\/wp-json\/wp\/v2\/comments?post=9277"}],"version-history":[{"count":2,"href":"https:\/\/www.effe-homecare.eu\/it\/wp-json\/wp\/v2\/posts\/9277\/revisions"}],"predecessor-version":[{"id":9279,"href":"https:\/\/www.effe-homecare.eu\/it\/wp-json\/wp\/v2\/posts\/9277\/revisions\/9279"}],"wp:attachment":[{"href":"https:\/\/www.effe-homecare.eu\/it\/wp-json\/wp\/v2\/media?parent=9277"}],"wp:term":[{"taxonomy":"category","embeddable":true,"href":"https:\/\/www.effe-homecare.eu\/it\/wp-json\/wp\/v2\/categories?post=9277"},{"taxonomy":"post_tag","embeddable":true,"href":"https:\/\/www.effe-homecare.eu\/it\/wp-json\/wp\/v2\/tags?post=9277"}],"curies":[{"name":"wp","href":"https:\/\/api.w.org\/{rel}","templated":true}]}}