{"id":8910,"date":"2025-01-09T17:54:52","date_gmt":"2025-01-09T16:54:52","guid":{"rendered":"https:\/\/www.effe-homecare.eu\/?p=8910"},"modified":"2025-02-11T17:56:41","modified_gmt":"2025-02-11T16:56:41","slug":"rafforzare-le-capacita-dei-datori-di-lavoro-phs-principali-spunti-dal-webinar-phsdialogue","status":"publish","type":"post","link":"https:\/\/www.effe-homecare.eu\/it\/rafforzare-le-capacita-dei-datori-di-lavoro-phs-principali-spunti-dal-webinar-phsdialogue\/","title":{"rendered":"Rafforzare le Capacit\u00e0 dei Datori di Lavoro PHS: Principali Spunti dal Webinar PHSDialogue"},"content":{"rendered":"\n<p>Il 9 gennaio 2025, il webinar PHSDialogue, &#8220;Rafforzare le Capacit\u00e0 dei Datori di Lavoro PHS: Apprendere da Altri Settori&#8221;, ha riunito attori chiave per esplorare strategie volte a rafforzare le capacit\u00e0 dei datori di lavoro nei servizi alla persona e alla famiglia (PHS). Organizzato da EFSI ed EFFE, l&#8217;evento ha presentato il progetto di guida per il rafforzamento delle capacit\u00e0 e condiviso preziose lezioni apprese da altri settori.<\/p>\n\n\n\n<p><strong>La Guida per il Rafforzamento delle Capacit\u00e0<\/strong><\/p>\n\n\n\n<p>Leonor Tavares, Responsabile delle Politiche presso EFSI, ha presentato questa guida\u2014la cui pubblicazione \u00e8 prevista per aprile 2025\u2014progettata per affrontare le sfide del settore PHS. La guida \u00e8 composta da quattro capitoli principali:<\/p>\n\n\n\n<ol start=\"1\" class=\"wp-block-list\">\n<li><strong>Fondamenti del Rafforzamento delle Capacit\u00e0<\/strong> \u2013 Sottolineare il dialogo sociale come pietra angolare dello sviluppo settoriale.<\/li>\n\n\n\n<li><strong>Sfide Generali<\/strong> \u2013 Identificare la mancanza di fiducia tra i partner sociali e la governance centralizzata come ostacoli principali.<\/li>\n\n\n\n<li><strong>Sfide Specifiche ai PHS<\/strong> \u2013 Affrontare la frammentazione del settore, la predominanza di piccoli attori e la debolezza della contrattazione collettiva.<\/li>\n\n\n\n<li><strong>Strumenti Pratici per le SEOs<\/strong> \u2013 Fornire linee guida su governance, advocacy, sviluppo dell\u2019adesione e comunicazione.<\/li>\n<\/ol>\n\n\n\n<p>Aude Boisseuil, Delegata Generale di EFFE, ha dettagliato strategie di governance e advocacy, incoraggiando le organizzazioni dei datori di lavoro settoriali (SEOs) a rafforzare il coinvolgimento dei membri, aumentare la visibilit\u00e0 e migliorare il dialogo con i decisori politici.<\/p>\n\n\n\n<p><strong>Prospettive Intersettoriali<\/strong><\/p>\n\n\n\n<p>Esperti dei settori delle costruzioni, degli imprenditori sociali e dell\u2019industria ungherese hanno condiviso prospettive applicabili al settore PHS:<\/p>\n\n\n\n<ul class=\"wp-block-list\">\n<li><strong>Settore delle Costruzioni (FIEC)<\/strong> \u2013 Christine Le Forestier, Direttrice degli Affari Sociali presso la Federazione Europea dell&#8217;Industria delle Costruzioni (FIEC), ha evidenziato somiglianze settoriali, tra cui la frammentazione della forza lavoro e le sfide legate alla migrazione. Iniziative come DESOCO (dialogo sociale decentralizzato) e TUWIC (lotta al lavoro non dichiarato) hanno offerto strategie trasferibili.<\/li>\n\n\n\n<li><strong>Federazione degli Imprenditori Sociali<\/strong> \u2013 Sylvain Renouvel, Direttore della Federazione Europea degli Imprenditori Sociali, ha presentato il progetto IWorCon, che ha sviluppato una guida sulla crescita delle adesioni, la diversificazione finanziaria e un&#8217;efficace attivit\u00e0 di advocacy.<\/li>\n\n\n\n<li><strong>Confederazione degli Imprenditori Ungheresi<\/strong> \u2013 Adrienn B\u00e1lint, Direttrice degli Affari Sociali di Business Hungary (MGYOSZ), ha condiviso le lezioni apprese dai progetti CORE 1 e CORE 2, focalizzati sulla resilienza alla pandemia COVID-19 e sull\u2019adattamento alla transizione ecologica.<\/li>\n<\/ul>\n\n\n\n<p><strong>Prospettive Future<\/strong><\/p>\n\n\n\n<p>Il webinar PHSDialogue ha evidenziato il valore dell&#8217;apprendimento intersettoriale e degli strumenti pratici per affrontare le sfide del settore PHS. Con l&#8217;imminente pubblicazione della guida per il rafforzamento delle capacit\u00e0 nel 2025, il settore \u00e8 sulla buona strada per significativi progressi in materia di governance, advocacy e coinvolgimento dei datori di lavoro.<\/p>\n\n\n\n<div  class=\"dl-doc-block\" >\n        <div class=\"dl-doc-block__container\">\n        <div class=\"dl-doc-block__subcontainer\">\n            <div class=\"dl-block-left\">\n                                        <svg xmlns=\"http:\/\/www.w3.org\/2000\/svg\" viewBox=\"0 0 448 512\" fill=\"white\" width=\"52\" height=\"60\">\n                            <path class=\"fa-secondary\" opacity=\".4\" d=\"\" \/>\n                            <path class=\"fa-primary\" d=\"M443.3 267.3c6.2-6.2 6.2-16.4 0-22.6l-176-176c-6.2-6.2-16.4-6.2-22.6 0s-6.2 16.4 0 22.6L393.4 240 16 240c-8.8 0-16 7.2-16 16s7.2 16 16 16l377.4 0L244.7 420.7c-6.2 6.2-6.2 16.4 0 22.6s16.4 6.2 22.6 0l176-176z\" \/>\n                        <\/svg>\n                            <\/div>\n                        <div class=\"dl-block-right\">\n            <!-- <div class=\"dl-block-right dl-block-right__full\"> -->\n                <div class=\"dl-block-right__text\">\n                    <span class=\"dl-block-right__text-title\">Introduzione al Toolkit per il settore PHS<\/span>\n                                    <\/div>\n                                    <div class=\"dl-block-right__file\">\n                        <a href=\"https:\/\/www.effe-homecare.eu\/wp-content\/uploads\/2025\/02\/PHS-Dialogue_Toolkit-presentation_PHSDialogue-webinar.pdf\" download class=\"dl-block-right__file-link\">\n                            Download                        <\/a>\n                    <\/div>\n                            <\/div>\n        <\/div>\n    <\/div>\n<\/div>\n\n","protected":false},"excerpt":{"rendered":"<p>Il 9 gennaio 2025, il webinar PHSDialogue, &#8220;Rafforzare le Capacit\u00e0 dei Datori di Lavoro PHS: Apprendere da Altri Settori&#8221;, ha riunito attori chiave per esplorare strategie volte a rafforzare le capacit\u00e0 dei datori di lavoro nei servizi alla persona e alla famiglia (PHS). Organizzato da EFSI ed EFFE, l&#8217;evento ha presentato il progetto di guida [&hellip;]<\/p>\n","protected":false},"author":6,"featured_media":0,"comment_status":"closed","ping_status":"closed","sticky":false,"template":"","format":"standard","meta":{"_acf_changed":false,"_monsterinsights_skip_tracking":false,"_monsterinsights_sitenote_active":false,"_monsterinsights_sitenote_note":"","_monsterinsights_sitenote_category":0,"footnotes":""},"categories":[83,86],"tags":[],"class_list":["post-8910","post","type-post","status-publish","format-standard","hentry","category-notizie","category-progetti-europei"],"acf":[],"yoast_head":"<!-- This site is optimized with the Yoast SEO plugin v27.3 - https:\/\/yoast.com\/product\/yoast-seo-wordpress\/ -->\n<title>Rafforzare le Capacit\u00e0 dei Datori di Lavoro PHS: Principali Spunti dal Webinar PHSDialogue - EFFE<\/title>\n<meta name=\"robots\" content=\"index, follow, max-snippet:-1, max-image-preview:large, max-video-preview:-1\" \/>\n<link rel=\"canonical\" href=\"https:\/\/www.effe-homecare.eu\/it\/rafforzare-le-capacita-dei-datori-di-lavoro-phs-principali-spunti-dal-webinar-phsdialogue\/\" \/>\n<meta property=\"og:locale\" content=\"it_IT\" \/>\n<meta property=\"og:type\" content=\"article\" \/>\n<meta property=\"og:title\" content=\"Rafforzare le Capacit\u00e0 dei Datori di Lavoro PHS: Principali Spunti dal Webinar PHSDialogue - EFFE\" \/>\n<meta property=\"og:description\" content=\"Il 9 gennaio 2025, il webinar PHSDialogue, &#8220;Rafforzare le Capacit\u00e0 dei Datori di Lavoro PHS: Apprendere da Altri Settori&#8221;, ha riunito attori chiave per esplorare strategie volte a rafforzare le capacit\u00e0 dei datori di lavoro nei servizi alla persona e alla famiglia (PHS). Organizzato da EFSI ed EFFE, l&#8217;evento ha presentato il progetto di guida [&hellip;]\" \/>\n<meta property=\"og:url\" content=\"https:\/\/www.effe-homecare.eu\/it\/rafforzare-le-capacita-dei-datori-di-lavoro-phs-principali-spunti-dal-webinar-phsdialogue\/\" \/>\n<meta property=\"og:site_name\" content=\"EFFE\" \/>\n<meta property=\"article:published_time\" content=\"2025-01-09T16:54:52+00:00\" \/>\n<meta property=\"article:modified_time\" content=\"2025-02-11T16:56:41+00:00\" \/>\n<meta name=\"author\" content=\"Thomas Hector\" \/>\n<meta name=\"twitter:card\" content=\"summary_large_image\" \/>\n<meta name=\"twitter:label1\" content=\"Scritto da\" \/>\n\t<meta name=\"twitter:data1\" content=\"Thomas Hector\" \/>\n\t<meta name=\"twitter:label2\" content=\"Tempo di lettura stimato\" \/>\n\t<meta name=\"twitter:data2\" content=\"3 minuti\" \/>\n<script type=\"application\/ld+json\" class=\"yoast-schema-graph\">{\"@context\":\"https:\\\/\\\/schema.org\",\"@graph\":[{\"@type\":\"Article\",\"@id\":\"https:\\\/\\\/www.effe-homecare.eu\\\/it\\\/rafforzare-le-capacita-dei-datori-di-lavoro-phs-principali-spunti-dal-webinar-phsdialogue\\\/#article\",\"isPartOf\":{\"@id\":\"https:\\\/\\\/www.effe-homecare.eu\\\/it\\\/rafforzare-le-capacita-dei-datori-di-lavoro-phs-principali-spunti-dal-webinar-phsdialogue\\\/\"},\"author\":{\"name\":\"Thomas Hector\",\"@id\":\"https:\\\/\\\/www.effe-homecare.eu\\\/it\\\/#\\\/schema\\\/person\\\/e6ba740027c6a6d08af528b4707e6622\"},\"headline\":\"Rafforzare le Capacit\u00e0 dei Datori di Lavoro PHS: Principali Spunti dal Webinar PHSDialogue\",\"datePublished\":\"2025-01-09T16:54:52+00:00\",\"dateModified\":\"2025-02-11T16:56:41+00:00\",\"mainEntityOfPage\":{\"@id\":\"https:\\\/\\\/www.effe-homecare.eu\\\/it\\\/rafforzare-le-capacita-dei-datori-di-lavoro-phs-principali-spunti-dal-webinar-phsdialogue\\\/\"},\"wordCount\":429,\"articleSection\":[\"notizie\",\"progetti europei\"],\"inLanguage\":\"it-IT\"},{\"@type\":\"WebPage\",\"@id\":\"https:\\\/\\\/www.effe-homecare.eu\\\/it\\\/rafforzare-le-capacita-dei-datori-di-lavoro-phs-principali-spunti-dal-webinar-phsdialogue\\\/\",\"url\":\"https:\\\/\\\/www.effe-homecare.eu\\\/it\\\/rafforzare-le-capacita-dei-datori-di-lavoro-phs-principali-spunti-dal-webinar-phsdialogue\\\/\",\"name\":\"Rafforzare le Capacit\u00e0 dei Datori di Lavoro PHS: Principali Spunti dal Webinar PHSDialogue - EFFE\",\"isPartOf\":{\"@id\":\"https:\\\/\\\/www.effe-homecare.eu\\\/it\\\/#website\"},\"datePublished\":\"2025-01-09T16:54:52+00:00\",\"dateModified\":\"2025-02-11T16:56:41+00:00\",\"author\":{\"@id\":\"https:\\\/\\\/www.effe-homecare.eu\\\/it\\\/#\\\/schema\\\/person\\\/e6ba740027c6a6d08af528b4707e6622\"},\"breadcrumb\":{\"@id\":\"https:\\\/\\\/www.effe-homecare.eu\\\/it\\\/rafforzare-le-capacita-dei-datori-di-lavoro-phs-principali-spunti-dal-webinar-phsdialogue\\\/#breadcrumb\"},\"inLanguage\":\"it-IT\",\"potentialAction\":[{\"@type\":\"ReadAction\",\"target\":[\"https:\\\/\\\/www.effe-homecare.eu\\\/it\\\/rafforzare-le-capacita-dei-datori-di-lavoro-phs-principali-spunti-dal-webinar-phsdialogue\\\/\"]}]},{\"@type\":\"BreadcrumbList\",\"@id\":\"https:\\\/\\\/www.effe-homecare.eu\\\/it\\\/rafforzare-le-capacita-dei-datori-di-lavoro-phs-principali-spunti-dal-webinar-phsdialogue\\\/#breadcrumb\",\"itemListElement\":[{\"@type\":\"ListItem\",\"position\":1,\"name\":\"\",\"item\":\"https:\\\/\\\/www.effe-homecare.eu\\\/it\\\/\"},{\"@type\":\"ListItem\",\"position\":2,\"name\":\"Rafforzare le Capacit\u00e0 dei Datori di Lavoro PHS: Principali Spunti dal Webinar PHSDialogue\"}]},{\"@type\":\"WebSite\",\"@id\":\"https:\\\/\\\/www.effe-homecare.eu\\\/it\\\/#website\",\"url\":\"https:\\\/\\\/www.effe-homecare.eu\\\/it\\\/\",\"name\":\"EFFE\",\"description\":\"F\u00e9d\u00e9ration Europ\u00e9enne des Emplois et de la Famille\",\"potentialAction\":[{\"@type\":\"SearchAction\",\"target\":{\"@type\":\"EntryPoint\",\"urlTemplate\":\"https:\\\/\\\/www.effe-homecare.eu\\\/it\\\/?s={search_term_string}\"},\"query-input\":{\"@type\":\"PropertyValueSpecification\",\"valueRequired\":true,\"valueName\":\"search_term_string\"}}],\"inLanguage\":\"it-IT\"},{\"@type\":\"Person\",\"@id\":\"https:\\\/\\\/www.effe-homecare.eu\\\/it\\\/#\\\/schema\\\/person\\\/e6ba740027c6a6d08af528b4707e6622\",\"name\":\"Thomas Hector\",\"image\":{\"@type\":\"ImageObject\",\"inLanguage\":\"it-IT\",\"@id\":\"https:\\\/\\\/secure.gravatar.com\\\/avatar\\\/271213d1d93650bbc2c6f79507965bcb2eb1530a3de5ba0a65b68390e434b14d?s=96&d=mm&r=g\",\"url\":\"https:\\\/\\\/secure.gravatar.com\\\/avatar\\\/271213d1d93650bbc2c6f79507965bcb2eb1530a3de5ba0a65b68390e434b14d?s=96&d=mm&r=g\",\"contentUrl\":\"https:\\\/\\\/secure.gravatar.com\\\/avatar\\\/271213d1d93650bbc2c6f79507965bcb2eb1530a3de5ba0a65b68390e434b14d?s=96&d=mm&r=g\",\"caption\":\"Thomas Hector\"}}]}<\/script>\n<!-- \/ Yoast SEO plugin. -->","yoast_head_json":{"title":"Rafforzare le Capacit\u00e0 dei Datori di Lavoro PHS: Principali Spunti dal Webinar PHSDialogue - EFFE","robots":{"index":"index","follow":"follow","max-snippet":"max-snippet:-1","max-image-preview":"max-image-preview:large","max-video-preview":"max-video-preview:-1"},"canonical":"https:\/\/www.effe-homecare.eu\/it\/rafforzare-le-capacita-dei-datori-di-lavoro-phs-principali-spunti-dal-webinar-phsdialogue\/","og_locale":"it_IT","og_type":"article","og_title":"Rafforzare le Capacit\u00e0 dei Datori di Lavoro PHS: Principali Spunti dal Webinar PHSDialogue - EFFE","og_description":"Il 9 gennaio 2025, il webinar PHSDialogue, &#8220;Rafforzare le Capacit\u00e0 dei Datori di Lavoro PHS: Apprendere da Altri Settori&#8221;, ha riunito attori chiave per esplorare strategie volte a rafforzare le capacit\u00e0 dei datori di lavoro nei servizi alla persona e alla famiglia (PHS). Organizzato da EFSI ed EFFE, l&#8217;evento ha presentato il progetto di guida [&hellip;]","og_url":"https:\/\/www.effe-homecare.eu\/it\/rafforzare-le-capacita-dei-datori-di-lavoro-phs-principali-spunti-dal-webinar-phsdialogue\/","og_site_name":"EFFE","article_published_time":"2025-01-09T16:54:52+00:00","article_modified_time":"2025-02-11T16:56:41+00:00","author":"Thomas Hector","twitter_card":"summary_large_image","twitter_misc":{"Scritto da":"Thomas Hector","Tempo di lettura stimato":"3 minuti"},"schema":{"@context":"https:\/\/schema.org","@graph":[{"@type":"Article","@id":"https:\/\/www.effe-homecare.eu\/it\/rafforzare-le-capacita-dei-datori-di-lavoro-phs-principali-spunti-dal-webinar-phsdialogue\/#article","isPartOf":{"@id":"https:\/\/www.effe-homecare.eu\/it\/rafforzare-le-capacita-dei-datori-di-lavoro-phs-principali-spunti-dal-webinar-phsdialogue\/"},"author":{"name":"Thomas Hector","@id":"https:\/\/www.effe-homecare.eu\/it\/#\/schema\/person\/e6ba740027c6a6d08af528b4707e6622"},"headline":"Rafforzare le Capacit\u00e0 dei Datori di Lavoro PHS: Principali Spunti dal Webinar PHSDialogue","datePublished":"2025-01-09T16:54:52+00:00","dateModified":"2025-02-11T16:56:41+00:00","mainEntityOfPage":{"@id":"https:\/\/www.effe-homecare.eu\/it\/rafforzare-le-capacita-dei-datori-di-lavoro-phs-principali-spunti-dal-webinar-phsdialogue\/"},"wordCount":429,"articleSection":["notizie","progetti europei"],"inLanguage":"it-IT"},{"@type":"WebPage","@id":"https:\/\/www.effe-homecare.eu\/it\/rafforzare-le-capacita-dei-datori-di-lavoro-phs-principali-spunti-dal-webinar-phsdialogue\/","url":"https:\/\/www.effe-homecare.eu\/it\/rafforzare-le-capacita-dei-datori-di-lavoro-phs-principali-spunti-dal-webinar-phsdialogue\/","name":"Rafforzare le Capacit\u00e0 dei Datori di Lavoro PHS: Principali Spunti dal Webinar PHSDialogue - EFFE","isPartOf":{"@id":"https:\/\/www.effe-homecare.eu\/it\/#website"},"datePublished":"2025-01-09T16:54:52+00:00","dateModified":"2025-02-11T16:56:41+00:00","author":{"@id":"https:\/\/www.effe-homecare.eu\/it\/#\/schema\/person\/e6ba740027c6a6d08af528b4707e6622"},"breadcrumb":{"@id":"https:\/\/www.effe-homecare.eu\/it\/rafforzare-le-capacita-dei-datori-di-lavoro-phs-principali-spunti-dal-webinar-phsdialogue\/#breadcrumb"},"inLanguage":"it-IT","potentialAction":[{"@type":"ReadAction","target":["https:\/\/www.effe-homecare.eu\/it\/rafforzare-le-capacita-dei-datori-di-lavoro-phs-principali-spunti-dal-webinar-phsdialogue\/"]}]},{"@type":"BreadcrumbList","@id":"https:\/\/www.effe-homecare.eu\/it\/rafforzare-le-capacita-dei-datori-di-lavoro-phs-principali-spunti-dal-webinar-phsdialogue\/#breadcrumb","itemListElement":[{"@type":"ListItem","position":1,"name":"","item":"https:\/\/www.effe-homecare.eu\/it\/"},{"@type":"ListItem","position":2,"name":"Rafforzare le Capacit\u00e0 dei Datori di Lavoro PHS: Principali Spunti dal Webinar PHSDialogue"}]},{"@type":"WebSite","@id":"https:\/\/www.effe-homecare.eu\/it\/#website","url":"https:\/\/www.effe-homecare.eu\/it\/","name":"EFFE","description":"F\u00e9d\u00e9ration Europ\u00e9enne des Emplois et de la Famille","potentialAction":[{"@type":"SearchAction","target":{"@type":"EntryPoint","urlTemplate":"https:\/\/www.effe-homecare.eu\/it\/?s={search_term_string}"},"query-input":{"@type":"PropertyValueSpecification","valueRequired":true,"valueName":"search_term_string"}}],"inLanguage":"it-IT"},{"@type":"Person","@id":"https:\/\/www.effe-homecare.eu\/it\/#\/schema\/person\/e6ba740027c6a6d08af528b4707e6622","name":"Thomas Hector","image":{"@type":"ImageObject","inLanguage":"it-IT","@id":"https:\/\/secure.gravatar.com\/avatar\/271213d1d93650bbc2c6f79507965bcb2eb1530a3de5ba0a65b68390e434b14d?s=96&d=mm&r=g","url":"https:\/\/secure.gravatar.com\/avatar\/271213d1d93650bbc2c6f79507965bcb2eb1530a3de5ba0a65b68390e434b14d?s=96&d=mm&r=g","contentUrl":"https:\/\/secure.gravatar.com\/avatar\/271213d1d93650bbc2c6f79507965bcb2eb1530a3de5ba0a65b68390e434b14d?s=96&d=mm&r=g","caption":"Thomas Hector"}}]}},"_links":{"self":[{"href":"https:\/\/www.effe-homecare.eu\/it\/wp-json\/wp\/v2\/posts\/8910","targetHints":{"allow":["GET"]}}],"collection":[{"href":"https:\/\/www.effe-homecare.eu\/it\/wp-json\/wp\/v2\/posts"}],"about":[{"href":"https:\/\/www.effe-homecare.eu\/it\/wp-json\/wp\/v2\/types\/post"}],"author":[{"embeddable":true,"href":"https:\/\/www.effe-homecare.eu\/it\/wp-json\/wp\/v2\/users\/6"}],"replies":[{"embeddable":true,"href":"https:\/\/www.effe-homecare.eu\/it\/wp-json\/wp\/v2\/comments?post=8910"}],"version-history":[{"count":1,"href":"https:\/\/www.effe-homecare.eu\/it\/wp-json\/wp\/v2\/posts\/8910\/revisions"}],"predecessor-version":[{"id":8911,"href":"https:\/\/www.effe-homecare.eu\/it\/wp-json\/wp\/v2\/posts\/8910\/revisions\/8911"}],"wp:attachment":[{"href":"https:\/\/www.effe-homecare.eu\/it\/wp-json\/wp\/v2\/media?parent=8910"}],"wp:term":[{"taxonomy":"category","embeddable":true,"href":"https:\/\/www.effe-homecare.eu\/it\/wp-json\/wp\/v2\/categories?post=8910"},{"taxonomy":"post_tag","embeddable":true,"href":"https:\/\/www.effe-homecare.eu\/it\/wp-json\/wp\/v2\/tags?post=8910"}],"curies":[{"name":"wp","href":"https:\/\/api.w.org\/{rel}","templated":true}]}}