{"id":8897,"date":"2025-01-14T17:13:00","date_gmt":"2025-01-14T16:13:00","guid":{"rendered":"https:\/\/www.effe-homecare.eu\/?p=8897"},"modified":"2025-02-11T17:15:12","modified_gmt":"2025-02-11T16:15:12","slug":"seminario-politico-care4care-presentazione-di-raccomandazioni-complete-per-trasformare-il-settore-dellassistenza","status":"publish","type":"post","link":"https:\/\/www.effe-homecare.eu\/it\/seminario-politico-care4care-presentazione-di-raccomandazioni-complete-per-trasformare-il-settore-dellassistenza\/","title":{"rendered":"Seminario politico CARE4CARE: Presentazione di raccomandazioni complete per trasformare il settore dell\u2019assistenza"},"content":{"rendered":"\n<p>Il 14 gennaio, il consorzio <a href=\"https:\/\/www.care4care.net\/the-project\/\"><strong>CARE4CARE<\/strong> <\/a>ha organizzato il suo seminario politico presso l&#8217;Ufficio di collegamento della Regione Toscana presso l&#8217;UE a Bruxelles, mettendo in evidenza la presentazione del <strong><a href=\"https:\/\/www.care4care.net\/the-project\/policy-proposals\/\">documento di politica CARE4CARE<\/a><\/strong>. Questo documento fondamentale propone raccomandazioni concrete per migliorare le condizioni di lavoro e affrontare le sfide strutturali che i lavoratori e le lavoratrici dell\u2019assistenza devono affrontare in tutta Europa.<\/p>\n\n\n\n<p>Redatto dalla <strong>Professoressa Eva Kocher<\/strong> dell\u2019<strong>Universit\u00e0 Europea Viadrina<\/strong>, il documento si basa su due anni di ricerca interdisciplinare condotta dal consorzio CARE4CARE. Lo studio ha analizzato i quadri giuridici, le condizioni occupazionali e l\u2019impatto del genere e della migrazione nel settore dell\u2019assistenza in sei Stati membri dell\u2019UE. Le raccomandazioni si rivolgono ai responsabili politici sia a livello nazionale che europeo, sottolineando l&#8217;urgenza di riforme per garantire equit\u00e0, dignit\u00e0 e sostenibilit\u00e0 nel settore dell\u2019assistenza.<\/p>\n\n\n\n<p><strong>Principali raccomandazioni evidenziate:<\/strong><\/p>\n\n\n\n<ul class=\"wp-block-list\">\n<li><strong>Miglioramento della qualit\u00e0 del lavoro<\/strong>: Creazione di percorsi di carriera strutturati, aumento dei salari e maggiore rappresentanza collettiva per contrastare la svalutazione del lavoro di cura.<\/li>\n\n\n\n<li><strong>Salute e sicurezza<\/strong>: Riduzione dei rischi legati alle lunghe ore di lavoro, ai carichi di lavoro elevati e alla violenza sul posto di lavoro attraverso normative pi\u00f9 rigide e meccanismi di controllo pi\u00f9 efficaci.<\/li>\n\n\n\n<li><strong>Lavoro in convivenza (live-in work)<\/strong>: Miglioramento delle condizioni dei lavoratori e delle lavoratrici conviventi, spesso tra i pi\u00f9 vulnerabili, affrontando questioni legate allo status occupazionale, all&#8217;orario di lavoro e alla protezione sociale.<\/li>\n\n\n\n<li><strong>Migrazione<\/strong>: Creazione di percorsi equi per i lavoratori migranti nel settore dell\u2019assistenza, garantendo protezioni legali e contrastando la discriminazione.<\/li>\n\n\n\n<li><strong>Collaborazione intersettoriale<\/strong>: Promozione del dialogo sociale, della contrattazione collettiva e di strutture di governance che favoriscano un&#8217;azione congiunta tra tutti gli attori coinvolti.<\/li>\n<\/ul>\n\n\n\n<p>Il seminario ha visto la partecipazione di relatori di alto livello, tra cui rappresentanti della <strong>DG EMPL<\/strong>, dei <strong>sindacati<\/strong> e dei <strong>think tank<\/strong>, che hanno fornito feedback critici e approfondimenti contestuali sulle raccomandazioni. Durante la sua presentazione, la <strong>Professoressa Kocher<\/strong> ha sottolineato: \u00ab<em>La qualit\u00e0 dei servizi di assistenza \u00e8 direttamente legata alle condizioni di lavoro degli operatori. Affrontare le loro sfide non \u00e8 solo un imperativo etico, ma una necessit\u00e0 per garantire la sostenibilit\u00e0 dei sistemi di assistenza in tutta Europa<\/em>.\u00bb<\/p>\n\n\n\n<p><strong>Prossimi passi<\/strong><\/p>\n\n\n\n<p>I feedback raccolti durante il seminario saranno integrati nella versione finale del <strong>documento di politica<\/strong>, la cui pubblicazione \u00e8 prevista per <strong>marzo 2025<\/strong>. Il documento finale mira a influenzare le discussioni politiche dell&#8217;UE, in particolare l&#8217;attuazione della <strong>Strategia europea per l&#8217;assistenza<\/strong>, e a servire da guida per gli Stati membri nell&#8217;affrontare le sfide pi\u00f9 urgenti del settore.<\/p>\n","protected":false},"excerpt":{"rendered":"<p>Il 14 gennaio, il consorzio CARE4CARE ha organizzato il suo seminario politico presso l&#8217;Ufficio di collegamento della Regione Toscana presso l&#8217;UE a Bruxelles, mettendo in evidenza la presentazione del documento di politica CARE4CARE. Questo documento fondamentale propone raccomandazioni concrete per migliorare le condizioni di lavoro e affrontare le sfide strutturali che i lavoratori e le [&hellip;]<\/p>\n","protected":false},"author":6,"featured_media":0,"comment_status":"closed","ping_status":"closed","sticky":false,"template":"","format":"standard","meta":{"_acf_changed":false,"_monsterinsights_skip_tracking":false,"_monsterinsights_sitenote_active":false,"_monsterinsights_sitenote_note":"","_monsterinsights_sitenote_category":0,"footnotes":""},"categories":[83,86],"tags":[],"class_list":["post-8897","post","type-post","status-publish","format-standard","hentry","category-notizie","category-progetti-europei"],"acf":[],"yoast_head":"<!-- This site is optimized with the Yoast SEO plugin v27.3 - https:\/\/yoast.com\/product\/yoast-seo-wordpress\/ -->\n<title>Seminario politico CARE4CARE: Presentazione di raccomandazioni complete per trasformare il settore dell\u2019assistenza - EFFE<\/title>\n<meta name=\"robots\" content=\"index, follow, max-snippet:-1, max-image-preview:large, max-video-preview:-1\" \/>\n<link rel=\"canonical\" href=\"https:\/\/www.effe-homecare.eu\/it\/seminario-politico-care4care-presentazione-di-raccomandazioni-complete-per-trasformare-il-settore-dellassistenza\/\" \/>\n<meta property=\"og:locale\" content=\"it_IT\" \/>\n<meta property=\"og:type\" content=\"article\" \/>\n<meta property=\"og:title\" content=\"Seminario politico CARE4CARE: Presentazione di raccomandazioni complete per trasformare il settore dell\u2019assistenza - EFFE\" \/>\n<meta property=\"og:description\" content=\"Il 14 gennaio, il consorzio CARE4CARE ha organizzato il suo seminario politico presso l&#8217;Ufficio di collegamento della Regione Toscana presso l&#8217;UE a Bruxelles, mettendo in evidenza la presentazione del documento di politica CARE4CARE. Questo documento fondamentale propone raccomandazioni concrete per migliorare le condizioni di lavoro e affrontare le sfide strutturali che i lavoratori e le [&hellip;]\" \/>\n<meta property=\"og:url\" content=\"https:\/\/www.effe-homecare.eu\/it\/seminario-politico-care4care-presentazione-di-raccomandazioni-complete-per-trasformare-il-settore-dellassistenza\/\" \/>\n<meta property=\"og:site_name\" content=\"EFFE\" \/>\n<meta property=\"article:published_time\" content=\"2025-01-14T16:13:00+00:00\" \/>\n<meta property=\"article:modified_time\" content=\"2025-02-11T16:15:12+00:00\" \/>\n<meta name=\"author\" content=\"Thomas Hector\" \/>\n<meta name=\"twitter:card\" content=\"summary_large_image\" \/>\n<meta name=\"twitter:label1\" content=\"Scritto da\" \/>\n\t<meta name=\"twitter:data1\" content=\"Thomas Hector\" \/>\n\t<meta name=\"twitter:label2\" content=\"Tempo di lettura stimato\" \/>\n\t<meta name=\"twitter:data2\" content=\"3 minuti\" \/>\n<script type=\"application\/ld+json\" class=\"yoast-schema-graph\">{\"@context\":\"https:\\\/\\\/schema.org\",\"@graph\":[{\"@type\":\"Article\",\"@id\":\"https:\\\/\\\/www.effe-homecare.eu\\\/it\\\/seminario-politico-care4care-presentazione-di-raccomandazioni-complete-per-trasformare-il-settore-dellassistenza\\\/#article\",\"isPartOf\":{\"@id\":\"https:\\\/\\\/www.effe-homecare.eu\\\/it\\\/seminario-politico-care4care-presentazione-di-raccomandazioni-complete-per-trasformare-il-settore-dellassistenza\\\/\"},\"author\":{\"name\":\"Thomas Hector\",\"@id\":\"https:\\\/\\\/www.effe-homecare.eu\\\/it\\\/#\\\/schema\\\/person\\\/e6ba740027c6a6d08af528b4707e6622\"},\"headline\":\"Seminario politico CARE4CARE: Presentazione di raccomandazioni complete per trasformare il settore dell\u2019assistenza\",\"datePublished\":\"2025-01-14T16:13:00+00:00\",\"dateModified\":\"2025-02-11T16:15:12+00:00\",\"mainEntityOfPage\":{\"@id\":\"https:\\\/\\\/www.effe-homecare.eu\\\/it\\\/seminario-politico-care4care-presentazione-di-raccomandazioni-complete-per-trasformare-il-settore-dellassistenza\\\/\"},\"wordCount\":440,\"articleSection\":[\"notizie\",\"progetti europei\"],\"inLanguage\":\"it-IT\"},{\"@type\":\"WebPage\",\"@id\":\"https:\\\/\\\/www.effe-homecare.eu\\\/it\\\/seminario-politico-care4care-presentazione-di-raccomandazioni-complete-per-trasformare-il-settore-dellassistenza\\\/\",\"url\":\"https:\\\/\\\/www.effe-homecare.eu\\\/it\\\/seminario-politico-care4care-presentazione-di-raccomandazioni-complete-per-trasformare-il-settore-dellassistenza\\\/\",\"name\":\"Seminario politico CARE4CARE: Presentazione di raccomandazioni complete per trasformare il settore dell\u2019assistenza - EFFE\",\"isPartOf\":{\"@id\":\"https:\\\/\\\/www.effe-homecare.eu\\\/it\\\/#website\"},\"datePublished\":\"2025-01-14T16:13:00+00:00\",\"dateModified\":\"2025-02-11T16:15:12+00:00\",\"author\":{\"@id\":\"https:\\\/\\\/www.effe-homecare.eu\\\/it\\\/#\\\/schema\\\/person\\\/e6ba740027c6a6d08af528b4707e6622\"},\"breadcrumb\":{\"@id\":\"https:\\\/\\\/www.effe-homecare.eu\\\/it\\\/seminario-politico-care4care-presentazione-di-raccomandazioni-complete-per-trasformare-il-settore-dellassistenza\\\/#breadcrumb\"},\"inLanguage\":\"it-IT\",\"potentialAction\":[{\"@type\":\"ReadAction\",\"target\":[\"https:\\\/\\\/www.effe-homecare.eu\\\/it\\\/seminario-politico-care4care-presentazione-di-raccomandazioni-complete-per-trasformare-il-settore-dellassistenza\\\/\"]}]},{\"@type\":\"BreadcrumbList\",\"@id\":\"https:\\\/\\\/www.effe-homecare.eu\\\/it\\\/seminario-politico-care4care-presentazione-di-raccomandazioni-complete-per-trasformare-il-settore-dellassistenza\\\/#breadcrumb\",\"itemListElement\":[{\"@type\":\"ListItem\",\"position\":1,\"name\":\"\",\"item\":\"https:\\\/\\\/www.effe-homecare.eu\\\/it\\\/\"},{\"@type\":\"ListItem\",\"position\":2,\"name\":\"Seminario politico CARE4CARE: Presentazione di raccomandazioni complete per trasformare il settore dell\u2019assistenza\"}]},{\"@type\":\"WebSite\",\"@id\":\"https:\\\/\\\/www.effe-homecare.eu\\\/it\\\/#website\",\"url\":\"https:\\\/\\\/www.effe-homecare.eu\\\/it\\\/\",\"name\":\"EFFE\",\"description\":\"F\u00e9d\u00e9ration Europ\u00e9enne des Emplois et de la Famille\",\"potentialAction\":[{\"@type\":\"SearchAction\",\"target\":{\"@type\":\"EntryPoint\",\"urlTemplate\":\"https:\\\/\\\/www.effe-homecare.eu\\\/it\\\/?s={search_term_string}\"},\"query-input\":{\"@type\":\"PropertyValueSpecification\",\"valueRequired\":true,\"valueName\":\"search_term_string\"}}],\"inLanguage\":\"it-IT\"},{\"@type\":\"Person\",\"@id\":\"https:\\\/\\\/www.effe-homecare.eu\\\/it\\\/#\\\/schema\\\/person\\\/e6ba740027c6a6d08af528b4707e6622\",\"name\":\"Thomas Hector\",\"image\":{\"@type\":\"ImageObject\",\"inLanguage\":\"it-IT\",\"@id\":\"https:\\\/\\\/secure.gravatar.com\\\/avatar\\\/271213d1d93650bbc2c6f79507965bcb2eb1530a3de5ba0a65b68390e434b14d?s=96&d=mm&r=g\",\"url\":\"https:\\\/\\\/secure.gravatar.com\\\/avatar\\\/271213d1d93650bbc2c6f79507965bcb2eb1530a3de5ba0a65b68390e434b14d?s=96&d=mm&r=g\",\"contentUrl\":\"https:\\\/\\\/secure.gravatar.com\\\/avatar\\\/271213d1d93650bbc2c6f79507965bcb2eb1530a3de5ba0a65b68390e434b14d?s=96&d=mm&r=g\",\"caption\":\"Thomas Hector\"}}]}<\/script>\n<!-- \/ Yoast SEO plugin. -->","yoast_head_json":{"title":"Seminario politico CARE4CARE: Presentazione di raccomandazioni complete per trasformare il settore dell\u2019assistenza - EFFE","robots":{"index":"index","follow":"follow","max-snippet":"max-snippet:-1","max-image-preview":"max-image-preview:large","max-video-preview":"max-video-preview:-1"},"canonical":"https:\/\/www.effe-homecare.eu\/it\/seminario-politico-care4care-presentazione-di-raccomandazioni-complete-per-trasformare-il-settore-dellassistenza\/","og_locale":"it_IT","og_type":"article","og_title":"Seminario politico CARE4CARE: Presentazione di raccomandazioni complete per trasformare il settore dell\u2019assistenza - EFFE","og_description":"Il 14 gennaio, il consorzio CARE4CARE ha organizzato il suo seminario politico presso l&#8217;Ufficio di collegamento della Regione Toscana presso l&#8217;UE a Bruxelles, mettendo in evidenza la presentazione del documento di politica CARE4CARE. Questo documento fondamentale propone raccomandazioni concrete per migliorare le condizioni di lavoro e affrontare le sfide strutturali che i lavoratori e le [&hellip;]","og_url":"https:\/\/www.effe-homecare.eu\/it\/seminario-politico-care4care-presentazione-di-raccomandazioni-complete-per-trasformare-il-settore-dellassistenza\/","og_site_name":"EFFE","article_published_time":"2025-01-14T16:13:00+00:00","article_modified_time":"2025-02-11T16:15:12+00:00","author":"Thomas Hector","twitter_card":"summary_large_image","twitter_misc":{"Scritto da":"Thomas Hector","Tempo di lettura stimato":"3 minuti"},"schema":{"@context":"https:\/\/schema.org","@graph":[{"@type":"Article","@id":"https:\/\/www.effe-homecare.eu\/it\/seminario-politico-care4care-presentazione-di-raccomandazioni-complete-per-trasformare-il-settore-dellassistenza\/#article","isPartOf":{"@id":"https:\/\/www.effe-homecare.eu\/it\/seminario-politico-care4care-presentazione-di-raccomandazioni-complete-per-trasformare-il-settore-dellassistenza\/"},"author":{"name":"Thomas Hector","@id":"https:\/\/www.effe-homecare.eu\/it\/#\/schema\/person\/e6ba740027c6a6d08af528b4707e6622"},"headline":"Seminario politico CARE4CARE: Presentazione di raccomandazioni complete per trasformare il settore dell\u2019assistenza","datePublished":"2025-01-14T16:13:00+00:00","dateModified":"2025-02-11T16:15:12+00:00","mainEntityOfPage":{"@id":"https:\/\/www.effe-homecare.eu\/it\/seminario-politico-care4care-presentazione-di-raccomandazioni-complete-per-trasformare-il-settore-dellassistenza\/"},"wordCount":440,"articleSection":["notizie","progetti europei"],"inLanguage":"it-IT"},{"@type":"WebPage","@id":"https:\/\/www.effe-homecare.eu\/it\/seminario-politico-care4care-presentazione-di-raccomandazioni-complete-per-trasformare-il-settore-dellassistenza\/","url":"https:\/\/www.effe-homecare.eu\/it\/seminario-politico-care4care-presentazione-di-raccomandazioni-complete-per-trasformare-il-settore-dellassistenza\/","name":"Seminario politico CARE4CARE: Presentazione di raccomandazioni complete per trasformare il settore dell\u2019assistenza - EFFE","isPartOf":{"@id":"https:\/\/www.effe-homecare.eu\/it\/#website"},"datePublished":"2025-01-14T16:13:00+00:00","dateModified":"2025-02-11T16:15:12+00:00","author":{"@id":"https:\/\/www.effe-homecare.eu\/it\/#\/schema\/person\/e6ba740027c6a6d08af528b4707e6622"},"breadcrumb":{"@id":"https:\/\/www.effe-homecare.eu\/it\/seminario-politico-care4care-presentazione-di-raccomandazioni-complete-per-trasformare-il-settore-dellassistenza\/#breadcrumb"},"inLanguage":"it-IT","potentialAction":[{"@type":"ReadAction","target":["https:\/\/www.effe-homecare.eu\/it\/seminario-politico-care4care-presentazione-di-raccomandazioni-complete-per-trasformare-il-settore-dellassistenza\/"]}]},{"@type":"BreadcrumbList","@id":"https:\/\/www.effe-homecare.eu\/it\/seminario-politico-care4care-presentazione-di-raccomandazioni-complete-per-trasformare-il-settore-dellassistenza\/#breadcrumb","itemListElement":[{"@type":"ListItem","position":1,"name":"","item":"https:\/\/www.effe-homecare.eu\/it\/"},{"@type":"ListItem","position":2,"name":"Seminario politico CARE4CARE: Presentazione di raccomandazioni complete per trasformare il settore dell\u2019assistenza"}]},{"@type":"WebSite","@id":"https:\/\/www.effe-homecare.eu\/it\/#website","url":"https:\/\/www.effe-homecare.eu\/it\/","name":"EFFE","description":"F\u00e9d\u00e9ration Europ\u00e9enne des Emplois et de la Famille","potentialAction":[{"@type":"SearchAction","target":{"@type":"EntryPoint","urlTemplate":"https:\/\/www.effe-homecare.eu\/it\/?s={search_term_string}"},"query-input":{"@type":"PropertyValueSpecification","valueRequired":true,"valueName":"search_term_string"}}],"inLanguage":"it-IT"},{"@type":"Person","@id":"https:\/\/www.effe-homecare.eu\/it\/#\/schema\/person\/e6ba740027c6a6d08af528b4707e6622","name":"Thomas Hector","image":{"@type":"ImageObject","inLanguage":"it-IT","@id":"https:\/\/secure.gravatar.com\/avatar\/271213d1d93650bbc2c6f79507965bcb2eb1530a3de5ba0a65b68390e434b14d?s=96&d=mm&r=g","url":"https:\/\/secure.gravatar.com\/avatar\/271213d1d93650bbc2c6f79507965bcb2eb1530a3de5ba0a65b68390e434b14d?s=96&d=mm&r=g","contentUrl":"https:\/\/secure.gravatar.com\/avatar\/271213d1d93650bbc2c6f79507965bcb2eb1530a3de5ba0a65b68390e434b14d?s=96&d=mm&r=g","caption":"Thomas Hector"}}]}},"_links":{"self":[{"href":"https:\/\/www.effe-homecare.eu\/it\/wp-json\/wp\/v2\/posts\/8897","targetHints":{"allow":["GET"]}}],"collection":[{"href":"https:\/\/www.effe-homecare.eu\/it\/wp-json\/wp\/v2\/posts"}],"about":[{"href":"https:\/\/www.effe-homecare.eu\/it\/wp-json\/wp\/v2\/types\/post"}],"author":[{"embeddable":true,"href":"https:\/\/www.effe-homecare.eu\/it\/wp-json\/wp\/v2\/users\/6"}],"replies":[{"embeddable":true,"href":"https:\/\/www.effe-homecare.eu\/it\/wp-json\/wp\/v2\/comments?post=8897"}],"version-history":[{"count":2,"href":"https:\/\/www.effe-homecare.eu\/it\/wp-json\/wp\/v2\/posts\/8897\/revisions"}],"predecessor-version":[{"id":8899,"href":"https:\/\/www.effe-homecare.eu\/it\/wp-json\/wp\/v2\/posts\/8897\/revisions\/8899"}],"wp:attachment":[{"href":"https:\/\/www.effe-homecare.eu\/it\/wp-json\/wp\/v2\/media?parent=8897"}],"wp:term":[{"taxonomy":"category","embeddable":true,"href":"https:\/\/www.effe-homecare.eu\/it\/wp-json\/wp\/v2\/categories?post=8897"},{"taxonomy":"post_tag","embeddable":true,"href":"https:\/\/www.effe-homecare.eu\/it\/wp-json\/wp\/v2\/tags?post=8897"}],"curies":[{"name":"wp","href":"https:\/\/api.w.org\/{rel}","templated":true}]}}