{"id":8839,"date":"2024-12-10T13:38:00","date_gmt":"2024-12-10T12:38:00","guid":{"rendered":"https:\/\/www.effe-homecare.eu\/?p=8839"},"modified":"2025-02-06T13:40:03","modified_gmt":"2025-02-06T12:40:03","slug":"effe-al-3-congresso-internazionale-sul-divario-salariale-verso-un-dialogo-sociale-strutturato-in-europa","status":"publish","type":"post","link":"https:\/\/www.effe-homecare.eu\/it\/effe-al-3-congresso-internazionale-sul-divario-salariale-verso-un-dialogo-sociale-strutturato-in-europa\/","title":{"rendered":"EFFE al 3\u00b0 Congresso Internazionale sul Divario Salariale: Verso un Dialogo Sociale Strutturato in Europa"},"content":{"rendered":"\n<p>Il 10 dicembre, presso il Palazzo Europa di Vitoria-Gasteiz (Paesi Baschi), la Federazione Europea del Lavoro Domestico e dell\u2019Assistenza Domiciliare (EFFE) ha partecipato al 3\u00b0 Congresso Internazionale sul Divario Salariale. Questa partecipazione aveva l\u2019obiettivo di fare il punto sullo stato del dialogo sociale in Europa nel settore del lavoro domestico e dimostrare l\u2019impatto di una strutturazione efficace della contrattazione collettiva.<\/p>\n\n\n\n<p><strong>Un Settore Ancora Sottorappresentato nella Contrattazione Collettiva<\/strong><\/p>\n\n\n\n<p>Nel suo intervento, Marie B\u00e9atrice Levaux, presidente di EFFE, ha evidenziato una preoccupazione condivisa a livello europeo: la mancanza di un dialogo sociale strutturato nel settore del lavoro domestico. In Spagna, come in molti altri Paesi, la contrattazione collettiva \u00e8 quasi inesistente, mantenendo il settore in una condizione di precariet\u00e0 istituzionale.<\/p>\n\n\n\n<p>Il modello francese \u00e8 un punto di riferimento in termini di strutturazione, avendo permesso l\u2019istituzione di una convenzione collettiva innovativa che garantisce condizioni di lavoro pi\u00f9 eque per i lavoratori domestici e, al contempo, tutela il ruolo dei datori di lavoro privati. In assenza di un\u2019organizzazione rappresentativa dei datori di lavoro in molti Paesi, il settore rimane fragile e spesso informale, a scapito sia dei lavoratori che delle famiglie che li impiegano.<\/p>\n\n\n\n<p><strong>Condividere Esperienze per un Riconoscimento Maggiore del Settore<\/strong><\/p>\n\n\n\n<p>Riunendo oltre 200 partecipanti, tra cui esperti internazionali, rappresentanti governativi e attori privati, il congresso si \u00e8 articolato attorno al tema <em>&#8220;Sumar para Igualar&#8221; (Unire per Uguagliare)<\/em>. Durante la tavola rotonda <em>&#8220;La Contrattazione Collettiva per Ridurre il Divario Salariale&#8221;<\/em>, Marie B\u00e9atrice Levaux ha illustrato i progressi del dialogo sociale in Europa, sottolineando i benefici di un quadro strutturato:<\/p>\n\n\n\n<ul class=\"wp-block-list\">\n<li>Maggior accesso ai diritti sociali per i lavoratori,<\/li>\n\n\n\n<li>Maggiore protezione per i datori di lavoro,<\/li>\n\n\n\n<li>Formalizzazione del settore, riducendo il lavoro non dichiarato.<\/li>\n<\/ul>\n\n\n\n<p>Ha insistito sulla necessit\u00e0, per la Spagna e altri Paesi europei, di istituire un\u2019organizzazione rappresentativa dei datori di lavoro domestico, elemento essenziale per avviare la contrattazione collettiva e strutturare il settore in modo duraturo.<\/p>\n\n\n\n<p><strong>Iniziative Concrete e un Impegno Europeo Rafforzato<\/strong><\/p>\n\n\n\n<p>Gli interventi hanno anche evidenziato l\u2019importanza delle politiche pubbliche e degli incentivi fiscali per promuovere la formalizzazione del lavoro domestico. Elena P\u00e9rez Barredo, Viceconsigliera per il Lavoro e la Sicurezza Sociale del Governo Basco, ha ricordato che <em>&#8220;i migliori lavori sono quelli che beneficiano di un quadro contrattuale adeguato.&#8221;<\/em><\/p>\n\n\n\n<p>In questo contesto, EFFE svolge un ruolo chiave nello sviluppo di norme e buone pratiche a livello europeo, in particolare attraverso il progetto PHS Dialogue, finanziato dall&#8217;UE. Questo programma mira a sviluppare il dialogo sociale nel settore dei servizi alla persona e a favorire un maggiore riconoscimento dei 3,4 milioni di lavoratori ancora non dichiarati in Europa.<\/p>\n\n\n\n<p><strong>Una Svolta per la Strutturazione del Settore in Spagna<\/strong><\/p>\n\n\n\n<p>Il Vicepresidente del Governo Basco, Mikel Torres, ha annunciato un piano per posizionare Euskadi tra le cinque regioni europee pi\u00f9 avanzate in materia di parit\u00e0 salariale entro il 2030. Sono previsti laboratori di follow-up per approfondire il tema e adattare le buone pratiche identificate.<\/p>\n\n\n\n<p>Attraverso questi scambi, EFFE conferma la sua volont\u00e0 di accompagnare l\u2019evoluzione del settore in Europa, promuovendo un dialogo sociale equilibrato e sostenibile per i datori di lavoro domestico e i loro dipendenti.<\/p>\n","protected":false},"excerpt":{"rendered":"<p>Il 10 dicembre, presso il Palazzo Europa di Vitoria-Gasteiz (Paesi Baschi), la Federazione Europea del Lavoro Domestico e dell\u2019Assistenza Domiciliare (EFFE) ha partecipato al 3\u00b0 Congresso Internazionale sul Divario Salariale. Questa partecipazione aveva l\u2019obiettivo di fare il punto sullo stato del dialogo sociale in Europa nel settore del lavoro domestico e dimostrare l\u2019impatto di una [&hellip;]<\/p>\n","protected":false},"author":6,"featured_media":0,"comment_status":"closed","ping_status":"closed","sticky":false,"template":"","format":"standard","meta":{"_acf_changed":false,"_monsterinsights_skip_tracking":false,"_monsterinsights_sitenote_active":false,"_monsterinsights_sitenote_note":"","_monsterinsights_sitenote_category":0,"footnotes":""},"categories":[83],"tags":[],"class_list":["post-8839","post","type-post","status-publish","format-standard","hentry","category-notizie"],"acf":[],"yoast_head":"<!-- This site is optimized with the Yoast SEO plugin v27.3 - https:\/\/yoast.com\/product\/yoast-seo-wordpress\/ -->\n<title>EFFE al 3\u00b0 Congresso Internazionale sul Divario Salariale: Verso un Dialogo Sociale Strutturato in Europa - EFFE<\/title>\n<meta name=\"robots\" content=\"index, follow, max-snippet:-1, max-image-preview:large, max-video-preview:-1\" \/>\n<link rel=\"canonical\" href=\"https:\/\/www.effe-homecare.eu\/it\/effe-al-3-congresso-internazionale-sul-divario-salariale-verso-un-dialogo-sociale-strutturato-in-europa\/\" \/>\n<meta property=\"og:locale\" content=\"it_IT\" \/>\n<meta property=\"og:type\" content=\"article\" \/>\n<meta property=\"og:title\" content=\"EFFE al 3\u00b0 Congresso Internazionale sul Divario Salariale: Verso un Dialogo Sociale Strutturato in Europa - EFFE\" \/>\n<meta property=\"og:description\" content=\"Il 10 dicembre, presso il Palazzo Europa di Vitoria-Gasteiz (Paesi Baschi), la Federazione Europea del Lavoro Domestico e dell\u2019Assistenza Domiciliare (EFFE) ha partecipato al 3\u00b0 Congresso Internazionale sul Divario Salariale. Questa partecipazione aveva l\u2019obiettivo di fare il punto sullo stato del dialogo sociale in Europa nel settore del lavoro domestico e dimostrare l\u2019impatto di una [&hellip;]\" \/>\n<meta property=\"og:url\" content=\"https:\/\/www.effe-homecare.eu\/it\/effe-al-3-congresso-internazionale-sul-divario-salariale-verso-un-dialogo-sociale-strutturato-in-europa\/\" \/>\n<meta property=\"og:site_name\" content=\"EFFE\" \/>\n<meta property=\"article:published_time\" content=\"2024-12-10T12:38:00+00:00\" \/>\n<meta property=\"article:modified_time\" content=\"2025-02-06T12:40:03+00:00\" \/>\n<meta name=\"author\" content=\"Thomas Hector\" \/>\n<meta name=\"twitter:card\" content=\"summary_large_image\" \/>\n<meta name=\"twitter:label1\" content=\"Scritto da\" \/>\n\t<meta name=\"twitter:data1\" content=\"Thomas Hector\" \/>\n\t<meta name=\"twitter:label2\" content=\"Tempo di lettura stimato\" \/>\n\t<meta name=\"twitter:data2\" content=\"3 minuti\" \/>\n<script type=\"application\/ld+json\" class=\"yoast-schema-graph\">{\"@context\":\"https:\\\/\\\/schema.org\",\"@graph\":[{\"@type\":\"Article\",\"@id\":\"https:\\\/\\\/www.effe-homecare.eu\\\/it\\\/effe-al-3-congresso-internazionale-sul-divario-salariale-verso-un-dialogo-sociale-strutturato-in-europa\\\/#article\",\"isPartOf\":{\"@id\":\"https:\\\/\\\/www.effe-homecare.eu\\\/it\\\/effe-al-3-congresso-internazionale-sul-divario-salariale-verso-un-dialogo-sociale-strutturato-in-europa\\\/\"},\"author\":{\"name\":\"Thomas Hector\",\"@id\":\"https:\\\/\\\/www.effe-homecare.eu\\\/it\\\/#\\\/schema\\\/person\\\/e6ba740027c6a6d08af528b4707e6622\"},\"headline\":\"EFFE al 3\u00b0 Congresso Internazionale sul Divario Salariale: Verso un Dialogo Sociale Strutturato in Europa\",\"datePublished\":\"2024-12-10T12:38:00+00:00\",\"dateModified\":\"2025-02-06T12:40:03+00:00\",\"mainEntityOfPage\":{\"@id\":\"https:\\\/\\\/www.effe-homecare.eu\\\/it\\\/effe-al-3-congresso-internazionale-sul-divario-salariale-verso-un-dialogo-sociale-strutturato-in-europa\\\/\"},\"wordCount\":529,\"articleSection\":[\"notizie\"],\"inLanguage\":\"it-IT\"},{\"@type\":\"WebPage\",\"@id\":\"https:\\\/\\\/www.effe-homecare.eu\\\/it\\\/effe-al-3-congresso-internazionale-sul-divario-salariale-verso-un-dialogo-sociale-strutturato-in-europa\\\/\",\"url\":\"https:\\\/\\\/www.effe-homecare.eu\\\/it\\\/effe-al-3-congresso-internazionale-sul-divario-salariale-verso-un-dialogo-sociale-strutturato-in-europa\\\/\",\"name\":\"EFFE al 3\u00b0 Congresso Internazionale sul Divario Salariale: Verso un Dialogo Sociale Strutturato in Europa - EFFE\",\"isPartOf\":{\"@id\":\"https:\\\/\\\/www.effe-homecare.eu\\\/it\\\/#website\"},\"datePublished\":\"2024-12-10T12:38:00+00:00\",\"dateModified\":\"2025-02-06T12:40:03+00:00\",\"author\":{\"@id\":\"https:\\\/\\\/www.effe-homecare.eu\\\/it\\\/#\\\/schema\\\/person\\\/e6ba740027c6a6d08af528b4707e6622\"},\"breadcrumb\":{\"@id\":\"https:\\\/\\\/www.effe-homecare.eu\\\/it\\\/effe-al-3-congresso-internazionale-sul-divario-salariale-verso-un-dialogo-sociale-strutturato-in-europa\\\/#breadcrumb\"},\"inLanguage\":\"it-IT\",\"potentialAction\":[{\"@type\":\"ReadAction\",\"target\":[\"https:\\\/\\\/www.effe-homecare.eu\\\/it\\\/effe-al-3-congresso-internazionale-sul-divario-salariale-verso-un-dialogo-sociale-strutturato-in-europa\\\/\"]}]},{\"@type\":\"BreadcrumbList\",\"@id\":\"https:\\\/\\\/www.effe-homecare.eu\\\/it\\\/effe-al-3-congresso-internazionale-sul-divario-salariale-verso-un-dialogo-sociale-strutturato-in-europa\\\/#breadcrumb\",\"itemListElement\":[{\"@type\":\"ListItem\",\"position\":1,\"name\":\"\",\"item\":\"https:\\\/\\\/www.effe-homecare.eu\\\/it\\\/\"},{\"@type\":\"ListItem\",\"position\":2,\"name\":\"EFFE al 3\u00b0 Congresso Internazionale sul Divario Salariale: Verso un Dialogo Sociale Strutturato in Europa\"}]},{\"@type\":\"WebSite\",\"@id\":\"https:\\\/\\\/www.effe-homecare.eu\\\/it\\\/#website\",\"url\":\"https:\\\/\\\/www.effe-homecare.eu\\\/it\\\/\",\"name\":\"EFFE\",\"description\":\"F\u00e9d\u00e9ration Europ\u00e9enne des Emplois et de la Famille\",\"potentialAction\":[{\"@type\":\"SearchAction\",\"target\":{\"@type\":\"EntryPoint\",\"urlTemplate\":\"https:\\\/\\\/www.effe-homecare.eu\\\/it\\\/?s={search_term_string}\"},\"query-input\":{\"@type\":\"PropertyValueSpecification\",\"valueRequired\":true,\"valueName\":\"search_term_string\"}}],\"inLanguage\":\"it-IT\"},{\"@type\":\"Person\",\"@id\":\"https:\\\/\\\/www.effe-homecare.eu\\\/it\\\/#\\\/schema\\\/person\\\/e6ba740027c6a6d08af528b4707e6622\",\"name\":\"Thomas Hector\",\"image\":{\"@type\":\"ImageObject\",\"inLanguage\":\"it-IT\",\"@id\":\"https:\\\/\\\/secure.gravatar.com\\\/avatar\\\/271213d1d93650bbc2c6f79507965bcb2eb1530a3de5ba0a65b68390e434b14d?s=96&d=mm&r=g\",\"url\":\"https:\\\/\\\/secure.gravatar.com\\\/avatar\\\/271213d1d93650bbc2c6f79507965bcb2eb1530a3de5ba0a65b68390e434b14d?s=96&d=mm&r=g\",\"contentUrl\":\"https:\\\/\\\/secure.gravatar.com\\\/avatar\\\/271213d1d93650bbc2c6f79507965bcb2eb1530a3de5ba0a65b68390e434b14d?s=96&d=mm&r=g\",\"caption\":\"Thomas Hector\"}}]}<\/script>\n<!-- \/ Yoast SEO plugin. -->","yoast_head_json":{"title":"EFFE al 3\u00b0 Congresso Internazionale sul Divario Salariale: Verso un Dialogo Sociale Strutturato in Europa - EFFE","robots":{"index":"index","follow":"follow","max-snippet":"max-snippet:-1","max-image-preview":"max-image-preview:large","max-video-preview":"max-video-preview:-1"},"canonical":"https:\/\/www.effe-homecare.eu\/it\/effe-al-3-congresso-internazionale-sul-divario-salariale-verso-un-dialogo-sociale-strutturato-in-europa\/","og_locale":"it_IT","og_type":"article","og_title":"EFFE al 3\u00b0 Congresso Internazionale sul Divario Salariale: Verso un Dialogo Sociale Strutturato in Europa - EFFE","og_description":"Il 10 dicembre, presso il Palazzo Europa di Vitoria-Gasteiz (Paesi Baschi), la Federazione Europea del Lavoro Domestico e dell\u2019Assistenza Domiciliare (EFFE) ha partecipato al 3\u00b0 Congresso Internazionale sul Divario Salariale. Questa partecipazione aveva l\u2019obiettivo di fare il punto sullo stato del dialogo sociale in Europa nel settore del lavoro domestico e dimostrare l\u2019impatto di una [&hellip;]","og_url":"https:\/\/www.effe-homecare.eu\/it\/effe-al-3-congresso-internazionale-sul-divario-salariale-verso-un-dialogo-sociale-strutturato-in-europa\/","og_site_name":"EFFE","article_published_time":"2024-12-10T12:38:00+00:00","article_modified_time":"2025-02-06T12:40:03+00:00","author":"Thomas Hector","twitter_card":"summary_large_image","twitter_misc":{"Scritto da":"Thomas Hector","Tempo di lettura stimato":"3 minuti"},"schema":{"@context":"https:\/\/schema.org","@graph":[{"@type":"Article","@id":"https:\/\/www.effe-homecare.eu\/it\/effe-al-3-congresso-internazionale-sul-divario-salariale-verso-un-dialogo-sociale-strutturato-in-europa\/#article","isPartOf":{"@id":"https:\/\/www.effe-homecare.eu\/it\/effe-al-3-congresso-internazionale-sul-divario-salariale-verso-un-dialogo-sociale-strutturato-in-europa\/"},"author":{"name":"Thomas Hector","@id":"https:\/\/www.effe-homecare.eu\/it\/#\/schema\/person\/e6ba740027c6a6d08af528b4707e6622"},"headline":"EFFE al 3\u00b0 Congresso Internazionale sul Divario Salariale: Verso un Dialogo Sociale Strutturato in Europa","datePublished":"2024-12-10T12:38:00+00:00","dateModified":"2025-02-06T12:40:03+00:00","mainEntityOfPage":{"@id":"https:\/\/www.effe-homecare.eu\/it\/effe-al-3-congresso-internazionale-sul-divario-salariale-verso-un-dialogo-sociale-strutturato-in-europa\/"},"wordCount":529,"articleSection":["notizie"],"inLanguage":"it-IT"},{"@type":"WebPage","@id":"https:\/\/www.effe-homecare.eu\/it\/effe-al-3-congresso-internazionale-sul-divario-salariale-verso-un-dialogo-sociale-strutturato-in-europa\/","url":"https:\/\/www.effe-homecare.eu\/it\/effe-al-3-congresso-internazionale-sul-divario-salariale-verso-un-dialogo-sociale-strutturato-in-europa\/","name":"EFFE al 3\u00b0 Congresso Internazionale sul Divario Salariale: Verso un Dialogo Sociale Strutturato in Europa - EFFE","isPartOf":{"@id":"https:\/\/www.effe-homecare.eu\/it\/#website"},"datePublished":"2024-12-10T12:38:00+00:00","dateModified":"2025-02-06T12:40:03+00:00","author":{"@id":"https:\/\/www.effe-homecare.eu\/it\/#\/schema\/person\/e6ba740027c6a6d08af528b4707e6622"},"breadcrumb":{"@id":"https:\/\/www.effe-homecare.eu\/it\/effe-al-3-congresso-internazionale-sul-divario-salariale-verso-un-dialogo-sociale-strutturato-in-europa\/#breadcrumb"},"inLanguage":"it-IT","potentialAction":[{"@type":"ReadAction","target":["https:\/\/www.effe-homecare.eu\/it\/effe-al-3-congresso-internazionale-sul-divario-salariale-verso-un-dialogo-sociale-strutturato-in-europa\/"]}]},{"@type":"BreadcrumbList","@id":"https:\/\/www.effe-homecare.eu\/it\/effe-al-3-congresso-internazionale-sul-divario-salariale-verso-un-dialogo-sociale-strutturato-in-europa\/#breadcrumb","itemListElement":[{"@type":"ListItem","position":1,"name":"","item":"https:\/\/www.effe-homecare.eu\/it\/"},{"@type":"ListItem","position":2,"name":"EFFE al 3\u00b0 Congresso Internazionale sul Divario Salariale: Verso un Dialogo Sociale Strutturato in Europa"}]},{"@type":"WebSite","@id":"https:\/\/www.effe-homecare.eu\/it\/#website","url":"https:\/\/www.effe-homecare.eu\/it\/","name":"EFFE","description":"F\u00e9d\u00e9ration Europ\u00e9enne des Emplois et de la Famille","potentialAction":[{"@type":"SearchAction","target":{"@type":"EntryPoint","urlTemplate":"https:\/\/www.effe-homecare.eu\/it\/?s={search_term_string}"},"query-input":{"@type":"PropertyValueSpecification","valueRequired":true,"valueName":"search_term_string"}}],"inLanguage":"it-IT"},{"@type":"Person","@id":"https:\/\/www.effe-homecare.eu\/it\/#\/schema\/person\/e6ba740027c6a6d08af528b4707e6622","name":"Thomas Hector","image":{"@type":"ImageObject","inLanguage":"it-IT","@id":"https:\/\/secure.gravatar.com\/avatar\/271213d1d93650bbc2c6f79507965bcb2eb1530a3de5ba0a65b68390e434b14d?s=96&d=mm&r=g","url":"https:\/\/secure.gravatar.com\/avatar\/271213d1d93650bbc2c6f79507965bcb2eb1530a3de5ba0a65b68390e434b14d?s=96&d=mm&r=g","contentUrl":"https:\/\/secure.gravatar.com\/avatar\/271213d1d93650bbc2c6f79507965bcb2eb1530a3de5ba0a65b68390e434b14d?s=96&d=mm&r=g","caption":"Thomas Hector"}}]}},"_links":{"self":[{"href":"https:\/\/www.effe-homecare.eu\/it\/wp-json\/wp\/v2\/posts\/8839","targetHints":{"allow":["GET"]}}],"collection":[{"href":"https:\/\/www.effe-homecare.eu\/it\/wp-json\/wp\/v2\/posts"}],"about":[{"href":"https:\/\/www.effe-homecare.eu\/it\/wp-json\/wp\/v2\/types\/post"}],"author":[{"embeddable":true,"href":"https:\/\/www.effe-homecare.eu\/it\/wp-json\/wp\/v2\/users\/6"}],"replies":[{"embeddable":true,"href":"https:\/\/www.effe-homecare.eu\/it\/wp-json\/wp\/v2\/comments?post=8839"}],"version-history":[{"count":2,"href":"https:\/\/www.effe-homecare.eu\/it\/wp-json\/wp\/v2\/posts\/8839\/revisions"}],"predecessor-version":[{"id":8841,"href":"https:\/\/www.effe-homecare.eu\/it\/wp-json\/wp\/v2\/posts\/8839\/revisions\/8841"}],"wp:attachment":[{"href":"https:\/\/www.effe-homecare.eu\/it\/wp-json\/wp\/v2\/media?parent=8839"}],"wp:term":[{"taxonomy":"category","embeddable":true,"href":"https:\/\/www.effe-homecare.eu\/it\/wp-json\/wp\/v2\/categories?post=8839"},{"taxonomy":"post_tag","embeddable":true,"href":"https:\/\/www.effe-homecare.eu\/it\/wp-json\/wp\/v2\/tags?post=8839"}],"curies":[{"name":"wp","href":"https:\/\/api.w.org\/{rel}","templated":true}]}}