{"id":8144,"date":"2024-04-17T20:03:00","date_gmt":"2024-04-17T18:03:00","guid":{"rendered":"https:\/\/www.effe-homecare.eu\/?p=8144"},"modified":"2024-06-18T01:09:42","modified_gmt":"2024-06-17T23:09:42","slug":"lincontro-europeo-care4care-segna-la-fine-della-prima-fase-di-ricerca","status":"publish","type":"post","link":"https:\/\/www.effe-homecare.eu\/it\/lincontro-europeo-care4care-segna-la-fine-della-prima-fase-di-ricerca\/","title":{"rendered":"L&#8217;incontro Europeo CARE4CARE segna la fine della prima fase di ricerca"},"content":{"rendered":"\n<p>Un passo importante \u00e8 stato compiuto il 17 aprile a Bruxelles presso la Rappresentanza della Regione europea Tirolo &#8211; Alto Adige &#8211; Trentino. Si trattava della riunione europea CARE4CARE, che ha riunito tutti i partner del progetto con le istituzioni europee e le parti interessate.<\/p>\n\n\n\n<p>Questo evento segna il culmine della prima fase di ricerca del nostro progetto. Nel corso dell&#8217;anno passato, i ricercatori hanno elaborato rapporti volti a identificare i bisogni pi\u00f9 urgenti nel settore delle cure. Per garantire l&#8217;accuratezza e la rilevanza di questi rapporti, ciascuno dei nostri partner accademici ha organizzato un evento nazionale, riunendo parti interessate locali, regionali e nazionali di vari settori per fornire contributi preziosi. Questo processo meticoloso ha aperto la strada alla riunione europea CARE4CARE del 17 aprile.<\/p>\n\n\n\n<p>Organizzato da TOUR4EU, la Federazione Europea del Lavoro Domestico e dell\u2019Assistenza Domiciliare (EFFE) e la Federazione europea dei servizi alla persona (EFSI), il nostro evento ha ricevuto il patrocinio del Comitato economico e sociale europeo e la partecipazione della Presidenza belga dell&#8217;UE, riunendo rappresentanti delle istituzioni europee, delle universit\u00e0, delle associazioni datori di lavoro e della societ\u00e0 civile.<\/p>\n\n\n\n<p>L&#8217;ordine del giorno della giornata comprendeva tre parti principali. All&#8217;inizio, \u00e8 stato dedicato del tempo per presentare i risultati iniziali dei rapporti nazionali dei sei paesi studiati: Italia, Polonia, Francia, Germania, Svezia e Spagna. Successivamente, sono stati presentati rapporti comparativi dai ricercatori della Facolt\u00e0 di Giurisprudenza dell&#8217;Universit\u00e0 di Lund e dell&#8217;Universit\u00e0 di Girona.<\/p>\n\n\n\n<p>Successivamente, i partecipanti hanno preso parte a sessioni parallele animate da Isabelle Kronisch (OCSE), Massimiliano Mascherini (Eurofound), Christophe Van Hemelryck (Rete europea delle migrazioni) e Barbara Helfferich (Gender Five Plus) per esplorare argomenti come il dialogo sociale, le condizioni di lavoro, la discriminazione legata alla migrazione e l&#8217;uguaglianza di genere. Infine, i moderatori delle sessioni hanno riassunto le riflessioni e i risultati essenziali, aprendo la strada a una discussione plenaria che ha permesso alle organizzazioni partecipanti di esporre punti di vista diversificati.<\/p>\n\n\n\n<p>La giornata si \u00e8 conclusa con una sequenza pi\u00f9 istituzionale, con scambi tra Marta Pradanos della Commissione europea, Francesco Corti in rappresentanza della Presidenza belga del Consiglio dell&#8217;Unione europea 2024, e Kinga Jo\u00f3 del Comitato economico e sociale europeo, che hanno potuto apportare i loro preziosi contributi al dibattito ed emettere raccomandazioni politiche.<\/p>\n\n\n\n<p>Per ricordare, il progetto ambizioso, coordinato da un team dell&#8217;Universit\u00e0 di Firenze, mira a stabilire un quadro analitico e regolamentare per il settore delle cure, riproducibile in altri paesi, e a concepire nuove strategie istituzionali. Inoltre, cerca di coinvolgere attivamente i lavoratori delle cure e i loro rappresentanti nelle decisioni politiche che li riguardano e di sviluppare una piattaforma web che fornisca informazioni accessibili sulle condizioni di lavoro per aumentare la consapevolezza.<\/p>\n\n\n\n<p>Per maggiori informazioni sul progetto, visita il s<a href=\"https:\/\/www.care4care.net\/\">ito ufficiale di Care4Care<\/a>.<\/p>\n","protected":false},"excerpt":{"rendered":"<p>Un passo importante \u00e8 stato compiuto il 17 aprile a Bruxelles presso la Rappresentanza della Regione europea Tirolo &#8211; Alto Adige &#8211; Trentino. Si trattava della riunione europea CARE4CARE, che ha riunito tutti i partner del progetto con le istituzioni europee e le parti interessate. Questo evento segna il culmine della prima fase di ricerca [&hellip;]<\/p>\n","protected":false},"author":6,"featured_media":0,"comment_status":"closed","ping_status":"closed","sticky":false,"template":"","format":"standard","meta":{"_acf_changed":false,"_monsterinsights_skip_tracking":false,"_monsterinsights_sitenote_active":false,"_monsterinsights_sitenote_note":"","_monsterinsights_sitenote_category":0,"footnotes":""},"categories":[83,86],"tags":[],"class_list":["post-8144","post","type-post","status-publish","format-standard","hentry","category-notizie","category-progetti-europei"],"acf":[],"yoast_head":"<!-- This site is optimized with the Yoast SEO plugin v27.3 - https:\/\/yoast.com\/product\/yoast-seo-wordpress\/ -->\n<title>L&#039;incontro Europeo CARE4CARE segna la fine della prima fase di ricerca - EFFE<\/title>\n<meta name=\"robots\" content=\"index, follow, max-snippet:-1, max-image-preview:large, max-video-preview:-1\" \/>\n<link rel=\"canonical\" href=\"https:\/\/www.effe-homecare.eu\/it\/lincontro-europeo-care4care-segna-la-fine-della-prima-fase-di-ricerca\/\" \/>\n<meta property=\"og:locale\" content=\"it_IT\" \/>\n<meta property=\"og:type\" content=\"article\" \/>\n<meta property=\"og:title\" content=\"L&#039;incontro Europeo CARE4CARE segna la fine della prima fase di ricerca - EFFE\" \/>\n<meta property=\"og:description\" content=\"Un passo importante \u00e8 stato compiuto il 17 aprile a Bruxelles presso la Rappresentanza della Regione europea Tirolo &#8211; Alto Adige &#8211; Trentino. Si trattava della riunione europea CARE4CARE, che ha riunito tutti i partner del progetto con le istituzioni europee e le parti interessate. Questo evento segna il culmine della prima fase di ricerca [&hellip;]\" \/>\n<meta property=\"og:url\" content=\"https:\/\/www.effe-homecare.eu\/it\/lincontro-europeo-care4care-segna-la-fine-della-prima-fase-di-ricerca\/\" \/>\n<meta property=\"og:site_name\" content=\"EFFE\" \/>\n<meta property=\"article:published_time\" content=\"2024-04-17T18:03:00+00:00\" \/>\n<meta property=\"article:modified_time\" content=\"2024-06-17T23:09:42+00:00\" \/>\n<meta name=\"author\" content=\"Thomas Hector\" \/>\n<meta name=\"twitter:card\" content=\"summary_large_image\" \/>\n<meta name=\"twitter:label1\" content=\"Scritto da\" \/>\n\t<meta name=\"twitter:data1\" content=\"Thomas Hector\" \/>\n\t<meta name=\"twitter:label2\" content=\"Tempo di lettura stimato\" \/>\n\t<meta name=\"twitter:data2\" content=\"3 minuti\" \/>\n<script type=\"application\/ld+json\" class=\"yoast-schema-graph\">{\"@context\":\"https:\\\/\\\/schema.org\",\"@graph\":[{\"@type\":\"Article\",\"@id\":\"https:\\\/\\\/www.effe-homecare.eu\\\/it\\\/lincontro-europeo-care4care-segna-la-fine-della-prima-fase-di-ricerca\\\/#article\",\"isPartOf\":{\"@id\":\"https:\\\/\\\/www.effe-homecare.eu\\\/it\\\/lincontro-europeo-care4care-segna-la-fine-della-prima-fase-di-ricerca\\\/\"},\"author\":{\"name\":\"Thomas Hector\",\"@id\":\"https:\\\/\\\/www.effe-homecare.eu\\\/it\\\/#\\\/schema\\\/person\\\/e6ba740027c6a6d08af528b4707e6622\"},\"headline\":\"L&#8217;incontro Europeo CARE4CARE segna la fine della prima fase di ricerca\",\"datePublished\":\"2024-04-17T18:03:00+00:00\",\"dateModified\":\"2024-06-17T23:09:42+00:00\",\"mainEntityOfPage\":{\"@id\":\"https:\\\/\\\/www.effe-homecare.eu\\\/it\\\/lincontro-europeo-care4care-segna-la-fine-della-prima-fase-di-ricerca\\\/\"},\"wordCount\":476,\"articleSection\":[\"notizie\",\"progetti europei\"],\"inLanguage\":\"it-IT\"},{\"@type\":\"WebPage\",\"@id\":\"https:\\\/\\\/www.effe-homecare.eu\\\/it\\\/lincontro-europeo-care4care-segna-la-fine-della-prima-fase-di-ricerca\\\/\",\"url\":\"https:\\\/\\\/www.effe-homecare.eu\\\/it\\\/lincontro-europeo-care4care-segna-la-fine-della-prima-fase-di-ricerca\\\/\",\"name\":\"L'incontro Europeo CARE4CARE segna la fine della prima fase di ricerca - EFFE\",\"isPartOf\":{\"@id\":\"https:\\\/\\\/www.effe-homecare.eu\\\/it\\\/#website\"},\"datePublished\":\"2024-04-17T18:03:00+00:00\",\"dateModified\":\"2024-06-17T23:09:42+00:00\",\"author\":{\"@id\":\"https:\\\/\\\/www.effe-homecare.eu\\\/it\\\/#\\\/schema\\\/person\\\/e6ba740027c6a6d08af528b4707e6622\"},\"breadcrumb\":{\"@id\":\"https:\\\/\\\/www.effe-homecare.eu\\\/it\\\/lincontro-europeo-care4care-segna-la-fine-della-prima-fase-di-ricerca\\\/#breadcrumb\"},\"inLanguage\":\"it-IT\",\"potentialAction\":[{\"@type\":\"ReadAction\",\"target\":[\"https:\\\/\\\/www.effe-homecare.eu\\\/it\\\/lincontro-europeo-care4care-segna-la-fine-della-prima-fase-di-ricerca\\\/\"]}]},{\"@type\":\"BreadcrumbList\",\"@id\":\"https:\\\/\\\/www.effe-homecare.eu\\\/it\\\/lincontro-europeo-care4care-segna-la-fine-della-prima-fase-di-ricerca\\\/#breadcrumb\",\"itemListElement\":[{\"@type\":\"ListItem\",\"position\":1,\"name\":\"\",\"item\":\"https:\\\/\\\/www.effe-homecare.eu\\\/it\\\/\"},{\"@type\":\"ListItem\",\"position\":2,\"name\":\"L&#8217;incontro Europeo CARE4CARE segna la fine della prima fase di ricerca\"}]},{\"@type\":\"WebSite\",\"@id\":\"https:\\\/\\\/www.effe-homecare.eu\\\/it\\\/#website\",\"url\":\"https:\\\/\\\/www.effe-homecare.eu\\\/it\\\/\",\"name\":\"EFFE\",\"description\":\"F\u00e9d\u00e9ration Europ\u00e9enne des Emplois et de la Famille\",\"potentialAction\":[{\"@type\":\"SearchAction\",\"target\":{\"@type\":\"EntryPoint\",\"urlTemplate\":\"https:\\\/\\\/www.effe-homecare.eu\\\/it\\\/?s={search_term_string}\"},\"query-input\":{\"@type\":\"PropertyValueSpecification\",\"valueRequired\":true,\"valueName\":\"search_term_string\"}}],\"inLanguage\":\"it-IT\"},{\"@type\":\"Person\",\"@id\":\"https:\\\/\\\/www.effe-homecare.eu\\\/it\\\/#\\\/schema\\\/person\\\/e6ba740027c6a6d08af528b4707e6622\",\"name\":\"Thomas Hector\",\"image\":{\"@type\":\"ImageObject\",\"inLanguage\":\"it-IT\",\"@id\":\"https:\\\/\\\/secure.gravatar.com\\\/avatar\\\/271213d1d93650bbc2c6f79507965bcb2eb1530a3de5ba0a65b68390e434b14d?s=96&d=mm&r=g\",\"url\":\"https:\\\/\\\/secure.gravatar.com\\\/avatar\\\/271213d1d93650bbc2c6f79507965bcb2eb1530a3de5ba0a65b68390e434b14d?s=96&d=mm&r=g\",\"contentUrl\":\"https:\\\/\\\/secure.gravatar.com\\\/avatar\\\/271213d1d93650bbc2c6f79507965bcb2eb1530a3de5ba0a65b68390e434b14d?s=96&d=mm&r=g\",\"caption\":\"Thomas Hector\"}}]}<\/script>\n<!-- \/ Yoast SEO plugin. -->","yoast_head_json":{"title":"L'incontro Europeo CARE4CARE segna la fine della prima fase di ricerca - EFFE","robots":{"index":"index","follow":"follow","max-snippet":"max-snippet:-1","max-image-preview":"max-image-preview:large","max-video-preview":"max-video-preview:-1"},"canonical":"https:\/\/www.effe-homecare.eu\/it\/lincontro-europeo-care4care-segna-la-fine-della-prima-fase-di-ricerca\/","og_locale":"it_IT","og_type":"article","og_title":"L'incontro Europeo CARE4CARE segna la fine della prima fase di ricerca - EFFE","og_description":"Un passo importante \u00e8 stato compiuto il 17 aprile a Bruxelles presso la Rappresentanza della Regione europea Tirolo &#8211; Alto Adige &#8211; Trentino. Si trattava della riunione europea CARE4CARE, che ha riunito tutti i partner del progetto con le istituzioni europee e le parti interessate. Questo evento segna il culmine della prima fase di ricerca [&hellip;]","og_url":"https:\/\/www.effe-homecare.eu\/it\/lincontro-europeo-care4care-segna-la-fine-della-prima-fase-di-ricerca\/","og_site_name":"EFFE","article_published_time":"2024-04-17T18:03:00+00:00","article_modified_time":"2024-06-17T23:09:42+00:00","author":"Thomas Hector","twitter_card":"summary_large_image","twitter_misc":{"Scritto da":"Thomas Hector","Tempo di lettura stimato":"3 minuti"},"schema":{"@context":"https:\/\/schema.org","@graph":[{"@type":"Article","@id":"https:\/\/www.effe-homecare.eu\/it\/lincontro-europeo-care4care-segna-la-fine-della-prima-fase-di-ricerca\/#article","isPartOf":{"@id":"https:\/\/www.effe-homecare.eu\/it\/lincontro-europeo-care4care-segna-la-fine-della-prima-fase-di-ricerca\/"},"author":{"name":"Thomas Hector","@id":"https:\/\/www.effe-homecare.eu\/it\/#\/schema\/person\/e6ba740027c6a6d08af528b4707e6622"},"headline":"L&#8217;incontro Europeo CARE4CARE segna la fine della prima fase di ricerca","datePublished":"2024-04-17T18:03:00+00:00","dateModified":"2024-06-17T23:09:42+00:00","mainEntityOfPage":{"@id":"https:\/\/www.effe-homecare.eu\/it\/lincontro-europeo-care4care-segna-la-fine-della-prima-fase-di-ricerca\/"},"wordCount":476,"articleSection":["notizie","progetti europei"],"inLanguage":"it-IT"},{"@type":"WebPage","@id":"https:\/\/www.effe-homecare.eu\/it\/lincontro-europeo-care4care-segna-la-fine-della-prima-fase-di-ricerca\/","url":"https:\/\/www.effe-homecare.eu\/it\/lincontro-europeo-care4care-segna-la-fine-della-prima-fase-di-ricerca\/","name":"L'incontro Europeo CARE4CARE segna la fine della prima fase di ricerca - EFFE","isPartOf":{"@id":"https:\/\/www.effe-homecare.eu\/it\/#website"},"datePublished":"2024-04-17T18:03:00+00:00","dateModified":"2024-06-17T23:09:42+00:00","author":{"@id":"https:\/\/www.effe-homecare.eu\/it\/#\/schema\/person\/e6ba740027c6a6d08af528b4707e6622"},"breadcrumb":{"@id":"https:\/\/www.effe-homecare.eu\/it\/lincontro-europeo-care4care-segna-la-fine-della-prima-fase-di-ricerca\/#breadcrumb"},"inLanguage":"it-IT","potentialAction":[{"@type":"ReadAction","target":["https:\/\/www.effe-homecare.eu\/it\/lincontro-europeo-care4care-segna-la-fine-della-prima-fase-di-ricerca\/"]}]},{"@type":"BreadcrumbList","@id":"https:\/\/www.effe-homecare.eu\/it\/lincontro-europeo-care4care-segna-la-fine-della-prima-fase-di-ricerca\/#breadcrumb","itemListElement":[{"@type":"ListItem","position":1,"name":"","item":"https:\/\/www.effe-homecare.eu\/it\/"},{"@type":"ListItem","position":2,"name":"L&#8217;incontro Europeo CARE4CARE segna la fine della prima fase di ricerca"}]},{"@type":"WebSite","@id":"https:\/\/www.effe-homecare.eu\/it\/#website","url":"https:\/\/www.effe-homecare.eu\/it\/","name":"EFFE","description":"F\u00e9d\u00e9ration Europ\u00e9enne des Emplois et de la Famille","potentialAction":[{"@type":"SearchAction","target":{"@type":"EntryPoint","urlTemplate":"https:\/\/www.effe-homecare.eu\/it\/?s={search_term_string}"},"query-input":{"@type":"PropertyValueSpecification","valueRequired":true,"valueName":"search_term_string"}}],"inLanguage":"it-IT"},{"@type":"Person","@id":"https:\/\/www.effe-homecare.eu\/it\/#\/schema\/person\/e6ba740027c6a6d08af528b4707e6622","name":"Thomas Hector","image":{"@type":"ImageObject","inLanguage":"it-IT","@id":"https:\/\/secure.gravatar.com\/avatar\/271213d1d93650bbc2c6f79507965bcb2eb1530a3de5ba0a65b68390e434b14d?s=96&d=mm&r=g","url":"https:\/\/secure.gravatar.com\/avatar\/271213d1d93650bbc2c6f79507965bcb2eb1530a3de5ba0a65b68390e434b14d?s=96&d=mm&r=g","contentUrl":"https:\/\/secure.gravatar.com\/avatar\/271213d1d93650bbc2c6f79507965bcb2eb1530a3de5ba0a65b68390e434b14d?s=96&d=mm&r=g","caption":"Thomas Hector"}}]}},"_links":{"self":[{"href":"https:\/\/www.effe-homecare.eu\/it\/wp-json\/wp\/v2\/posts\/8144","targetHints":{"allow":["GET"]}}],"collection":[{"href":"https:\/\/www.effe-homecare.eu\/it\/wp-json\/wp\/v2\/posts"}],"about":[{"href":"https:\/\/www.effe-homecare.eu\/it\/wp-json\/wp\/v2\/types\/post"}],"author":[{"embeddable":true,"href":"https:\/\/www.effe-homecare.eu\/it\/wp-json\/wp\/v2\/users\/6"}],"replies":[{"embeddable":true,"href":"https:\/\/www.effe-homecare.eu\/it\/wp-json\/wp\/v2\/comments?post=8144"}],"version-history":[{"count":2,"href":"https:\/\/www.effe-homecare.eu\/it\/wp-json\/wp\/v2\/posts\/8144\/revisions"}],"predecessor-version":[{"id":8147,"href":"https:\/\/www.effe-homecare.eu\/it\/wp-json\/wp\/v2\/posts\/8144\/revisions\/8147"}],"wp:attachment":[{"href":"https:\/\/www.effe-homecare.eu\/it\/wp-json\/wp\/v2\/media?parent=8144"}],"wp:term":[{"taxonomy":"category","embeddable":true,"href":"https:\/\/www.effe-homecare.eu\/it\/wp-json\/wp\/v2\/categories?post=8144"},{"taxonomy":"post_tag","embeddable":true,"href":"https:\/\/www.effe-homecare.eu\/it\/wp-json\/wp\/v2\/tags?post=8144"}],"curies":[{"name":"wp","href":"https:\/\/api.w.org\/{rel}","templated":true}]}}