{"id":8141,"date":"2024-05-15T18:10:00","date_gmt":"2024-05-15T16:10:00","guid":{"rendered":"https:\/\/www.effe-homecare.eu\/?p=8141"},"modified":"2024-06-18T00:59:47","modified_gmt":"2024-06-17T22:59:47","slug":"assemblea-generale-del-14-maggio","status":"publish","type":"post","link":"https:\/\/www.effe-homecare.eu\/it\/assemblea-generale-del-14-maggio\/","title":{"rendered":"Assemblea Generale del 14 maggio"},"content":{"rendered":"\n<p>L&#8217;Assemblea Generale del 14 maggio ha segnato una tappa importante per la nostra organizzazione, poich\u00e9 abbiamo presentato la nostra visione strategica per il 2024 e accolto nuovi membri nella nostra federazione. Presieduta dalla Presidente Marie B\u00e9atrice Levaux, l&#8217;assemblea ha riaffermato il nostro impegno per la leadership e l&#8217;innovazione nel nostro settore.<\/p>\n\n\n\n<p>Un momento cruciale \u00e8 stato la rielezione del nostro consiglio esecutivo. Marie B\u00e9atrice Levaux \u00e8 stata rieletta Presidente, garantendo continuit\u00e0 e una forte leadership per i prossimi tre anni. Insieme a lei, i Vicepresidenti Karmele Acedo e Andrea Zini portano preziose competenze e dedizione ai loro ruoli, mentre Anita Poutard, come Tesoriere, assicura la governance efficace e la rappresentanza della nostra organizzazione.<\/p>\n\n\n\n<p>Mentre ci prepariamo per le elezioni europee, il nostro obiettivo rimane quello di creare collaborazioni significative con i nuovi membri del Parlamento Europeo (MEP) e i commissari. Questa iniziativa strategica mira a influenzare le discussioni politiche e a sostenere il settore dell&#8217;assistenza domestica e i nostri valori fondamentali su una scala europea pi\u00f9 ampia. Sulla base delle nostre interazioni di successo nelle assemblee passate, ci impegniamo a rafforzare i legami con i MEP e i commissari. Questo sforzo migliorer\u00e0 la nostra capacit\u00e0 di influenzare i risultati legislativi che si allineano alla nostra missione e ai bisogni delle famiglie in tutta Europa. Uno dei nostri principali obiettivi per il 2024 \u00e8 promuovere l&#8217;integrazione dell&#8217;assistenza domiciliare nel contesto europeo. Questa iniziativa sottolinea il nostro impegno a migliorare gli standard e i sistemi di supporto per i lavoratori domestici, i caregiver e le famiglie.<\/p>\n\n\n\n<p>L&#8217;Assemblea Generale ha accettato con entusiasmo la candidatura di due nuovi membri, ciascuno portando prospettive e contributi unici alla nostra organizzazione:<\/p>\n\n\n\n<div class=\"wp-block-columns is-layout-flex wp-container-core-columns-is-layout-9d6595d7 wp-block-columns-is-layout-flex\">\n<div class=\"wp-block-column is-vertically-aligned-center is-layout-flow wp-block-column-is-layout-flow\">\n<figure class=\"wp-block-image size-large\"><img loading=\"lazy\" decoding=\"async\" width=\"1024\" height=\"199\" src=\"https:\/\/www.effe-homecare.eu\/wp-content\/uploads\/2024\/06\/Logo-Gastouder-Cooperatie-1024x199.png\" alt=\"\" class=\"wp-image-8117\" srcset=\"https:\/\/www.effe-homecare.eu\/wp-content\/uploads\/2024\/06\/Logo-Gastouder-Cooperatie-1024x199.png 1024w, https:\/\/www.effe-homecare.eu\/wp-content\/uploads\/2024\/06\/Logo-Gastouder-Cooperatie-300x58.png 300w, https:\/\/www.effe-homecare.eu\/wp-content\/uploads\/2024\/06\/Logo-Gastouder-Cooperatie-768x150.png 768w, https:\/\/www.effe-homecare.eu\/wp-content\/uploads\/2024\/06\/Logo-Gastouder-Cooperatie-1536x299.png 1536w, https:\/\/www.effe-homecare.eu\/wp-content\/uploads\/2024\/06\/Logo-Gastouder-Cooperatie-2048x399.png 2048w, https:\/\/www.effe-homecare.eu\/wp-content\/uploads\/2024\/06\/Logo-Gastouder-Cooperatie-100x19.png 100w, https:\/\/www.effe-homecare.eu\/wp-content\/uploads\/2024\/06\/Logo-Gastouder-Cooperatie-60x12.png 60w\" sizes=\"auto, (max-width: 1024px) 100vw, 1024px\" \/><\/figure>\n<\/div>\n\n\n\n<div class=\"wp-block-column is-layout-flow wp-block-column-is-layout-flow\">\n<p><strong>Co\u00f6peratieve Vereniging Gastouders Nederland (Gastouderco\u00f6peratie Nederland)<\/strong> \u00e8 emersa come una forza pionieristica nel settore dell&#8217;assistenza all&#8217;infanzia nei Paesi Bassi. Fondata nel 2018, questa cooperativa di assistenti materne autonome consente ai suoi membri di negoziare direttamente le tariffe orarie, aumentando cos\u00ec i loro redditi professionali e bypassando i margini di profitto tradizionalmente imposti dagli uffici di mediazione commerciali. Oltre a promuovere pratiche di lavoro eque, la cooperativa fornisce supporto essenziale come assicurazione, formazione e orientamento, stabilendo uno standard per l&#8217;integrazione dei servizi di assistenza domiciliare e all&#8217;infanzia nei Paesi Bassi. Ci\u00f2 consente alle assistenti materne di avere condizioni di lavoro sostenibili e quindi di offrire ai bambini un ambiente familiare, garantendo un&#8217;esperienza di cura attenta e personalizzata.<\/p>\n<\/div>\n<\/div>\n\n\n\n<div class=\"wp-block-columns is-layout-flex wp-container-core-columns-is-layout-9d6595d7 wp-block-columns-is-layout-flex\">\n<div class=\"wp-block-column is-vertically-aligned-center is-layout-flow wp-block-column-is-layout-flow\">\n<p><strong>ACLI in Famiglia (AIF)<\/strong>, creata nel 2017 sotto gli auspici delle ACLI, si distingue come un fervente sostenitore dei diritti delle famiglie e dei lavoratori domestici in Italia. Dedicata a favorire un dialogo costruttivo e un&#8217;advocacy legislativa, AIF svolge un ruolo cruciale nel fare da ponte tra i bisogni delle famiglie datori di lavoro e i diritti e il benessere dei lavoratori domestici. Grazie a partnership strategiche e accordi nazionali, AIF garantisce ai suoi membri l&#8217;accesso a servizi essenziali e supporto in tutta Italia, promuovendo ambienti di lavoro equi e dignitosi.<\/p>\n<\/div>\n\n\n\n<div class=\"wp-block-column is-layout-flow wp-block-column-is-layout-flow\">\n<figure class=\"wp-block-image size-full\"><img loading=\"lazy\" decoding=\"async\" width=\"225\" height=\"224\" src=\"https:\/\/www.effe-homecare.eu\/wp-content\/uploads\/2024\/06\/ACLI-1.png\" alt=\"\" class=\"wp-image-8139\" srcset=\"https:\/\/www.effe-homecare.eu\/wp-content\/uploads\/2024\/06\/ACLI-1.png 225w, https:\/\/www.effe-homecare.eu\/wp-content\/uploads\/2024\/06\/ACLI-1-150x150.png 150w, https:\/\/www.effe-homecare.eu\/wp-content\/uploads\/2024\/06\/ACLI-1-100x100.png 100w, https:\/\/www.effe-homecare.eu\/wp-content\/uploads\/2024\/06\/ACLI-1-60x60.png 60w\" sizes=\"auto, (max-width: 225px) 100vw, 225px\" \/><\/figure>\n<\/div>\n<\/div>\n\n\n\n<p>In conclusione, l&#8217;Assemblea Generale del 14 maggio non solo ha delineato la nostra roadmap strategica per il 2024, ma ha anche rafforzato il nostro team di leadership e ampliato la nostra adesione con organizzazioni impegnate a promuovere i diritti dei lavoratori e il benessere sociale in tutta Europa. Mentre intraprendiamo questo viaggio con vigore e unit\u00e0 rinnovati, rimaniamo fermi nella nostra missione di promuovere equit\u00e0, empowerment e crescita inclusiva all&#8217;interno della nostra comunit\u00e0 e oltre.<\/p>\n","protected":false},"excerpt":{"rendered":"<p>L&#8217;Assemblea Generale del 14 maggio ha segnato una tappa importante per la nostra organizzazione, poich\u00e9 abbiamo presentato la nostra visione strategica per il 2024 e accolto nuovi membri nella nostra federazione. Presieduta dalla Presidente Marie B\u00e9atrice Levaux, l&#8217;assemblea ha riaffermato il nostro impegno per la leadership e l&#8217;innovazione nel nostro settore. Un momento cruciale \u00e8 [&hellip;]<\/p>\n","protected":false},"author":6,"featured_media":0,"comment_status":"closed","ping_status":"closed","sticky":false,"template":"","format":"standard","meta":{"_acf_changed":false,"_monsterinsights_skip_tracking":false,"_monsterinsights_sitenote_active":false,"_monsterinsights_sitenote_note":"","_monsterinsights_sitenote_category":0,"footnotes":""},"categories":[83,76],"tags":[],"class_list":["post-8141","post","type-post","status-publish","format-standard","hentry","category-notizie","category-senza-categoria"],"acf":[],"yoast_head":"<!-- This site is optimized with the Yoast SEO plugin v27.3 - https:\/\/yoast.com\/product\/yoast-seo-wordpress\/ -->\n<title>Assemblea Generale del 14 maggio - EFFE<\/title>\n<meta name=\"robots\" content=\"index, follow, max-snippet:-1, max-image-preview:large, max-video-preview:-1\" \/>\n<link rel=\"canonical\" href=\"https:\/\/www.effe-homecare.eu\/it\/assemblea-generale-del-14-maggio\/\" \/>\n<meta property=\"og:locale\" content=\"it_IT\" \/>\n<meta property=\"og:type\" content=\"article\" \/>\n<meta property=\"og:title\" content=\"Assemblea Generale del 14 maggio - EFFE\" \/>\n<meta property=\"og:description\" content=\"L&#8217;Assemblea Generale del 14 maggio ha segnato una tappa importante per la nostra organizzazione, poich\u00e9 abbiamo presentato la nostra visione strategica per il 2024 e accolto nuovi membri nella nostra federazione. Presieduta dalla Presidente Marie B\u00e9atrice Levaux, l&#8217;assemblea ha riaffermato il nostro impegno per la leadership e l&#8217;innovazione nel nostro settore. Un momento cruciale \u00e8 [&hellip;]\" \/>\n<meta property=\"og:url\" content=\"https:\/\/www.effe-homecare.eu\/it\/assemblea-generale-del-14-maggio\/\" \/>\n<meta property=\"og:site_name\" content=\"EFFE\" \/>\n<meta property=\"article:published_time\" content=\"2024-05-15T16:10:00+00:00\" \/>\n<meta property=\"article:modified_time\" content=\"2024-06-17T22:59:47+00:00\" \/>\n<meta property=\"og:image\" content=\"https:\/\/www.effe-homecare.eu\/wp-content\/uploads\/2024\/06\/Logo-Gastouder-Cooperatie-1024x199.png\" \/>\n<meta name=\"author\" content=\"Thomas Hector\" \/>\n<meta name=\"twitter:card\" content=\"summary_large_image\" \/>\n<meta name=\"twitter:label1\" content=\"Scritto da\" \/>\n\t<meta name=\"twitter:data1\" content=\"Thomas Hector\" \/>\n\t<meta name=\"twitter:label2\" content=\"Tempo di lettura stimato\" \/>\n\t<meta name=\"twitter:data2\" content=\"4 minuti\" \/>\n<script type=\"application\/ld+json\" class=\"yoast-schema-graph\">{\"@context\":\"https:\\\/\\\/schema.org\",\"@graph\":[{\"@type\":\"Article\",\"@id\":\"https:\\\/\\\/www.effe-homecare.eu\\\/it\\\/assemblea-generale-del-14-maggio\\\/#article\",\"isPartOf\":{\"@id\":\"https:\\\/\\\/www.effe-homecare.eu\\\/it\\\/assemblea-generale-del-14-maggio\\\/\"},\"author\":{\"name\":\"Thomas Hector\",\"@id\":\"https:\\\/\\\/www.effe-homecare.eu\\\/it\\\/#\\\/schema\\\/person\\\/e6ba740027c6a6d08af528b4707e6622\"},\"headline\":\"Assemblea Generale del 14 maggio\",\"datePublished\":\"2024-05-15T16:10:00+00:00\",\"dateModified\":\"2024-06-17T22:59:47+00:00\",\"mainEntityOfPage\":{\"@id\":\"https:\\\/\\\/www.effe-homecare.eu\\\/it\\\/assemblea-generale-del-14-maggio\\\/\"},\"wordCount\":570,\"image\":{\"@id\":\"https:\\\/\\\/www.effe-homecare.eu\\\/it\\\/assemblea-generale-del-14-maggio\\\/#primaryimage\"},\"thumbnailUrl\":\"https:\\\/\\\/www.effe-homecare.eu\\\/wp-content\\\/uploads\\\/2024\\\/06\\\/Logo-Gastouder-Cooperatie-1024x199.png\",\"articleSection\":[\"notizie\",\"senza categoria\"],\"inLanguage\":\"it-IT\"},{\"@type\":\"WebPage\",\"@id\":\"https:\\\/\\\/www.effe-homecare.eu\\\/it\\\/assemblea-generale-del-14-maggio\\\/\",\"url\":\"https:\\\/\\\/www.effe-homecare.eu\\\/it\\\/assemblea-generale-del-14-maggio\\\/\",\"name\":\"Assemblea Generale del 14 maggio - EFFE\",\"isPartOf\":{\"@id\":\"https:\\\/\\\/www.effe-homecare.eu\\\/it\\\/#website\"},\"primaryImageOfPage\":{\"@id\":\"https:\\\/\\\/www.effe-homecare.eu\\\/it\\\/assemblea-generale-del-14-maggio\\\/#primaryimage\"},\"image\":{\"@id\":\"https:\\\/\\\/www.effe-homecare.eu\\\/it\\\/assemblea-generale-del-14-maggio\\\/#primaryimage\"},\"thumbnailUrl\":\"https:\\\/\\\/www.effe-homecare.eu\\\/wp-content\\\/uploads\\\/2024\\\/06\\\/Logo-Gastouder-Cooperatie-1024x199.png\",\"datePublished\":\"2024-05-15T16:10:00+00:00\",\"dateModified\":\"2024-06-17T22:59:47+00:00\",\"author\":{\"@id\":\"https:\\\/\\\/www.effe-homecare.eu\\\/it\\\/#\\\/schema\\\/person\\\/e6ba740027c6a6d08af528b4707e6622\"},\"breadcrumb\":{\"@id\":\"https:\\\/\\\/www.effe-homecare.eu\\\/it\\\/assemblea-generale-del-14-maggio\\\/#breadcrumb\"},\"inLanguage\":\"it-IT\",\"potentialAction\":[{\"@type\":\"ReadAction\",\"target\":[\"https:\\\/\\\/www.effe-homecare.eu\\\/it\\\/assemblea-generale-del-14-maggio\\\/\"]}]},{\"@type\":\"ImageObject\",\"inLanguage\":\"it-IT\",\"@id\":\"https:\\\/\\\/www.effe-homecare.eu\\\/it\\\/assemblea-generale-del-14-maggio\\\/#primaryimage\",\"url\":\"https:\\\/\\\/www.effe-homecare.eu\\\/wp-content\\\/uploads\\\/2024\\\/06\\\/Logo-Gastouder-Cooperatie-1024x199.png\",\"contentUrl\":\"https:\\\/\\\/www.effe-homecare.eu\\\/wp-content\\\/uploads\\\/2024\\\/06\\\/Logo-Gastouder-Cooperatie-1024x199.png\"},{\"@type\":\"BreadcrumbList\",\"@id\":\"https:\\\/\\\/www.effe-homecare.eu\\\/it\\\/assemblea-generale-del-14-maggio\\\/#breadcrumb\",\"itemListElement\":[{\"@type\":\"ListItem\",\"position\":1,\"name\":\"\",\"item\":\"https:\\\/\\\/www.effe-homecare.eu\\\/it\\\/\"},{\"@type\":\"ListItem\",\"position\":2,\"name\":\"Assemblea Generale del 14 maggio\"}]},{\"@type\":\"WebSite\",\"@id\":\"https:\\\/\\\/www.effe-homecare.eu\\\/it\\\/#website\",\"url\":\"https:\\\/\\\/www.effe-homecare.eu\\\/it\\\/\",\"name\":\"EFFE\",\"description\":\"F\u00e9d\u00e9ration Europ\u00e9enne des Emplois et de la Famille\",\"potentialAction\":[{\"@type\":\"SearchAction\",\"target\":{\"@type\":\"EntryPoint\",\"urlTemplate\":\"https:\\\/\\\/www.effe-homecare.eu\\\/it\\\/?s={search_term_string}\"},\"query-input\":{\"@type\":\"PropertyValueSpecification\",\"valueRequired\":true,\"valueName\":\"search_term_string\"}}],\"inLanguage\":\"it-IT\"},{\"@type\":\"Person\",\"@id\":\"https:\\\/\\\/www.effe-homecare.eu\\\/it\\\/#\\\/schema\\\/person\\\/e6ba740027c6a6d08af528b4707e6622\",\"name\":\"Thomas Hector\",\"image\":{\"@type\":\"ImageObject\",\"inLanguage\":\"it-IT\",\"@id\":\"https:\\\/\\\/secure.gravatar.com\\\/avatar\\\/271213d1d93650bbc2c6f79507965bcb2eb1530a3de5ba0a65b68390e434b14d?s=96&d=mm&r=g\",\"url\":\"https:\\\/\\\/secure.gravatar.com\\\/avatar\\\/271213d1d93650bbc2c6f79507965bcb2eb1530a3de5ba0a65b68390e434b14d?s=96&d=mm&r=g\",\"contentUrl\":\"https:\\\/\\\/secure.gravatar.com\\\/avatar\\\/271213d1d93650bbc2c6f79507965bcb2eb1530a3de5ba0a65b68390e434b14d?s=96&d=mm&r=g\",\"caption\":\"Thomas Hector\"}}]}<\/script>\n<!-- \/ Yoast SEO plugin. -->","yoast_head_json":{"title":"Assemblea Generale del 14 maggio - EFFE","robots":{"index":"index","follow":"follow","max-snippet":"max-snippet:-1","max-image-preview":"max-image-preview:large","max-video-preview":"max-video-preview:-1"},"canonical":"https:\/\/www.effe-homecare.eu\/it\/assemblea-generale-del-14-maggio\/","og_locale":"it_IT","og_type":"article","og_title":"Assemblea Generale del 14 maggio - EFFE","og_description":"L&#8217;Assemblea Generale del 14 maggio ha segnato una tappa importante per la nostra organizzazione, poich\u00e9 abbiamo presentato la nostra visione strategica per il 2024 e accolto nuovi membri nella nostra federazione. Presieduta dalla Presidente Marie B\u00e9atrice Levaux, l&#8217;assemblea ha riaffermato il nostro impegno per la leadership e l&#8217;innovazione nel nostro settore. Un momento cruciale \u00e8 [&hellip;]","og_url":"https:\/\/www.effe-homecare.eu\/it\/assemblea-generale-del-14-maggio\/","og_site_name":"EFFE","article_published_time":"2024-05-15T16:10:00+00:00","article_modified_time":"2024-06-17T22:59:47+00:00","og_image":[{"url":"https:\/\/www.effe-homecare.eu\/wp-content\/uploads\/2024\/06\/Logo-Gastouder-Cooperatie-1024x199.png","type":"","width":"","height":""}],"author":"Thomas Hector","twitter_card":"summary_large_image","twitter_misc":{"Scritto da":"Thomas Hector","Tempo di lettura stimato":"4 minuti"},"schema":{"@context":"https:\/\/schema.org","@graph":[{"@type":"Article","@id":"https:\/\/www.effe-homecare.eu\/it\/assemblea-generale-del-14-maggio\/#article","isPartOf":{"@id":"https:\/\/www.effe-homecare.eu\/it\/assemblea-generale-del-14-maggio\/"},"author":{"name":"Thomas Hector","@id":"https:\/\/www.effe-homecare.eu\/it\/#\/schema\/person\/e6ba740027c6a6d08af528b4707e6622"},"headline":"Assemblea Generale del 14 maggio","datePublished":"2024-05-15T16:10:00+00:00","dateModified":"2024-06-17T22:59:47+00:00","mainEntityOfPage":{"@id":"https:\/\/www.effe-homecare.eu\/it\/assemblea-generale-del-14-maggio\/"},"wordCount":570,"image":{"@id":"https:\/\/www.effe-homecare.eu\/it\/assemblea-generale-del-14-maggio\/#primaryimage"},"thumbnailUrl":"https:\/\/www.effe-homecare.eu\/wp-content\/uploads\/2024\/06\/Logo-Gastouder-Cooperatie-1024x199.png","articleSection":["notizie","senza categoria"],"inLanguage":"it-IT"},{"@type":"WebPage","@id":"https:\/\/www.effe-homecare.eu\/it\/assemblea-generale-del-14-maggio\/","url":"https:\/\/www.effe-homecare.eu\/it\/assemblea-generale-del-14-maggio\/","name":"Assemblea Generale del 14 maggio - EFFE","isPartOf":{"@id":"https:\/\/www.effe-homecare.eu\/it\/#website"},"primaryImageOfPage":{"@id":"https:\/\/www.effe-homecare.eu\/it\/assemblea-generale-del-14-maggio\/#primaryimage"},"image":{"@id":"https:\/\/www.effe-homecare.eu\/it\/assemblea-generale-del-14-maggio\/#primaryimage"},"thumbnailUrl":"https:\/\/www.effe-homecare.eu\/wp-content\/uploads\/2024\/06\/Logo-Gastouder-Cooperatie-1024x199.png","datePublished":"2024-05-15T16:10:00+00:00","dateModified":"2024-06-17T22:59:47+00:00","author":{"@id":"https:\/\/www.effe-homecare.eu\/it\/#\/schema\/person\/e6ba740027c6a6d08af528b4707e6622"},"breadcrumb":{"@id":"https:\/\/www.effe-homecare.eu\/it\/assemblea-generale-del-14-maggio\/#breadcrumb"},"inLanguage":"it-IT","potentialAction":[{"@type":"ReadAction","target":["https:\/\/www.effe-homecare.eu\/it\/assemblea-generale-del-14-maggio\/"]}]},{"@type":"ImageObject","inLanguage":"it-IT","@id":"https:\/\/www.effe-homecare.eu\/it\/assemblea-generale-del-14-maggio\/#primaryimage","url":"https:\/\/www.effe-homecare.eu\/wp-content\/uploads\/2024\/06\/Logo-Gastouder-Cooperatie-1024x199.png","contentUrl":"https:\/\/www.effe-homecare.eu\/wp-content\/uploads\/2024\/06\/Logo-Gastouder-Cooperatie-1024x199.png"},{"@type":"BreadcrumbList","@id":"https:\/\/www.effe-homecare.eu\/it\/assemblea-generale-del-14-maggio\/#breadcrumb","itemListElement":[{"@type":"ListItem","position":1,"name":"","item":"https:\/\/www.effe-homecare.eu\/it\/"},{"@type":"ListItem","position":2,"name":"Assemblea Generale del 14 maggio"}]},{"@type":"WebSite","@id":"https:\/\/www.effe-homecare.eu\/it\/#website","url":"https:\/\/www.effe-homecare.eu\/it\/","name":"EFFE","description":"F\u00e9d\u00e9ration Europ\u00e9enne des Emplois et de la Famille","potentialAction":[{"@type":"SearchAction","target":{"@type":"EntryPoint","urlTemplate":"https:\/\/www.effe-homecare.eu\/it\/?s={search_term_string}"},"query-input":{"@type":"PropertyValueSpecification","valueRequired":true,"valueName":"search_term_string"}}],"inLanguage":"it-IT"},{"@type":"Person","@id":"https:\/\/www.effe-homecare.eu\/it\/#\/schema\/person\/e6ba740027c6a6d08af528b4707e6622","name":"Thomas Hector","image":{"@type":"ImageObject","inLanguage":"it-IT","@id":"https:\/\/secure.gravatar.com\/avatar\/271213d1d93650bbc2c6f79507965bcb2eb1530a3de5ba0a65b68390e434b14d?s=96&d=mm&r=g","url":"https:\/\/secure.gravatar.com\/avatar\/271213d1d93650bbc2c6f79507965bcb2eb1530a3de5ba0a65b68390e434b14d?s=96&d=mm&r=g","contentUrl":"https:\/\/secure.gravatar.com\/avatar\/271213d1d93650bbc2c6f79507965bcb2eb1530a3de5ba0a65b68390e434b14d?s=96&d=mm&r=g","caption":"Thomas Hector"}}]}},"_links":{"self":[{"href":"https:\/\/www.effe-homecare.eu\/it\/wp-json\/wp\/v2\/posts\/8141","targetHints":{"allow":["GET"]}}],"collection":[{"href":"https:\/\/www.effe-homecare.eu\/it\/wp-json\/wp\/v2\/posts"}],"about":[{"href":"https:\/\/www.effe-homecare.eu\/it\/wp-json\/wp\/v2\/types\/post"}],"author":[{"embeddable":true,"href":"https:\/\/www.effe-homecare.eu\/it\/wp-json\/wp\/v2\/users\/6"}],"replies":[{"embeddable":true,"href":"https:\/\/www.effe-homecare.eu\/it\/wp-json\/wp\/v2\/comments?post=8141"}],"version-history":[{"count":2,"href":"https:\/\/www.effe-homecare.eu\/it\/wp-json\/wp\/v2\/posts\/8141\/revisions"}],"predecessor-version":[{"id":8143,"href":"https:\/\/www.effe-homecare.eu\/it\/wp-json\/wp\/v2\/posts\/8141\/revisions\/8143"}],"wp:attachment":[{"href":"https:\/\/www.effe-homecare.eu\/it\/wp-json\/wp\/v2\/media?parent=8141"}],"wp:term":[{"taxonomy":"category","embeddable":true,"href":"https:\/\/www.effe-homecare.eu\/it\/wp-json\/wp\/v2\/categories?post=8141"},{"taxonomy":"post_tag","embeddable":true,"href":"https:\/\/www.effe-homecare.eu\/it\/wp-json\/wp\/v2\/tags?post=8141"}],"curies":[{"name":"wp","href":"https:\/\/api.w.org\/{rel}","templated":true}]}}