{"id":7982,"date":"2024-02-19T18:36:00","date_gmt":"2024-02-19T17:36:00","guid":{"rendered":"https:\/\/www.effe-homecare.eu\/?p=7982"},"modified":"2024-02-20T01:43:44","modified_gmt":"2024-02-20T00:43:44","slug":"unisciti-a-noi-per-plasmare-il-futuro-dei-servizi-alla-persona-e-alla-famiglia-in-tutta-europa","status":"publish","type":"post","link":"https:\/\/www.effe-homecare.eu\/it\/unisciti-a-noi-per-plasmare-il-futuro-dei-servizi-alla-persona-e-alla-famiglia-in-tutta-europa\/","title":{"rendered":"Unisciti a noi per plasmare il futuro dei servizi alla persona e alla famiglia in tutta Europa!"},"content":{"rendered":"\n<p>Condividi le tue esperienze partecipando all&#8217;innovativo <a href=\"https:\/\/phs-monitor.eu\/it\/\">sondaggio <\/a>a livello europeo avviato dai partner sociali europei nei Servizi alla persona e alla famiglia (PHS) nell&#8217;ambito del progetto &#8216;PHSDialogue&#8217;. Il tuo contributo come lavoratore, utente o datore di lavoro \u00e8 cruciale per migliorare l&#8217;assistenza e l&#8217;aiuto a domicilio per tutti. <\/p>\n\n\n<div class=\"wp-block-image\">\n<figure class=\"aligncenter size-large is-resized\"><img loading=\"lazy\" decoding=\"async\" src=\"https:\/\/www.effe-homecare.eu\/wp-content\/uploads\/2024\/02\/PHSMonitor-Social-Post-imgB-1024x538.png\" alt=\"\" class=\"wp-image-7975\" width=\"512\" height=\"269\" srcset=\"https:\/\/www.effe-homecare.eu\/wp-content\/uploads\/2024\/02\/PHSMonitor-Social-Post-imgB-1024x538.png 1024w, https:\/\/www.effe-homecare.eu\/wp-content\/uploads\/2024\/02\/PHSMonitor-Social-Post-imgB-300x158.png 300w, https:\/\/www.effe-homecare.eu\/wp-content\/uploads\/2024\/02\/PHSMonitor-Social-Post-imgB-768x403.png 768w, https:\/\/www.effe-homecare.eu\/wp-content\/uploads\/2024\/02\/PHSMonitor-Social-Post-imgB-1536x806.png 1536w, https:\/\/www.effe-homecare.eu\/wp-content\/uploads\/2024\/02\/PHSMonitor-Social-Post-imgB-2048x1075.png 2048w, https:\/\/www.effe-homecare.eu\/wp-content\/uploads\/2024\/02\/PHSMonitor-Social-Post-imgB-100x53.png 100w, https:\/\/www.effe-homecare.eu\/wp-content\/uploads\/2024\/02\/PHSMonitor-Social-Post-imgB-60x32.png 60w\" sizes=\"auto, (max-width: 512px) 100vw, 512px\" \/><\/figure>\n<\/div>\n\n\n<p>Nel quadro del progetto biennale &#8216;PHSDialogue: Costruzione di un Dialogo Sociale Settoriale dell&#8217;UE e capacit\u00e0 di contrattazione collettiva nei Servizi alla persona e alla famiglia&#8217;, i partner sociali europei, tra cui EFFAT, EFFE, EFSI e UNI Europa, sono impegnati a potenziare il settore attraverso sforzi collettivi. <\/p>\n\n\n\n<p>Il sondaggio, noto come PHS Employment Monitor, \u00e8 attualmente disponibile in inglese, spagnolo, francese e italiano, con altre lingue come tedesco, filippino, croato, olandese, polacco, portoghese e sloveno. Altre lingue diventeranno accessibili online nei prossimi giorni. <\/p>\n\n\n\n<p>Ti invitiamo a partecipare al sondaggio e ti incoraggiamo a condividerlo nella tua rete. <\/p>\n\n\n\n<p>Per eventuali domande, non esitare a contattarci.<\/p>\n","protected":false},"excerpt":{"rendered":"<p>Condividi le tue esperienze partecipando all&#8217;innovativo sondaggio a livello europeo avviato dai partner sociali europei nei Servizi alla persona e alla famiglia (PHS) nell&#8217;ambito del progetto &#8216;PHSDialogue&#8217;. Il tuo contributo come lavoratore, utente o datore di lavoro \u00e8 cruciale per migliorare l&#8217;assistenza e l&#8217;aiuto a domicilio per tutti. Nel quadro del progetto biennale &#8216;PHSDialogue: Costruzione [&hellip;]<\/p>\n","protected":false},"author":6,"featured_media":0,"comment_status":"closed","ping_status":"closed","sticky":false,"template":"","format":"standard","meta":{"_acf_changed":false,"_monsterinsights_skip_tracking":false,"_monsterinsights_sitenote_active":false,"_monsterinsights_sitenote_note":"","_monsterinsights_sitenote_category":0,"footnotes":""},"categories":[83,86],"tags":[],"class_list":["post-7982","post","type-post","status-publish","format-standard","hentry","category-notizie","category-progetti-europei"],"acf":[],"yoast_head":"<!-- This site is optimized with the Yoast SEO plugin v27.3 - https:\/\/yoast.com\/product\/yoast-seo-wordpress\/ -->\n<title>Unisciti a noi per plasmare il futuro dei servizi alla persona e alla famiglia in tutta Europa! - EFFE<\/title>\n<meta name=\"robots\" content=\"index, follow, max-snippet:-1, max-image-preview:large, max-video-preview:-1\" \/>\n<link rel=\"canonical\" href=\"https:\/\/www.effe-homecare.eu\/it\/unisciti-a-noi-per-plasmare-il-futuro-dei-servizi-alla-persona-e-alla-famiglia-in-tutta-europa\/\" \/>\n<meta property=\"og:locale\" content=\"it_IT\" \/>\n<meta property=\"og:type\" content=\"article\" \/>\n<meta property=\"og:title\" content=\"Unisciti a noi per plasmare il futuro dei servizi alla persona e alla famiglia in tutta Europa! - EFFE\" \/>\n<meta property=\"og:description\" content=\"Condividi le tue esperienze partecipando all&#8217;innovativo sondaggio a livello europeo avviato dai partner sociali europei nei Servizi alla persona e alla famiglia (PHS) nell&#8217;ambito del progetto &#8216;PHSDialogue&#8217;. Il tuo contributo come lavoratore, utente o datore di lavoro \u00e8 cruciale per migliorare l&#8217;assistenza e l&#8217;aiuto a domicilio per tutti. Nel quadro del progetto biennale &#8216;PHSDialogue: Costruzione [&hellip;]\" \/>\n<meta property=\"og:url\" content=\"https:\/\/www.effe-homecare.eu\/it\/unisciti-a-noi-per-plasmare-il-futuro-dei-servizi-alla-persona-e-alla-famiglia-in-tutta-europa\/\" \/>\n<meta property=\"og:site_name\" content=\"EFFE\" \/>\n<meta property=\"article:published_time\" content=\"2024-02-19T17:36:00+00:00\" \/>\n<meta property=\"article:modified_time\" content=\"2024-02-20T00:43:44+00:00\" \/>\n<meta property=\"og:image\" content=\"https:\/\/www.effe-homecare.eu\/wp-content\/uploads\/2024\/02\/PHSMonitor-Social-Post-imgB-1024x538.png\" \/>\n<meta name=\"author\" content=\"Thomas Hector\" \/>\n<meta name=\"twitter:card\" content=\"summary_large_image\" \/>\n<meta name=\"twitter:label1\" content=\"Scritto da\" \/>\n\t<meta name=\"twitter:data1\" content=\"Thomas Hector\" \/>\n\t<meta name=\"twitter:label2\" content=\"Tempo di lettura stimato\" \/>\n\t<meta name=\"twitter:data2\" content=\"1 minuto\" \/>\n<script type=\"application\/ld+json\" class=\"yoast-schema-graph\">{\"@context\":\"https:\\\/\\\/schema.org\",\"@graph\":[{\"@type\":\"Article\",\"@id\":\"https:\\\/\\\/www.effe-homecare.eu\\\/it\\\/unisciti-a-noi-per-plasmare-il-futuro-dei-servizi-alla-persona-e-alla-famiglia-in-tutta-europa\\\/#article\",\"isPartOf\":{\"@id\":\"https:\\\/\\\/www.effe-homecare.eu\\\/it\\\/unisciti-a-noi-per-plasmare-il-futuro-dei-servizi-alla-persona-e-alla-famiglia-in-tutta-europa\\\/\"},\"author\":{\"name\":\"Thomas Hector\",\"@id\":\"https:\\\/\\\/www.effe-homecare.eu\\\/it\\\/#\\\/schema\\\/person\\\/e6ba740027c6a6d08af528b4707e6622\"},\"headline\":\"Unisciti a noi per plasmare il futuro dei servizi alla persona e alla famiglia in tutta Europa!\",\"datePublished\":\"2024-02-19T17:36:00+00:00\",\"dateModified\":\"2024-02-20T00:43:44+00:00\",\"mainEntityOfPage\":{\"@id\":\"https:\\\/\\\/www.effe-homecare.eu\\\/it\\\/unisciti-a-noi-per-plasmare-il-futuro-dei-servizi-alla-persona-e-alla-famiglia-in-tutta-europa\\\/\"},\"wordCount\":171,\"image\":{\"@id\":\"https:\\\/\\\/www.effe-homecare.eu\\\/it\\\/unisciti-a-noi-per-plasmare-il-futuro-dei-servizi-alla-persona-e-alla-famiglia-in-tutta-europa\\\/#primaryimage\"},\"thumbnailUrl\":\"https:\\\/\\\/www.effe-homecare.eu\\\/wp-content\\\/uploads\\\/2024\\\/02\\\/PHSMonitor-Social-Post-imgB-1024x538.png\",\"articleSection\":[\"notizie\",\"progetti europei\"],\"inLanguage\":\"it-IT\"},{\"@type\":\"WebPage\",\"@id\":\"https:\\\/\\\/www.effe-homecare.eu\\\/it\\\/unisciti-a-noi-per-plasmare-il-futuro-dei-servizi-alla-persona-e-alla-famiglia-in-tutta-europa\\\/\",\"url\":\"https:\\\/\\\/www.effe-homecare.eu\\\/it\\\/unisciti-a-noi-per-plasmare-il-futuro-dei-servizi-alla-persona-e-alla-famiglia-in-tutta-europa\\\/\",\"name\":\"Unisciti a noi per plasmare il futuro dei servizi alla persona e alla famiglia in tutta Europa! - EFFE\",\"isPartOf\":{\"@id\":\"https:\\\/\\\/www.effe-homecare.eu\\\/it\\\/#website\"},\"primaryImageOfPage\":{\"@id\":\"https:\\\/\\\/www.effe-homecare.eu\\\/it\\\/unisciti-a-noi-per-plasmare-il-futuro-dei-servizi-alla-persona-e-alla-famiglia-in-tutta-europa\\\/#primaryimage\"},\"image\":{\"@id\":\"https:\\\/\\\/www.effe-homecare.eu\\\/it\\\/unisciti-a-noi-per-plasmare-il-futuro-dei-servizi-alla-persona-e-alla-famiglia-in-tutta-europa\\\/#primaryimage\"},\"thumbnailUrl\":\"https:\\\/\\\/www.effe-homecare.eu\\\/wp-content\\\/uploads\\\/2024\\\/02\\\/PHSMonitor-Social-Post-imgB-1024x538.png\",\"datePublished\":\"2024-02-19T17:36:00+00:00\",\"dateModified\":\"2024-02-20T00:43:44+00:00\",\"author\":{\"@id\":\"https:\\\/\\\/www.effe-homecare.eu\\\/it\\\/#\\\/schema\\\/person\\\/e6ba740027c6a6d08af528b4707e6622\"},\"breadcrumb\":{\"@id\":\"https:\\\/\\\/www.effe-homecare.eu\\\/it\\\/unisciti-a-noi-per-plasmare-il-futuro-dei-servizi-alla-persona-e-alla-famiglia-in-tutta-europa\\\/#breadcrumb\"},\"inLanguage\":\"it-IT\",\"potentialAction\":[{\"@type\":\"ReadAction\",\"target\":[\"https:\\\/\\\/www.effe-homecare.eu\\\/it\\\/unisciti-a-noi-per-plasmare-il-futuro-dei-servizi-alla-persona-e-alla-famiglia-in-tutta-europa\\\/\"]}]},{\"@type\":\"ImageObject\",\"inLanguage\":\"it-IT\",\"@id\":\"https:\\\/\\\/www.effe-homecare.eu\\\/it\\\/unisciti-a-noi-per-plasmare-il-futuro-dei-servizi-alla-persona-e-alla-famiglia-in-tutta-europa\\\/#primaryimage\",\"url\":\"https:\\\/\\\/www.effe-homecare.eu\\\/wp-content\\\/uploads\\\/2024\\\/02\\\/PHSMonitor-Social-Post-imgB-1024x538.png\",\"contentUrl\":\"https:\\\/\\\/www.effe-homecare.eu\\\/wp-content\\\/uploads\\\/2024\\\/02\\\/PHSMonitor-Social-Post-imgB-1024x538.png\"},{\"@type\":\"BreadcrumbList\",\"@id\":\"https:\\\/\\\/www.effe-homecare.eu\\\/it\\\/unisciti-a-noi-per-plasmare-il-futuro-dei-servizi-alla-persona-e-alla-famiglia-in-tutta-europa\\\/#breadcrumb\",\"itemListElement\":[{\"@type\":\"ListItem\",\"position\":1,\"name\":\"\",\"item\":\"https:\\\/\\\/www.effe-homecare.eu\\\/it\\\/\"},{\"@type\":\"ListItem\",\"position\":2,\"name\":\"Unisciti a noi per plasmare il futuro dei servizi alla persona e alla famiglia in tutta Europa!\"}]},{\"@type\":\"WebSite\",\"@id\":\"https:\\\/\\\/www.effe-homecare.eu\\\/it\\\/#website\",\"url\":\"https:\\\/\\\/www.effe-homecare.eu\\\/it\\\/\",\"name\":\"EFFE\",\"description\":\"F\u00e9d\u00e9ration Europ\u00e9enne des Emplois et de la Famille\",\"potentialAction\":[{\"@type\":\"SearchAction\",\"target\":{\"@type\":\"EntryPoint\",\"urlTemplate\":\"https:\\\/\\\/www.effe-homecare.eu\\\/it\\\/?s={search_term_string}\"},\"query-input\":{\"@type\":\"PropertyValueSpecification\",\"valueRequired\":true,\"valueName\":\"search_term_string\"}}],\"inLanguage\":\"it-IT\"},{\"@type\":\"Person\",\"@id\":\"https:\\\/\\\/www.effe-homecare.eu\\\/it\\\/#\\\/schema\\\/person\\\/e6ba740027c6a6d08af528b4707e6622\",\"name\":\"Thomas Hector\",\"image\":{\"@type\":\"ImageObject\",\"inLanguage\":\"it-IT\",\"@id\":\"https:\\\/\\\/secure.gravatar.com\\\/avatar\\\/271213d1d93650bbc2c6f79507965bcb2eb1530a3de5ba0a65b68390e434b14d?s=96&d=mm&r=g\",\"url\":\"https:\\\/\\\/secure.gravatar.com\\\/avatar\\\/271213d1d93650bbc2c6f79507965bcb2eb1530a3de5ba0a65b68390e434b14d?s=96&d=mm&r=g\",\"contentUrl\":\"https:\\\/\\\/secure.gravatar.com\\\/avatar\\\/271213d1d93650bbc2c6f79507965bcb2eb1530a3de5ba0a65b68390e434b14d?s=96&d=mm&r=g\",\"caption\":\"Thomas Hector\"}}]}<\/script>\n<!-- \/ Yoast SEO plugin. -->","yoast_head_json":{"title":"Unisciti a noi per plasmare il futuro dei servizi alla persona e alla famiglia in tutta Europa! - EFFE","robots":{"index":"index","follow":"follow","max-snippet":"max-snippet:-1","max-image-preview":"max-image-preview:large","max-video-preview":"max-video-preview:-1"},"canonical":"https:\/\/www.effe-homecare.eu\/it\/unisciti-a-noi-per-plasmare-il-futuro-dei-servizi-alla-persona-e-alla-famiglia-in-tutta-europa\/","og_locale":"it_IT","og_type":"article","og_title":"Unisciti a noi per plasmare il futuro dei servizi alla persona e alla famiglia in tutta Europa! - EFFE","og_description":"Condividi le tue esperienze partecipando all&#8217;innovativo sondaggio a livello europeo avviato dai partner sociali europei nei Servizi alla persona e alla famiglia (PHS) nell&#8217;ambito del progetto &#8216;PHSDialogue&#8217;. Il tuo contributo come lavoratore, utente o datore di lavoro \u00e8 cruciale per migliorare l&#8217;assistenza e l&#8217;aiuto a domicilio per tutti. Nel quadro del progetto biennale &#8216;PHSDialogue: Costruzione [&hellip;]","og_url":"https:\/\/www.effe-homecare.eu\/it\/unisciti-a-noi-per-plasmare-il-futuro-dei-servizi-alla-persona-e-alla-famiglia-in-tutta-europa\/","og_site_name":"EFFE","article_published_time":"2024-02-19T17:36:00+00:00","article_modified_time":"2024-02-20T00:43:44+00:00","og_image":[{"url":"https:\/\/www.effe-homecare.eu\/wp-content\/uploads\/2024\/02\/PHSMonitor-Social-Post-imgB-1024x538.png","type":"","width":"","height":""}],"author":"Thomas Hector","twitter_card":"summary_large_image","twitter_misc":{"Scritto da":"Thomas Hector","Tempo di lettura stimato":"1 minuto"},"schema":{"@context":"https:\/\/schema.org","@graph":[{"@type":"Article","@id":"https:\/\/www.effe-homecare.eu\/it\/unisciti-a-noi-per-plasmare-il-futuro-dei-servizi-alla-persona-e-alla-famiglia-in-tutta-europa\/#article","isPartOf":{"@id":"https:\/\/www.effe-homecare.eu\/it\/unisciti-a-noi-per-plasmare-il-futuro-dei-servizi-alla-persona-e-alla-famiglia-in-tutta-europa\/"},"author":{"name":"Thomas Hector","@id":"https:\/\/www.effe-homecare.eu\/it\/#\/schema\/person\/e6ba740027c6a6d08af528b4707e6622"},"headline":"Unisciti a noi per plasmare il futuro dei servizi alla persona e alla famiglia in tutta Europa!","datePublished":"2024-02-19T17:36:00+00:00","dateModified":"2024-02-20T00:43:44+00:00","mainEntityOfPage":{"@id":"https:\/\/www.effe-homecare.eu\/it\/unisciti-a-noi-per-plasmare-il-futuro-dei-servizi-alla-persona-e-alla-famiglia-in-tutta-europa\/"},"wordCount":171,"image":{"@id":"https:\/\/www.effe-homecare.eu\/it\/unisciti-a-noi-per-plasmare-il-futuro-dei-servizi-alla-persona-e-alla-famiglia-in-tutta-europa\/#primaryimage"},"thumbnailUrl":"https:\/\/www.effe-homecare.eu\/wp-content\/uploads\/2024\/02\/PHSMonitor-Social-Post-imgB-1024x538.png","articleSection":["notizie","progetti europei"],"inLanguage":"it-IT"},{"@type":"WebPage","@id":"https:\/\/www.effe-homecare.eu\/it\/unisciti-a-noi-per-plasmare-il-futuro-dei-servizi-alla-persona-e-alla-famiglia-in-tutta-europa\/","url":"https:\/\/www.effe-homecare.eu\/it\/unisciti-a-noi-per-plasmare-il-futuro-dei-servizi-alla-persona-e-alla-famiglia-in-tutta-europa\/","name":"Unisciti a noi per plasmare il futuro dei servizi alla persona e alla famiglia in tutta Europa! - EFFE","isPartOf":{"@id":"https:\/\/www.effe-homecare.eu\/it\/#website"},"primaryImageOfPage":{"@id":"https:\/\/www.effe-homecare.eu\/it\/unisciti-a-noi-per-plasmare-il-futuro-dei-servizi-alla-persona-e-alla-famiglia-in-tutta-europa\/#primaryimage"},"image":{"@id":"https:\/\/www.effe-homecare.eu\/it\/unisciti-a-noi-per-plasmare-il-futuro-dei-servizi-alla-persona-e-alla-famiglia-in-tutta-europa\/#primaryimage"},"thumbnailUrl":"https:\/\/www.effe-homecare.eu\/wp-content\/uploads\/2024\/02\/PHSMonitor-Social-Post-imgB-1024x538.png","datePublished":"2024-02-19T17:36:00+00:00","dateModified":"2024-02-20T00:43:44+00:00","author":{"@id":"https:\/\/www.effe-homecare.eu\/it\/#\/schema\/person\/e6ba740027c6a6d08af528b4707e6622"},"breadcrumb":{"@id":"https:\/\/www.effe-homecare.eu\/it\/unisciti-a-noi-per-plasmare-il-futuro-dei-servizi-alla-persona-e-alla-famiglia-in-tutta-europa\/#breadcrumb"},"inLanguage":"it-IT","potentialAction":[{"@type":"ReadAction","target":["https:\/\/www.effe-homecare.eu\/it\/unisciti-a-noi-per-plasmare-il-futuro-dei-servizi-alla-persona-e-alla-famiglia-in-tutta-europa\/"]}]},{"@type":"ImageObject","inLanguage":"it-IT","@id":"https:\/\/www.effe-homecare.eu\/it\/unisciti-a-noi-per-plasmare-il-futuro-dei-servizi-alla-persona-e-alla-famiglia-in-tutta-europa\/#primaryimage","url":"https:\/\/www.effe-homecare.eu\/wp-content\/uploads\/2024\/02\/PHSMonitor-Social-Post-imgB-1024x538.png","contentUrl":"https:\/\/www.effe-homecare.eu\/wp-content\/uploads\/2024\/02\/PHSMonitor-Social-Post-imgB-1024x538.png"},{"@type":"BreadcrumbList","@id":"https:\/\/www.effe-homecare.eu\/it\/unisciti-a-noi-per-plasmare-il-futuro-dei-servizi-alla-persona-e-alla-famiglia-in-tutta-europa\/#breadcrumb","itemListElement":[{"@type":"ListItem","position":1,"name":"","item":"https:\/\/www.effe-homecare.eu\/it\/"},{"@type":"ListItem","position":2,"name":"Unisciti a noi per plasmare il futuro dei servizi alla persona e alla famiglia in tutta Europa!"}]},{"@type":"WebSite","@id":"https:\/\/www.effe-homecare.eu\/it\/#website","url":"https:\/\/www.effe-homecare.eu\/it\/","name":"EFFE","description":"F\u00e9d\u00e9ration Europ\u00e9enne des Emplois et de la Famille","potentialAction":[{"@type":"SearchAction","target":{"@type":"EntryPoint","urlTemplate":"https:\/\/www.effe-homecare.eu\/it\/?s={search_term_string}"},"query-input":{"@type":"PropertyValueSpecification","valueRequired":true,"valueName":"search_term_string"}}],"inLanguage":"it-IT"},{"@type":"Person","@id":"https:\/\/www.effe-homecare.eu\/it\/#\/schema\/person\/e6ba740027c6a6d08af528b4707e6622","name":"Thomas Hector","image":{"@type":"ImageObject","inLanguage":"it-IT","@id":"https:\/\/secure.gravatar.com\/avatar\/271213d1d93650bbc2c6f79507965bcb2eb1530a3de5ba0a65b68390e434b14d?s=96&d=mm&r=g","url":"https:\/\/secure.gravatar.com\/avatar\/271213d1d93650bbc2c6f79507965bcb2eb1530a3de5ba0a65b68390e434b14d?s=96&d=mm&r=g","contentUrl":"https:\/\/secure.gravatar.com\/avatar\/271213d1d93650bbc2c6f79507965bcb2eb1530a3de5ba0a65b68390e434b14d?s=96&d=mm&r=g","caption":"Thomas Hector"}}]}},"_links":{"self":[{"href":"https:\/\/www.effe-homecare.eu\/it\/wp-json\/wp\/v2\/posts\/7982","targetHints":{"allow":["GET"]}}],"collection":[{"href":"https:\/\/www.effe-homecare.eu\/it\/wp-json\/wp\/v2\/posts"}],"about":[{"href":"https:\/\/www.effe-homecare.eu\/it\/wp-json\/wp\/v2\/types\/post"}],"author":[{"embeddable":true,"href":"https:\/\/www.effe-homecare.eu\/it\/wp-json\/wp\/v2\/users\/6"}],"replies":[{"embeddable":true,"href":"https:\/\/www.effe-homecare.eu\/it\/wp-json\/wp\/v2\/comments?post=7982"}],"version-history":[{"count":2,"href":"https:\/\/www.effe-homecare.eu\/it\/wp-json\/wp\/v2\/posts\/7982\/revisions"}],"predecessor-version":[{"id":7984,"href":"https:\/\/www.effe-homecare.eu\/it\/wp-json\/wp\/v2\/posts\/7982\/revisions\/7984"}],"wp:attachment":[{"href":"https:\/\/www.effe-homecare.eu\/it\/wp-json\/wp\/v2\/media?parent=7982"}],"wp:term":[{"taxonomy":"category","embeddable":true,"href":"https:\/\/www.effe-homecare.eu\/it\/wp-json\/wp\/v2\/categories?post=7982"},{"taxonomy":"post_tag","embeddable":true,"href":"https:\/\/www.effe-homecare.eu\/it\/wp-json\/wp\/v2\/tags?post=7982"}],"curies":[{"name":"wp","href":"https:\/\/api.w.org\/{rel}","templated":true}]}}