{"id":7929,"date":"2023-10-18T02:11:00","date_gmt":"2023-10-18T00:11:00","guid":{"rendered":"https:\/\/www.effe-homecare.eu\/?p=7929"},"modified":"2024-02-12T03:00:55","modified_gmt":"2024-02-12T02:00:55","slug":"meeting-ad-alto-livello-sulla-trasformazione-dei-sistemi-sanitari-verso-modelli-centrati-sulle-persone-e-sulle-comunita","status":"publish","type":"post","link":"https:\/\/www.effe-homecare.eu\/it\/meeting-ad-alto-livello-sulla-trasformazione-dei-sistemi-sanitari-verso-modelli-centrati-sulle-persone-e-sulle-comunita\/","title":{"rendered":"Meeting ad alto livello sulla trasformazione dei sistemi sanitari verso modelli centrati sulle persone e sulle comunit\u00e0"},"content":{"rendered":"\n<p>I ministri ad interim dei Diritti sociali e dell&#8217;Uguaglianza, Ione Belarra e Irene Montero, hanno chiesto all&#8217;Unione europea di istituire sistemi sanitari &#8220;pubblici, solidi e flessibili&#8221; durante l&#8217;incontro di alto livello &#8220;Trasformazione del modello di cure &#8211; Diritto alle cure&#8221; tenutosi mercoled\u00ec 18 ottobre a Madrid nell&#8217;ambito della presidenza spagnola del Consiglio dell&#8217;Unione europea, al quale EFFE ha potuto partecipare insieme alla Commissione europea e ai rappresentanti degli Stati membri.<\/p>\n\n\n\n<p>L&#8217;obiettivo di questo incontro era promuovere una strategia europea per le cure e incoraggiare lo scambio delle politiche pubbliche esistenti nell&#8217;UE, mirando a garantire il diritto universale alle cure e a stabilire approcci che aiutino a definire un quadro strategico comune.<\/p>\n\n\n\n<div class=\"wp-block-media-text alignwide is-stacked-on-mobile\"><figure class=\"wp-block-media-text__media\"><img loading=\"lazy\" decoding=\"async\" width=\"1024\" height=\"576\" src=\"https:\/\/www.effe-homecare.eu\/wp-content\/uploads\/2023\/10\/maxresdefault-1024x576.jpg\" alt=\"\" class=\"wp-image-6327 size-full\" srcset=\"https:\/\/www.effe-homecare.eu\/wp-content\/uploads\/2023\/10\/maxresdefault-1024x576.jpg 1024w, https:\/\/www.effe-homecare.eu\/wp-content\/uploads\/2023\/10\/maxresdefault-300x169.jpg 300w, https:\/\/www.effe-homecare.eu\/wp-content\/uploads\/2023\/10\/maxresdefault-768x432.jpg 768w, https:\/\/www.effe-homecare.eu\/wp-content\/uploads\/2023\/10\/maxresdefault-100x56.jpg 100w, https:\/\/www.effe-homecare.eu\/wp-content\/uploads\/2023\/10\/maxresdefault-60x34.jpg 60w, https:\/\/www.effe-homecare.eu\/wp-content\/uploads\/2023\/10\/maxresdefault.jpg 1280w\" sizes=\"auto, (max-width: 1024px) 100vw, 1024px\" \/><\/figure><div class=\"wp-block-media-text__content\">\n<p>&#8220;<em>Abbiamo bisogno di orientarci verso sistemi sanitari pubblici solidi e flessibili, che costituiscono senza dubbio la sfida dello stato sociale nel XXI secolo<\/em>&#8220;, ha dichiarato la Ministra Belarra nel suo discorso. Inoltre, ha aggiunto che lavoreranno con gli altri Stati membri su sistemi sanitari pubblici &#8220;<em>che sono alla pari con l&#8217;istruzione o l&#8217;assistenza sanitaria<\/em>&#8220;.<\/p>\n\n\n\n<p>La signora Belarra ha sottolineato che il diritto alle cure &#8220;deve essere garantito&#8221; e che le attivit\u00e0 di assistenza &#8220;<em>sono essenziali, non possono essere procrastinate e non possono mai essere interrotte, poich\u00e9 sono loro che consentono al resto della vita di funzionare<\/em>&#8220;.<\/p>\n\n\n\n<p>Inoltre, ha ricordato che nel 2022 la Commissione europea &#8220;<em>ha compiuto un passo senza precedenti<\/em>&#8221; presentando la strategia europea in materia di assistenza, che &#8220;<em>ha reso l&#8217;assistenza a lungo termine una pietra angolare della riforma del modello sociale europeo<\/em>&#8220;.<\/p>\n<\/div><\/div>\n\n\n\n<p>Per quanto riguarda, la Ministra Montero ha sottolineato l&#8217;importanza di dare priorit\u00e0 al &#8220;diritto alle cure e al diritto delle donne di avere tempo per vivere&#8221; nelle politiche pubbliche e nelle priorit\u00e0 dello Stato, sia in Europa che in Spagna.<\/p>\n\n\n\n<p>&#8220;<em>Abbiamo l&#8217;obbligo non solo di raggiungere una distribuzione pi\u00f9 equa dei compiti di cura tra uomini e donne, ma soprattutto che lo Stato assuma la sua responsabilit\u00e0 in questi compiti, come abbiamo fatto durante questa legislatura<\/em>&#8220;, ha dichiarato la ministra dell&#8217;Uguaglianza.<\/p>\n\n\n\n<p>La signora Montero ha sottolineato che l&#8217;indagine nazionale sulle condizioni di lavoro, condotta dall&#8217;Istituto nazionale per la sicurezza e la salute sul lavoro (INSST), rivela che le donne dedicano 12 ore e mezza in pi\u00f9 alla settimana al lavoro di cura non retribuito rispetto agli uomini.<\/p>\n\n\n\n<p>&#8220;<em>Oggi, le donne hanno un&#8217;ora e mezza di tempo libero in meno rispetto agli uomini. Pertanto, per esercitare altri diritti, come il diritto alla salute, il diritto alla cultura, il diritto alla partecipazione politica, il diritto al riposo, abbiamo bisogno di tempo, e questo deve essere una priorit\u00e0 per l&#8217;Europa<\/em>&#8220;, ha dichiarato la signora Montero.<\/p>\n\n\n\n<p>Questo evento ha permesso di dimostrare la comprensione delle problematiche che attraversano il settore e la volont\u00e0 della Presidenza spagnola del Consiglio dell&#8217;UE di rispondervi. I ministri, cos\u00ec come i vari relatori, hanno sottolineato che le attivit\u00e0 di cura soffrono ancora troppo di una scarsa comprensione, essendo spesso relegati come compiti informali e non come lavoro, con forti conseguenze sull&#8217;equilibrio della vita, sulla precariet\u00e0 e sulle condizioni di lavoro.<\/p>\n\n\n\n<p>L&#8217;evento \u00e8 stato interamente osservato attraverso la lente dell&#8217;uguaglianza di genere, poich\u00e9 la garanzia del diritto alle cure garantisce i diritti delle donne, in particolare delle donne migranti. Tuttavia, durante questa conferenza \u00e8 stato spiegato che gli stereotipi sono persistenti, e socialmente c&#8217;\u00e8 un mandato impartito alle donne per svolgere queste attivit\u00e0 di cura.<\/p>\n\n\n\n<p>A titolo di confronto, gli esperti dei vari panel hanno dimostrato che se il lavoro degli assistenti informali venisse integrato nell&#8217;economia formale e retribuito, rappresenterebbe circa il 9% del PIL mondiale, pari al settore del turismo.<\/p>\n\n\n\n<p>I ministri e i segretari di stato hanno riconosciuto importanti progressi, come la Convenzione 189 dell&#8217;OIL e l&#8217;istituzione della strategia europea in materia di cure. Hanno anche sottolineato la necessit\u00e0 di guardare a ci\u00f2 che avviene al di fuori dell&#8217;UE, poich\u00e9 gli altri continenti condividono la stessa problematica. Hanno citato ad esempio l&#8217;Impegno di Buenos Aires adottato durante la XV Conferenza regionale sulle donne in America Latina e nei Caraibi nel 2022, che propone una via verso una societ\u00e0 della cura, cos\u00ec come la proposta di un patto bilaterale per le cure tra America Latina e Unione europea elaborata durante un vertice tra capi di stato tenutosi nel luglio 2023, al fine di promuovere la cooperazione nel settore della protezione dei diritti umani, delle politiche pubbliche e dei sistemi di cura tra le due regioni.<\/p>\n\n\n\n<p>I rappresentanti della Presidenza spagnola hanno ricordato che tutte le persone hanno un diritto, non un privilegio, di decidere come, dove e con chi vivere; che tutte le persone in un determinato momento della loro vita devono affrontare la necessit\u00e0 di cure; che attualmente le cure sono un veicolo di disuguaglianza di genere e socioeconomica; e che i sistemi attuali non tengono conto dei desideri e dei bisogni dei beneficiari di queste cure.<\/p>\n\n\n\n<p>Infine, i relatori hanno concordato sul fatto che oltre a un importante investimento sociale per garantire la transizione verso nuovi modelli, \u00e8 necessario concentrarsi sull&#8217;assistenza domiciliare e sul dialogo sociale per rispondere alle debolezze del settore, come la carenza di personale qualificato, la formazione e le condizioni di lavoro.<\/p>\n","protected":false},"excerpt":{"rendered":"<p>I ministri ad interim dei Diritti sociali e dell&#8217;Uguaglianza, Ione Belarra e Irene Montero, hanno chiesto all&#8217;Unione europea di istituire sistemi sanitari &#8220;pubblici, solidi e flessibili&#8221; durante l&#8217;incontro di alto livello &#8220;Trasformazione del modello di cure &#8211; Diritto alle cure&#8221; tenutosi mercoled\u00ec 18 ottobre a Madrid nell&#8217;ambito della presidenza spagnola del Consiglio dell&#8217;Unione europea, al [&hellip;]<\/p>\n","protected":false},"author":6,"featured_media":0,"comment_status":"closed","ping_status":"closed","sticky":false,"template":"","format":"standard","meta":{"_acf_changed":false,"_monsterinsights_skip_tracking":false,"_monsterinsights_sitenote_active":false,"_monsterinsights_sitenote_note":"","_monsterinsights_sitenote_category":0,"footnotes":""},"categories":[83,76],"tags":[],"class_list":["post-7929","post","type-post","status-publish","format-standard","hentry","category-notizie","category-senza-categoria"],"acf":[],"yoast_head":"<!-- This site is optimized with the Yoast SEO plugin v27.3 - https:\/\/yoast.com\/product\/yoast-seo-wordpress\/ -->\n<title>Meeting ad alto livello sulla trasformazione dei sistemi sanitari verso modelli centrati sulle persone e sulle comunit\u00e0 - EFFE<\/title>\n<meta name=\"robots\" content=\"index, follow, max-snippet:-1, max-image-preview:large, max-video-preview:-1\" \/>\n<link rel=\"canonical\" href=\"https:\/\/www.effe-homecare.eu\/it\/meeting-ad-alto-livello-sulla-trasformazione-dei-sistemi-sanitari-verso-modelli-centrati-sulle-persone-e-sulle-comunita\/\" \/>\n<meta property=\"og:locale\" content=\"it_IT\" \/>\n<meta property=\"og:type\" content=\"article\" \/>\n<meta property=\"og:title\" content=\"Meeting ad alto livello sulla trasformazione dei sistemi sanitari verso modelli centrati sulle persone e sulle comunit\u00e0 - EFFE\" \/>\n<meta property=\"og:description\" content=\"I ministri ad interim dei Diritti sociali e dell&#8217;Uguaglianza, Ione Belarra e Irene Montero, hanno chiesto all&#8217;Unione europea di istituire sistemi sanitari &#8220;pubblici, solidi e flessibili&#8221; durante l&#8217;incontro di alto livello &#8220;Trasformazione del modello di cure &#8211; Diritto alle cure&#8221; tenutosi mercoled\u00ec 18 ottobre a Madrid nell&#8217;ambito della presidenza spagnola del Consiglio dell&#8217;Unione europea, al [&hellip;]\" \/>\n<meta property=\"og:url\" content=\"https:\/\/www.effe-homecare.eu\/it\/meeting-ad-alto-livello-sulla-trasformazione-dei-sistemi-sanitari-verso-modelli-centrati-sulle-persone-e-sulle-comunita\/\" \/>\n<meta property=\"og:site_name\" content=\"EFFE\" \/>\n<meta property=\"article:published_time\" content=\"2023-10-18T00:11:00+00:00\" \/>\n<meta property=\"article:modified_time\" content=\"2024-02-12T02:00:55+00:00\" \/>\n<meta property=\"og:image\" content=\"https:\/\/www.effe-homecare.eu\/wp-content\/uploads\/2023\/10\/maxresdefault-1024x576.jpg\" \/>\n<meta name=\"author\" content=\"Thomas Hector\" \/>\n<meta name=\"twitter:card\" content=\"summary_large_image\" \/>\n<meta name=\"twitter:label1\" content=\"Scritto da\" \/>\n\t<meta name=\"twitter:data1\" content=\"Thomas Hector\" \/>\n\t<meta name=\"twitter:label2\" content=\"Tempo di lettura stimato\" \/>\n\t<meta name=\"twitter:data2\" content=\"5 minuti\" \/>\n<script type=\"application\/ld+json\" class=\"yoast-schema-graph\">{\"@context\":\"https:\\\/\\\/schema.org\",\"@graph\":[{\"@type\":\"Article\",\"@id\":\"https:\\\/\\\/www.effe-homecare.eu\\\/it\\\/meeting-ad-alto-livello-sulla-trasformazione-dei-sistemi-sanitari-verso-modelli-centrati-sulle-persone-e-sulle-comunita\\\/#article\",\"isPartOf\":{\"@id\":\"https:\\\/\\\/www.effe-homecare.eu\\\/it\\\/meeting-ad-alto-livello-sulla-trasformazione-dei-sistemi-sanitari-verso-modelli-centrati-sulle-persone-e-sulle-comunita\\\/\"},\"author\":{\"name\":\"Thomas Hector\",\"@id\":\"https:\\\/\\\/www.effe-homecare.eu\\\/it\\\/#\\\/schema\\\/person\\\/e6ba740027c6a6d08af528b4707e6622\"},\"headline\":\"Meeting ad alto livello sulla trasformazione dei sistemi sanitari verso modelli centrati sulle persone e sulle comunit\u00e0\",\"datePublished\":\"2023-10-18T00:11:00+00:00\",\"dateModified\":\"2024-02-12T02:00:55+00:00\",\"mainEntityOfPage\":{\"@id\":\"https:\\\/\\\/www.effe-homecare.eu\\\/it\\\/meeting-ad-alto-livello-sulla-trasformazione-dei-sistemi-sanitari-verso-modelli-centrati-sulle-persone-e-sulle-comunita\\\/\"},\"wordCount\":878,\"image\":{\"@id\":\"https:\\\/\\\/www.effe-homecare.eu\\\/it\\\/meeting-ad-alto-livello-sulla-trasformazione-dei-sistemi-sanitari-verso-modelli-centrati-sulle-persone-e-sulle-comunita\\\/#primaryimage\"},\"thumbnailUrl\":\"https:\\\/\\\/www.effe-homecare.eu\\\/wp-content\\\/uploads\\\/2023\\\/10\\\/maxresdefault-1024x576.jpg\",\"articleSection\":[\"notizie\",\"senza categoria\"],\"inLanguage\":\"it-IT\"},{\"@type\":\"WebPage\",\"@id\":\"https:\\\/\\\/www.effe-homecare.eu\\\/it\\\/meeting-ad-alto-livello-sulla-trasformazione-dei-sistemi-sanitari-verso-modelli-centrati-sulle-persone-e-sulle-comunita\\\/\",\"url\":\"https:\\\/\\\/www.effe-homecare.eu\\\/it\\\/meeting-ad-alto-livello-sulla-trasformazione-dei-sistemi-sanitari-verso-modelli-centrati-sulle-persone-e-sulle-comunita\\\/\",\"name\":\"Meeting ad alto livello sulla trasformazione dei sistemi sanitari verso modelli centrati sulle persone e sulle comunit\u00e0 - EFFE\",\"isPartOf\":{\"@id\":\"https:\\\/\\\/www.effe-homecare.eu\\\/it\\\/#website\"},\"primaryImageOfPage\":{\"@id\":\"https:\\\/\\\/www.effe-homecare.eu\\\/it\\\/meeting-ad-alto-livello-sulla-trasformazione-dei-sistemi-sanitari-verso-modelli-centrati-sulle-persone-e-sulle-comunita\\\/#primaryimage\"},\"image\":{\"@id\":\"https:\\\/\\\/www.effe-homecare.eu\\\/it\\\/meeting-ad-alto-livello-sulla-trasformazione-dei-sistemi-sanitari-verso-modelli-centrati-sulle-persone-e-sulle-comunita\\\/#primaryimage\"},\"thumbnailUrl\":\"https:\\\/\\\/www.effe-homecare.eu\\\/wp-content\\\/uploads\\\/2023\\\/10\\\/maxresdefault-1024x576.jpg\",\"datePublished\":\"2023-10-18T00:11:00+00:00\",\"dateModified\":\"2024-02-12T02:00:55+00:00\",\"author\":{\"@id\":\"https:\\\/\\\/www.effe-homecare.eu\\\/it\\\/#\\\/schema\\\/person\\\/e6ba740027c6a6d08af528b4707e6622\"},\"breadcrumb\":{\"@id\":\"https:\\\/\\\/www.effe-homecare.eu\\\/it\\\/meeting-ad-alto-livello-sulla-trasformazione-dei-sistemi-sanitari-verso-modelli-centrati-sulle-persone-e-sulle-comunita\\\/#breadcrumb\"},\"inLanguage\":\"it-IT\",\"potentialAction\":[{\"@type\":\"ReadAction\",\"target\":[\"https:\\\/\\\/www.effe-homecare.eu\\\/it\\\/meeting-ad-alto-livello-sulla-trasformazione-dei-sistemi-sanitari-verso-modelli-centrati-sulle-persone-e-sulle-comunita\\\/\"]}]},{\"@type\":\"ImageObject\",\"inLanguage\":\"it-IT\",\"@id\":\"https:\\\/\\\/www.effe-homecare.eu\\\/it\\\/meeting-ad-alto-livello-sulla-trasformazione-dei-sistemi-sanitari-verso-modelli-centrati-sulle-persone-e-sulle-comunita\\\/#primaryimage\",\"url\":\"https:\\\/\\\/www.effe-homecare.eu\\\/wp-content\\\/uploads\\\/2023\\\/10\\\/maxresdefault-1024x576.jpg\",\"contentUrl\":\"https:\\\/\\\/www.effe-homecare.eu\\\/wp-content\\\/uploads\\\/2023\\\/10\\\/maxresdefault-1024x576.jpg\"},{\"@type\":\"BreadcrumbList\",\"@id\":\"https:\\\/\\\/www.effe-homecare.eu\\\/it\\\/meeting-ad-alto-livello-sulla-trasformazione-dei-sistemi-sanitari-verso-modelli-centrati-sulle-persone-e-sulle-comunita\\\/#breadcrumb\",\"itemListElement\":[{\"@type\":\"ListItem\",\"position\":1,\"name\":\"\",\"item\":\"https:\\\/\\\/www.effe-homecare.eu\\\/it\\\/\"},{\"@type\":\"ListItem\",\"position\":2,\"name\":\"Meeting ad alto livello sulla trasformazione dei sistemi sanitari verso modelli centrati sulle persone e sulle comunit\u00e0\"}]},{\"@type\":\"WebSite\",\"@id\":\"https:\\\/\\\/www.effe-homecare.eu\\\/it\\\/#website\",\"url\":\"https:\\\/\\\/www.effe-homecare.eu\\\/it\\\/\",\"name\":\"EFFE\",\"description\":\"F\u00e9d\u00e9ration Europ\u00e9enne des Emplois et de la Famille\",\"potentialAction\":[{\"@type\":\"SearchAction\",\"target\":{\"@type\":\"EntryPoint\",\"urlTemplate\":\"https:\\\/\\\/www.effe-homecare.eu\\\/it\\\/?s={search_term_string}\"},\"query-input\":{\"@type\":\"PropertyValueSpecification\",\"valueRequired\":true,\"valueName\":\"search_term_string\"}}],\"inLanguage\":\"it-IT\"},{\"@type\":\"Person\",\"@id\":\"https:\\\/\\\/www.effe-homecare.eu\\\/it\\\/#\\\/schema\\\/person\\\/e6ba740027c6a6d08af528b4707e6622\",\"name\":\"Thomas Hector\",\"image\":{\"@type\":\"ImageObject\",\"inLanguage\":\"it-IT\",\"@id\":\"https:\\\/\\\/secure.gravatar.com\\\/avatar\\\/271213d1d93650bbc2c6f79507965bcb2eb1530a3de5ba0a65b68390e434b14d?s=96&d=mm&r=g\",\"url\":\"https:\\\/\\\/secure.gravatar.com\\\/avatar\\\/271213d1d93650bbc2c6f79507965bcb2eb1530a3de5ba0a65b68390e434b14d?s=96&d=mm&r=g\",\"contentUrl\":\"https:\\\/\\\/secure.gravatar.com\\\/avatar\\\/271213d1d93650bbc2c6f79507965bcb2eb1530a3de5ba0a65b68390e434b14d?s=96&d=mm&r=g\",\"caption\":\"Thomas Hector\"}}]}<\/script>\n<!-- \/ Yoast SEO plugin. -->","yoast_head_json":{"title":"Meeting ad alto livello sulla trasformazione dei sistemi sanitari verso modelli centrati sulle persone e sulle comunit\u00e0 - EFFE","robots":{"index":"index","follow":"follow","max-snippet":"max-snippet:-1","max-image-preview":"max-image-preview:large","max-video-preview":"max-video-preview:-1"},"canonical":"https:\/\/www.effe-homecare.eu\/it\/meeting-ad-alto-livello-sulla-trasformazione-dei-sistemi-sanitari-verso-modelli-centrati-sulle-persone-e-sulle-comunita\/","og_locale":"it_IT","og_type":"article","og_title":"Meeting ad alto livello sulla trasformazione dei sistemi sanitari verso modelli centrati sulle persone e sulle comunit\u00e0 - EFFE","og_description":"I ministri ad interim dei Diritti sociali e dell&#8217;Uguaglianza, Ione Belarra e Irene Montero, hanno chiesto all&#8217;Unione europea di istituire sistemi sanitari &#8220;pubblici, solidi e flessibili&#8221; durante l&#8217;incontro di alto livello &#8220;Trasformazione del modello di cure &#8211; Diritto alle cure&#8221; tenutosi mercoled\u00ec 18 ottobre a Madrid nell&#8217;ambito della presidenza spagnola del Consiglio dell&#8217;Unione europea, al [&hellip;]","og_url":"https:\/\/www.effe-homecare.eu\/it\/meeting-ad-alto-livello-sulla-trasformazione-dei-sistemi-sanitari-verso-modelli-centrati-sulle-persone-e-sulle-comunita\/","og_site_name":"EFFE","article_published_time":"2023-10-18T00:11:00+00:00","article_modified_time":"2024-02-12T02:00:55+00:00","og_image":[{"url":"https:\/\/www.effe-homecare.eu\/wp-content\/uploads\/2023\/10\/maxresdefault-1024x576.jpg","type":"","width":"","height":""}],"author":"Thomas Hector","twitter_card":"summary_large_image","twitter_misc":{"Scritto da":"Thomas Hector","Tempo di lettura stimato":"5 minuti"},"schema":{"@context":"https:\/\/schema.org","@graph":[{"@type":"Article","@id":"https:\/\/www.effe-homecare.eu\/it\/meeting-ad-alto-livello-sulla-trasformazione-dei-sistemi-sanitari-verso-modelli-centrati-sulle-persone-e-sulle-comunita\/#article","isPartOf":{"@id":"https:\/\/www.effe-homecare.eu\/it\/meeting-ad-alto-livello-sulla-trasformazione-dei-sistemi-sanitari-verso-modelli-centrati-sulle-persone-e-sulle-comunita\/"},"author":{"name":"Thomas Hector","@id":"https:\/\/www.effe-homecare.eu\/it\/#\/schema\/person\/e6ba740027c6a6d08af528b4707e6622"},"headline":"Meeting ad alto livello sulla trasformazione dei sistemi sanitari verso modelli centrati sulle persone e sulle comunit\u00e0","datePublished":"2023-10-18T00:11:00+00:00","dateModified":"2024-02-12T02:00:55+00:00","mainEntityOfPage":{"@id":"https:\/\/www.effe-homecare.eu\/it\/meeting-ad-alto-livello-sulla-trasformazione-dei-sistemi-sanitari-verso-modelli-centrati-sulle-persone-e-sulle-comunita\/"},"wordCount":878,"image":{"@id":"https:\/\/www.effe-homecare.eu\/it\/meeting-ad-alto-livello-sulla-trasformazione-dei-sistemi-sanitari-verso-modelli-centrati-sulle-persone-e-sulle-comunita\/#primaryimage"},"thumbnailUrl":"https:\/\/www.effe-homecare.eu\/wp-content\/uploads\/2023\/10\/maxresdefault-1024x576.jpg","articleSection":["notizie","senza categoria"],"inLanguage":"it-IT"},{"@type":"WebPage","@id":"https:\/\/www.effe-homecare.eu\/it\/meeting-ad-alto-livello-sulla-trasformazione-dei-sistemi-sanitari-verso-modelli-centrati-sulle-persone-e-sulle-comunita\/","url":"https:\/\/www.effe-homecare.eu\/it\/meeting-ad-alto-livello-sulla-trasformazione-dei-sistemi-sanitari-verso-modelli-centrati-sulle-persone-e-sulle-comunita\/","name":"Meeting ad alto livello sulla trasformazione dei sistemi sanitari verso modelli centrati sulle persone e sulle comunit\u00e0 - EFFE","isPartOf":{"@id":"https:\/\/www.effe-homecare.eu\/it\/#website"},"primaryImageOfPage":{"@id":"https:\/\/www.effe-homecare.eu\/it\/meeting-ad-alto-livello-sulla-trasformazione-dei-sistemi-sanitari-verso-modelli-centrati-sulle-persone-e-sulle-comunita\/#primaryimage"},"image":{"@id":"https:\/\/www.effe-homecare.eu\/it\/meeting-ad-alto-livello-sulla-trasformazione-dei-sistemi-sanitari-verso-modelli-centrati-sulle-persone-e-sulle-comunita\/#primaryimage"},"thumbnailUrl":"https:\/\/www.effe-homecare.eu\/wp-content\/uploads\/2023\/10\/maxresdefault-1024x576.jpg","datePublished":"2023-10-18T00:11:00+00:00","dateModified":"2024-02-12T02:00:55+00:00","author":{"@id":"https:\/\/www.effe-homecare.eu\/it\/#\/schema\/person\/e6ba740027c6a6d08af528b4707e6622"},"breadcrumb":{"@id":"https:\/\/www.effe-homecare.eu\/it\/meeting-ad-alto-livello-sulla-trasformazione-dei-sistemi-sanitari-verso-modelli-centrati-sulle-persone-e-sulle-comunita\/#breadcrumb"},"inLanguage":"it-IT","potentialAction":[{"@type":"ReadAction","target":["https:\/\/www.effe-homecare.eu\/it\/meeting-ad-alto-livello-sulla-trasformazione-dei-sistemi-sanitari-verso-modelli-centrati-sulle-persone-e-sulle-comunita\/"]}]},{"@type":"ImageObject","inLanguage":"it-IT","@id":"https:\/\/www.effe-homecare.eu\/it\/meeting-ad-alto-livello-sulla-trasformazione-dei-sistemi-sanitari-verso-modelli-centrati-sulle-persone-e-sulle-comunita\/#primaryimage","url":"https:\/\/www.effe-homecare.eu\/wp-content\/uploads\/2023\/10\/maxresdefault-1024x576.jpg","contentUrl":"https:\/\/www.effe-homecare.eu\/wp-content\/uploads\/2023\/10\/maxresdefault-1024x576.jpg"},{"@type":"BreadcrumbList","@id":"https:\/\/www.effe-homecare.eu\/it\/meeting-ad-alto-livello-sulla-trasformazione-dei-sistemi-sanitari-verso-modelli-centrati-sulle-persone-e-sulle-comunita\/#breadcrumb","itemListElement":[{"@type":"ListItem","position":1,"name":"","item":"https:\/\/www.effe-homecare.eu\/it\/"},{"@type":"ListItem","position":2,"name":"Meeting ad alto livello sulla trasformazione dei sistemi sanitari verso modelli centrati sulle persone e sulle comunit\u00e0"}]},{"@type":"WebSite","@id":"https:\/\/www.effe-homecare.eu\/it\/#website","url":"https:\/\/www.effe-homecare.eu\/it\/","name":"EFFE","description":"F\u00e9d\u00e9ration Europ\u00e9enne des Emplois et de la Famille","potentialAction":[{"@type":"SearchAction","target":{"@type":"EntryPoint","urlTemplate":"https:\/\/www.effe-homecare.eu\/it\/?s={search_term_string}"},"query-input":{"@type":"PropertyValueSpecification","valueRequired":true,"valueName":"search_term_string"}}],"inLanguage":"it-IT"},{"@type":"Person","@id":"https:\/\/www.effe-homecare.eu\/it\/#\/schema\/person\/e6ba740027c6a6d08af528b4707e6622","name":"Thomas Hector","image":{"@type":"ImageObject","inLanguage":"it-IT","@id":"https:\/\/secure.gravatar.com\/avatar\/271213d1d93650bbc2c6f79507965bcb2eb1530a3de5ba0a65b68390e434b14d?s=96&d=mm&r=g","url":"https:\/\/secure.gravatar.com\/avatar\/271213d1d93650bbc2c6f79507965bcb2eb1530a3de5ba0a65b68390e434b14d?s=96&d=mm&r=g","contentUrl":"https:\/\/secure.gravatar.com\/avatar\/271213d1d93650bbc2c6f79507965bcb2eb1530a3de5ba0a65b68390e434b14d?s=96&d=mm&r=g","caption":"Thomas Hector"}}]}},"_links":{"self":[{"href":"https:\/\/www.effe-homecare.eu\/it\/wp-json\/wp\/v2\/posts\/7929","targetHints":{"allow":["GET"]}}],"collection":[{"href":"https:\/\/www.effe-homecare.eu\/it\/wp-json\/wp\/v2\/posts"}],"about":[{"href":"https:\/\/www.effe-homecare.eu\/it\/wp-json\/wp\/v2\/types\/post"}],"author":[{"embeddable":true,"href":"https:\/\/www.effe-homecare.eu\/it\/wp-json\/wp\/v2\/users\/6"}],"replies":[{"embeddable":true,"href":"https:\/\/www.effe-homecare.eu\/it\/wp-json\/wp\/v2\/comments?post=7929"}],"version-history":[{"count":2,"href":"https:\/\/www.effe-homecare.eu\/it\/wp-json\/wp\/v2\/posts\/7929\/revisions"}],"predecessor-version":[{"id":7948,"href":"https:\/\/www.effe-homecare.eu\/it\/wp-json\/wp\/v2\/posts\/7929\/revisions\/7948"}],"wp:attachment":[{"href":"https:\/\/www.effe-homecare.eu\/it\/wp-json\/wp\/v2\/media?parent=7929"}],"wp:term":[{"taxonomy":"category","embeddable":true,"href":"https:\/\/www.effe-homecare.eu\/it\/wp-json\/wp\/v2\/categories?post=7929"},{"taxonomy":"post_tag","embeddable":true,"href":"https:\/\/www.effe-homecare.eu\/it\/wp-json\/wp\/v2\/tags?post=7929"}],"curies":[{"name":"wp","href":"https:\/\/api.w.org\/{rel}","templated":true}]}}