{"id":7908,"date":"2023-03-28T01:31:00","date_gmt":"2023-03-27T23:31:00","guid":{"rendered":"https:\/\/www.effe-homecare.eu\/?p=7908"},"modified":"2024-02-12T01:40:27","modified_gmt":"2024-02-12T00:40:27","slug":"effe-nuovo-partner-del-global-deal","status":"publish","type":"post","link":"https:\/\/www.effe-homecare.eu\/it\/effe-nuovo-partner-del-global-deal\/","title":{"rendered":"EFFE, nuovo partner del Global Deal"},"content":{"rendered":"\n<p>Il 28 marzo 2023, EFFE ha aderito al Global Deal, una partnership internazionale a favore del dialogo sociale. Co-pilotata dall&#8217;OCSE e dall&#8217;OIL, questa iniziativa riunisce una comunit\u00e0 di attori che credono nel dialogo sociale come strumento di regolamentazione. Concepite come un luogo di scambio tra i partner sulla diversit\u00e0 delle esperienze e le buone pratiche nel campo del dialogo sociale, il Global Deal consente ai partner di impegnarsi volontariamente a rafforzare il dialogo sociale a tutti i livelli. Ha l&#8217;obiettivo di fornire risposte concrete per conciliare la performance economica e il progresso sociale.<\/p>\n\n\n\n<div class=\"wp-block-columns is-layout-flex wp-container-core-columns-is-layout-9d6595d7 wp-block-columns-is-layout-flex\">\n<div class=\"wp-block-column is-layout-flow wp-block-column-is-layout-flow\"><div class=\"wp-block-image\">\n<figure class=\"alignright size-large\"><img loading=\"lazy\" decoding=\"async\" width=\"1024\" height=\"589\" src=\"https:\/\/www.effe-homecare.eu\/wp-content\/uploads\/2023\/03\/Flag-EFFE-1024x589.png\" alt=\"\" class=\"wp-image-5401\" srcset=\"https:\/\/www.effe-homecare.eu\/wp-content\/uploads\/2023\/03\/Flag-EFFE-1024x589.png 1024w, https:\/\/www.effe-homecare.eu\/wp-content\/uploads\/2023\/03\/Flag-EFFE-300x173.png 300w, https:\/\/www.effe-homecare.eu\/wp-content\/uploads\/2023\/03\/Flag-EFFE-768x442.png 768w, https:\/\/www.effe-homecare.eu\/wp-content\/uploads\/2023\/03\/Flag-EFFE-1536x884.png 1536w, https:\/\/www.effe-homecare.eu\/wp-content\/uploads\/2023\/03\/Flag-EFFE-2048x1178.png 2048w, https:\/\/www.effe-homecare.eu\/wp-content\/uploads\/2023\/03\/Flag-EFFE-100x58.png 100w, https:\/\/www.effe-homecare.eu\/wp-content\/uploads\/2023\/03\/Flag-EFFE-60x35.png 60w\" sizes=\"auto, (max-width: 1024px) 100vw, 1024px\" \/><\/figure>\n<\/div><\/div>\n\n\n\n<div class=\"wp-block-column is-layout-flow wp-block-column-is-layout-flow\"><div class=\"wp-block-image\">\n<figure class=\"aligncenter size-large\"><img loading=\"lazy\" decoding=\"async\" width=\"712\" height=\"443\" src=\"https:\/\/www.effe-homecare.eu\/wp-content\/uploads\/2023\/03\/Quote-EFFE.png\" alt=\"\" class=\"wp-image-5403\" srcset=\"https:\/\/www.effe-homecare.eu\/wp-content\/uploads\/2023\/03\/Quote-EFFE.png 712w, https:\/\/www.effe-homecare.eu\/wp-content\/uploads\/2023\/03\/Quote-EFFE-300x187.png 300w, https:\/\/www.effe-homecare.eu\/wp-content\/uploads\/2023\/03\/Quote-EFFE-100x62.png 100w, https:\/\/www.effe-homecare.eu\/wp-content\/uploads\/2023\/03\/Quote-EFFE-60x37.png 60w\" sizes=\"auto, (max-width: 712px) 100vw, 712px\" \/><\/figure>\n<\/div><\/div>\n<\/div>\n\n\n\n<p>Il Global Deal riunisce governi, datori di lavoro pubblici e privati, organizzazioni internazionali e sindacati, coinvolgendo anche esperti del dialogo sociale, su questioni di interesse comune relative alla politica economica e sociale al fine di promuovere soluzioni comuni, rappresentando al contempo i loro diversi interessi. Tutti condividono l&#8217;idea che un dialogo sociale efficace richieda rispetto e fiducia reciproci per creare condizioni favorevoli alla collaborazione tra datori di lavoro, lavoratori e governi. Questo pu\u00f2 portare alla pace sul mercato del lavoro, promuovere la concorrenza e rafforzare la stabilit\u00e0 economica e la prosperit\u00e0 condivisa.<\/p>\n\n\n\n<p>Il Global Deal mira ad incoraggiare governi, imprese, sindacati e altre organizzazioni a prendere impegni per rafforzare il dialogo sociale e contribuire a un lavoro dignitoso, a lavori di qualit\u00e0 e ad una maggiore produttivit\u00e0 e, di conseguenza, ad una maggiore uguaglianza e crescita inclusiva. Questo dar\u00e0 a EFFE l&#8217;opportunit\u00e0 e i mezzi per scambiare idee e buone pratiche, partecipare a progetti congiunti, condividere le lezioni apprese e ricercare e fornire consulenze strategiche. Lo scambio con i nuovi partner permetter\u00e0 di strutturare meglio il settore dei Servizi per la Persona al fine di spingere gli attori coinvolti ad impegnarsi efficacemente nel dialogo sociale settoriale per una migliore riconoscimento dei lavoratori domestici e degli assistenti domiciliari.<\/p>\n","protected":false},"excerpt":{"rendered":"<p>Il 28 marzo 2023, EFFE ha aderito al Global Deal, una partnership internazionale a favore del dialogo sociale. Co-pilotata dall&#8217;OCSE e dall&#8217;OIL, questa iniziativa riunisce una comunit\u00e0 di attori che credono nel dialogo sociale come strumento di regolamentazione. Concepite come un luogo di scambio tra i partner sulla diversit\u00e0 delle esperienze e le buone pratiche [&hellip;]<\/p>\n","protected":false},"author":6,"featured_media":7914,"comment_status":"closed","ping_status":"closed","sticky":false,"template":"","format":"standard","meta":{"_acf_changed":false,"_monsterinsights_skip_tracking":false,"_monsterinsights_sitenote_active":false,"_monsterinsights_sitenote_note":"","_monsterinsights_sitenote_category":0,"footnotes":""},"categories":[83],"tags":[],"class_list":["post-7908","post","type-post","status-publish","format-standard","has-post-thumbnail","hentry","category-notizie"],"acf":[],"yoast_head":"<!-- This site is optimized with the Yoast SEO plugin v27.3 - https:\/\/yoast.com\/product\/yoast-seo-wordpress\/ -->\n<title>EFFE, nuovo partner del Global Deal - EFFE<\/title>\n<meta name=\"robots\" content=\"index, follow, max-snippet:-1, max-image-preview:large, max-video-preview:-1\" \/>\n<link rel=\"canonical\" href=\"https:\/\/www.effe-homecare.eu\/it\/effe-nuovo-partner-del-global-deal\/\" \/>\n<meta property=\"og:locale\" content=\"it_IT\" \/>\n<meta property=\"og:type\" content=\"article\" \/>\n<meta property=\"og:title\" content=\"EFFE, nuovo partner del Global Deal - EFFE\" \/>\n<meta property=\"og:description\" content=\"Il 28 marzo 2023, EFFE ha aderito al Global Deal, una partnership internazionale a favore del dialogo sociale. Co-pilotata dall&#8217;OCSE e dall&#8217;OIL, questa iniziativa riunisce una comunit\u00e0 di attori che credono nel dialogo sociale come strumento di regolamentazione. Concepite come un luogo di scambio tra i partner sulla diversit\u00e0 delle esperienze e le buone pratiche [&hellip;]\" \/>\n<meta property=\"og:url\" content=\"https:\/\/www.effe-homecare.eu\/it\/effe-nuovo-partner-del-global-deal\/\" \/>\n<meta property=\"og:site_name\" content=\"EFFE\" \/>\n<meta property=\"article:published_time\" content=\"2023-03-27T23:31:00+00:00\" \/>\n<meta property=\"article:modified_time\" content=\"2024-02-12T00:40:27+00:00\" \/>\n<meta property=\"og:image\" content=\"https:\/\/www.effe-homecare.eu\/wp-content\/uploads\/2023\/03\/Flag-EFFE.png\" \/>\n\t<meta property=\"og:image:width\" content=\"3740\" \/>\n\t<meta property=\"og:image:height\" content=\"2152\" \/>\n\t<meta property=\"og:image:type\" content=\"image\/png\" \/>\n<meta name=\"author\" content=\"Thomas Hector\" \/>\n<meta name=\"twitter:card\" content=\"summary_large_image\" \/>\n<meta name=\"twitter:label1\" content=\"Scritto da\" \/>\n\t<meta name=\"twitter:data1\" content=\"Thomas Hector\" \/>\n\t<meta name=\"twitter:label2\" content=\"Tempo di lettura stimato\" \/>\n\t<meta name=\"twitter:data2\" content=\"2 minuti\" \/>\n<script type=\"application\/ld+json\" class=\"yoast-schema-graph\">{\"@context\":\"https:\\\/\\\/schema.org\",\"@graph\":[{\"@type\":\"Article\",\"@id\":\"https:\\\/\\\/www.effe-homecare.eu\\\/it\\\/effe-nuovo-partner-del-global-deal\\\/#article\",\"isPartOf\":{\"@id\":\"https:\\\/\\\/www.effe-homecare.eu\\\/it\\\/effe-nuovo-partner-del-global-deal\\\/\"},\"author\":{\"name\":\"Thomas Hector\",\"@id\":\"https:\\\/\\\/www.effe-homecare.eu\\\/it\\\/#\\\/schema\\\/person\\\/e6ba740027c6a6d08af528b4707e6622\"},\"headline\":\"EFFE, nuovo partner del Global Deal\",\"datePublished\":\"2023-03-27T23:31:00+00:00\",\"dateModified\":\"2024-02-12T00:40:27+00:00\",\"mainEntityOfPage\":{\"@id\":\"https:\\\/\\\/www.effe-homecare.eu\\\/it\\\/effe-nuovo-partner-del-global-deal\\\/\"},\"wordCount\":309,\"image\":{\"@id\":\"https:\\\/\\\/www.effe-homecare.eu\\\/it\\\/effe-nuovo-partner-del-global-deal\\\/#primaryimage\"},\"thumbnailUrl\":\"https:\\\/\\\/www.effe-homecare.eu\\\/wp-content\\\/uploads\\\/2023\\\/03\\\/Flag-EFFE.png\",\"articleSection\":[\"notizie\"],\"inLanguage\":\"it-IT\"},{\"@type\":\"WebPage\",\"@id\":\"https:\\\/\\\/www.effe-homecare.eu\\\/it\\\/effe-nuovo-partner-del-global-deal\\\/\",\"url\":\"https:\\\/\\\/www.effe-homecare.eu\\\/it\\\/effe-nuovo-partner-del-global-deal\\\/\",\"name\":\"EFFE, nuovo partner del Global Deal - EFFE\",\"isPartOf\":{\"@id\":\"https:\\\/\\\/www.effe-homecare.eu\\\/it\\\/#website\"},\"primaryImageOfPage\":{\"@id\":\"https:\\\/\\\/www.effe-homecare.eu\\\/it\\\/effe-nuovo-partner-del-global-deal\\\/#primaryimage\"},\"image\":{\"@id\":\"https:\\\/\\\/www.effe-homecare.eu\\\/it\\\/effe-nuovo-partner-del-global-deal\\\/#primaryimage\"},\"thumbnailUrl\":\"https:\\\/\\\/www.effe-homecare.eu\\\/wp-content\\\/uploads\\\/2023\\\/03\\\/Flag-EFFE.png\",\"datePublished\":\"2023-03-27T23:31:00+00:00\",\"dateModified\":\"2024-02-12T00:40:27+00:00\",\"author\":{\"@id\":\"https:\\\/\\\/www.effe-homecare.eu\\\/it\\\/#\\\/schema\\\/person\\\/e6ba740027c6a6d08af528b4707e6622\"},\"breadcrumb\":{\"@id\":\"https:\\\/\\\/www.effe-homecare.eu\\\/it\\\/effe-nuovo-partner-del-global-deal\\\/#breadcrumb\"},\"inLanguage\":\"it-IT\",\"potentialAction\":[{\"@type\":\"ReadAction\",\"target\":[\"https:\\\/\\\/www.effe-homecare.eu\\\/it\\\/effe-nuovo-partner-del-global-deal\\\/\"]}]},{\"@type\":\"ImageObject\",\"inLanguage\":\"it-IT\",\"@id\":\"https:\\\/\\\/www.effe-homecare.eu\\\/it\\\/effe-nuovo-partner-del-global-deal\\\/#primaryimage\",\"url\":\"https:\\\/\\\/www.effe-homecare.eu\\\/wp-content\\\/uploads\\\/2023\\\/03\\\/Flag-EFFE.png\",\"contentUrl\":\"https:\\\/\\\/www.effe-homecare.eu\\\/wp-content\\\/uploads\\\/2023\\\/03\\\/Flag-EFFE.png\",\"width\":3740,\"height\":2152},{\"@type\":\"BreadcrumbList\",\"@id\":\"https:\\\/\\\/www.effe-homecare.eu\\\/it\\\/effe-nuovo-partner-del-global-deal\\\/#breadcrumb\",\"itemListElement\":[{\"@type\":\"ListItem\",\"position\":1,\"name\":\"\",\"item\":\"https:\\\/\\\/www.effe-homecare.eu\\\/it\\\/\"},{\"@type\":\"ListItem\",\"position\":2,\"name\":\"EFFE, nuovo partner del Global Deal\"}]},{\"@type\":\"WebSite\",\"@id\":\"https:\\\/\\\/www.effe-homecare.eu\\\/it\\\/#website\",\"url\":\"https:\\\/\\\/www.effe-homecare.eu\\\/it\\\/\",\"name\":\"EFFE\",\"description\":\"F\u00e9d\u00e9ration Europ\u00e9enne des Emplois et de la Famille\",\"potentialAction\":[{\"@type\":\"SearchAction\",\"target\":{\"@type\":\"EntryPoint\",\"urlTemplate\":\"https:\\\/\\\/www.effe-homecare.eu\\\/it\\\/?s={search_term_string}\"},\"query-input\":{\"@type\":\"PropertyValueSpecification\",\"valueRequired\":true,\"valueName\":\"search_term_string\"}}],\"inLanguage\":\"it-IT\"},{\"@type\":\"Person\",\"@id\":\"https:\\\/\\\/www.effe-homecare.eu\\\/it\\\/#\\\/schema\\\/person\\\/e6ba740027c6a6d08af528b4707e6622\",\"name\":\"Thomas Hector\",\"image\":{\"@type\":\"ImageObject\",\"inLanguage\":\"it-IT\",\"@id\":\"https:\\\/\\\/secure.gravatar.com\\\/avatar\\\/271213d1d93650bbc2c6f79507965bcb2eb1530a3de5ba0a65b68390e434b14d?s=96&d=mm&r=g\",\"url\":\"https:\\\/\\\/secure.gravatar.com\\\/avatar\\\/271213d1d93650bbc2c6f79507965bcb2eb1530a3de5ba0a65b68390e434b14d?s=96&d=mm&r=g\",\"contentUrl\":\"https:\\\/\\\/secure.gravatar.com\\\/avatar\\\/271213d1d93650bbc2c6f79507965bcb2eb1530a3de5ba0a65b68390e434b14d?s=96&d=mm&r=g\",\"caption\":\"Thomas Hector\"}}]}<\/script>\n<!-- \/ Yoast SEO plugin. -->","yoast_head_json":{"title":"EFFE, nuovo partner del Global Deal - EFFE","robots":{"index":"index","follow":"follow","max-snippet":"max-snippet:-1","max-image-preview":"max-image-preview:large","max-video-preview":"max-video-preview:-1"},"canonical":"https:\/\/www.effe-homecare.eu\/it\/effe-nuovo-partner-del-global-deal\/","og_locale":"it_IT","og_type":"article","og_title":"EFFE, nuovo partner del Global Deal - EFFE","og_description":"Il 28 marzo 2023, EFFE ha aderito al Global Deal, una partnership internazionale a favore del dialogo sociale. Co-pilotata dall&#8217;OCSE e dall&#8217;OIL, questa iniziativa riunisce una comunit\u00e0 di attori che credono nel dialogo sociale come strumento di regolamentazione. Concepite come un luogo di scambio tra i partner sulla diversit\u00e0 delle esperienze e le buone pratiche [&hellip;]","og_url":"https:\/\/www.effe-homecare.eu\/it\/effe-nuovo-partner-del-global-deal\/","og_site_name":"EFFE","article_published_time":"2023-03-27T23:31:00+00:00","article_modified_time":"2024-02-12T00:40:27+00:00","og_image":[{"width":3740,"height":2152,"url":"https:\/\/www.effe-homecare.eu\/wp-content\/uploads\/2023\/03\/Flag-EFFE.png","type":"image\/png"}],"author":"Thomas Hector","twitter_card":"summary_large_image","twitter_misc":{"Scritto da":"Thomas Hector","Tempo di lettura stimato":"2 minuti"},"schema":{"@context":"https:\/\/schema.org","@graph":[{"@type":"Article","@id":"https:\/\/www.effe-homecare.eu\/it\/effe-nuovo-partner-del-global-deal\/#article","isPartOf":{"@id":"https:\/\/www.effe-homecare.eu\/it\/effe-nuovo-partner-del-global-deal\/"},"author":{"name":"Thomas Hector","@id":"https:\/\/www.effe-homecare.eu\/it\/#\/schema\/person\/e6ba740027c6a6d08af528b4707e6622"},"headline":"EFFE, nuovo partner del Global Deal","datePublished":"2023-03-27T23:31:00+00:00","dateModified":"2024-02-12T00:40:27+00:00","mainEntityOfPage":{"@id":"https:\/\/www.effe-homecare.eu\/it\/effe-nuovo-partner-del-global-deal\/"},"wordCount":309,"image":{"@id":"https:\/\/www.effe-homecare.eu\/it\/effe-nuovo-partner-del-global-deal\/#primaryimage"},"thumbnailUrl":"https:\/\/www.effe-homecare.eu\/wp-content\/uploads\/2023\/03\/Flag-EFFE.png","articleSection":["notizie"],"inLanguage":"it-IT"},{"@type":"WebPage","@id":"https:\/\/www.effe-homecare.eu\/it\/effe-nuovo-partner-del-global-deal\/","url":"https:\/\/www.effe-homecare.eu\/it\/effe-nuovo-partner-del-global-deal\/","name":"EFFE, nuovo partner del Global Deal - EFFE","isPartOf":{"@id":"https:\/\/www.effe-homecare.eu\/it\/#website"},"primaryImageOfPage":{"@id":"https:\/\/www.effe-homecare.eu\/it\/effe-nuovo-partner-del-global-deal\/#primaryimage"},"image":{"@id":"https:\/\/www.effe-homecare.eu\/it\/effe-nuovo-partner-del-global-deal\/#primaryimage"},"thumbnailUrl":"https:\/\/www.effe-homecare.eu\/wp-content\/uploads\/2023\/03\/Flag-EFFE.png","datePublished":"2023-03-27T23:31:00+00:00","dateModified":"2024-02-12T00:40:27+00:00","author":{"@id":"https:\/\/www.effe-homecare.eu\/it\/#\/schema\/person\/e6ba740027c6a6d08af528b4707e6622"},"breadcrumb":{"@id":"https:\/\/www.effe-homecare.eu\/it\/effe-nuovo-partner-del-global-deal\/#breadcrumb"},"inLanguage":"it-IT","potentialAction":[{"@type":"ReadAction","target":["https:\/\/www.effe-homecare.eu\/it\/effe-nuovo-partner-del-global-deal\/"]}]},{"@type":"ImageObject","inLanguage":"it-IT","@id":"https:\/\/www.effe-homecare.eu\/it\/effe-nuovo-partner-del-global-deal\/#primaryimage","url":"https:\/\/www.effe-homecare.eu\/wp-content\/uploads\/2023\/03\/Flag-EFFE.png","contentUrl":"https:\/\/www.effe-homecare.eu\/wp-content\/uploads\/2023\/03\/Flag-EFFE.png","width":3740,"height":2152},{"@type":"BreadcrumbList","@id":"https:\/\/www.effe-homecare.eu\/it\/effe-nuovo-partner-del-global-deal\/#breadcrumb","itemListElement":[{"@type":"ListItem","position":1,"name":"","item":"https:\/\/www.effe-homecare.eu\/it\/"},{"@type":"ListItem","position":2,"name":"EFFE, nuovo partner del Global Deal"}]},{"@type":"WebSite","@id":"https:\/\/www.effe-homecare.eu\/it\/#website","url":"https:\/\/www.effe-homecare.eu\/it\/","name":"EFFE","description":"F\u00e9d\u00e9ration Europ\u00e9enne des Emplois et de la Famille","potentialAction":[{"@type":"SearchAction","target":{"@type":"EntryPoint","urlTemplate":"https:\/\/www.effe-homecare.eu\/it\/?s={search_term_string}"},"query-input":{"@type":"PropertyValueSpecification","valueRequired":true,"valueName":"search_term_string"}}],"inLanguage":"it-IT"},{"@type":"Person","@id":"https:\/\/www.effe-homecare.eu\/it\/#\/schema\/person\/e6ba740027c6a6d08af528b4707e6622","name":"Thomas Hector","image":{"@type":"ImageObject","inLanguage":"it-IT","@id":"https:\/\/secure.gravatar.com\/avatar\/271213d1d93650bbc2c6f79507965bcb2eb1530a3de5ba0a65b68390e434b14d?s=96&d=mm&r=g","url":"https:\/\/secure.gravatar.com\/avatar\/271213d1d93650bbc2c6f79507965bcb2eb1530a3de5ba0a65b68390e434b14d?s=96&d=mm&r=g","contentUrl":"https:\/\/secure.gravatar.com\/avatar\/271213d1d93650bbc2c6f79507965bcb2eb1530a3de5ba0a65b68390e434b14d?s=96&d=mm&r=g","caption":"Thomas Hector"}}]}},"_links":{"self":[{"href":"https:\/\/www.effe-homecare.eu\/it\/wp-json\/wp\/v2\/posts\/7908","targetHints":{"allow":["GET"]}}],"collection":[{"href":"https:\/\/www.effe-homecare.eu\/it\/wp-json\/wp\/v2\/posts"}],"about":[{"href":"https:\/\/www.effe-homecare.eu\/it\/wp-json\/wp\/v2\/types\/post"}],"author":[{"embeddable":true,"href":"https:\/\/www.effe-homecare.eu\/it\/wp-json\/wp\/v2\/users\/6"}],"replies":[{"embeddable":true,"href":"https:\/\/www.effe-homecare.eu\/it\/wp-json\/wp\/v2\/comments?post=7908"}],"version-history":[{"count":2,"href":"https:\/\/www.effe-homecare.eu\/it\/wp-json\/wp\/v2\/posts\/7908\/revisions"}],"predecessor-version":[{"id":7913,"href":"https:\/\/www.effe-homecare.eu\/it\/wp-json\/wp\/v2\/posts\/7908\/revisions\/7913"}],"wp:featuredmedia":[{"embeddable":true,"href":"https:\/\/www.effe-homecare.eu\/it\/wp-json\/wp\/v2\/media\/7914"}],"wp:attachment":[{"href":"https:\/\/www.effe-homecare.eu\/it\/wp-json\/wp\/v2\/media?parent=7908"}],"wp:term":[{"taxonomy":"category","embeddable":true,"href":"https:\/\/www.effe-homecare.eu\/it\/wp-json\/wp\/v2\/categories?post=7908"},{"taxonomy":"post_tag","embeddable":true,"href":"https:\/\/www.effe-homecare.eu\/it\/wp-json\/wp\/v2\/tags?post=7908"}],"curies":[{"name":"wp","href":"https:\/\/api.w.org\/{rel}","templated":true}]}}