{"id":7886,"date":"2023-03-28T01:02:00","date_gmt":"2023-03-27T23:02:00","guid":{"rendered":"https:\/\/www.effe-homecare.eu\/?p=7886"},"modified":"2024-02-12T01:18:20","modified_gmt":"2024-02-12T00:18:20","slug":"conferenza-di-lancio-del-progetto-care4care","status":"publish","type":"post","link":"https:\/\/www.effe-homecare.eu\/it\/conferenza-di-lancio-del-progetto-care4care\/","title":{"rendered":"Conferenza di lancio del progetto Care4Care."},"content":{"rendered":"\n<p>L&#8217;evento di lancio e presentazione del progetto Horizon Europe CARE4CARE si \u00e8 svolto il 16 e 17 marzo 2023 a Firenze, alla presenza di tutti i partner, tra cui si annovera EFFE. Questo progetto esaminer\u00e0 i rischi e le condizioni che mettono gli &#8220;assistenti&#8221; in posizioni vulnerabili e la loro percezione sul mercato del lavoro in sei Stati membri dell&#8217;UE: Francia, Germania, Italia, Polonia, Spagna e Svezia. Il consorzio CARE4CARE conta 10 partner stabiliti in 7 diversi Stati membri dell&#8217;UE, coordinati dal team dell&#8217;Universit\u00e0 di Firenze (Italia). Nel dettaglio, il consorzio riunisce sette unit\u00e0 di ricerca: l&#8217;Universit\u00e0 di Firenze, l&#8217;Universit\u00e0 di Bordeaux, l&#8217;Universit\u00e0 di Siviglia, l&#8217;Universit\u00e0 di Girona, l&#8217;Universit\u00e0 di Lund, l&#8217;Universit\u00e0 di Rzeszow e l&#8217;Universit\u00e0 di Viadrina Francoforte. TOUR4EU fornisce l&#8217;esperienza necessaria per promuovere il progetto e la sua internazionalizzazione. EFFE e EFSI completano questo consorzio al fine di fornire le competenze necessarie per affrontare i lavoratori del settore nel rispetto della prospettiva europea. Inoltre, i partner possono contare sul supporto dell&#8217;Istituto sindacale europeo (ETUI).<\/p>\n\n\n\n<p>Il progetto mira a creare strumenti per migliorare la qualit\u00e0 del lavoro degli assistenti, nonch\u00e9 a combattere la discriminazione nel loro settore. La riunione, aperta al pubblico, ha coinvolto un&#8217;ampia gamma di attori della societ\u00e0 civile, sindacati, rappresentanti dei datori di lavoro, associazioni familiari, organizzazioni per la promozione dell&#8217;uguaglianza e reti dedicate all&#8217;assistenza sanitaria. Lo scopo di questo evento era dimostrare l&#8217;attualit\u00e0 e la rilevanza del tema trattato dai partner di questo progetto, in linea con le azioni intraprese dall&#8217;Unione europea per implementare una strategia europea per l&#8217;assistenza.<\/p>\n\n\n\n<p>Durante la conferenza, tutti i partner del Consorzio hanno avuto l&#8217;opportunit\u00e0 di presentare i contenuti e gli obiettivi dei pacchetti di lavoro guidati da ciascuno di loro insieme al ruolo che svolgeranno nel progetto, fornendo al pubblico un&#8217;idea chiara della ricerca e degli output societari perseguiti e dei risultati ottenuti finora. Questi includono la creazione del sito web del progetto, gi\u00e0 online, cos\u00ec come la definizione di una strategia di comunicazione. Inoltre, l&#8217;Universit\u00e0 di Lund e l&#8217;Universit\u00e0 di Girona hanno redatto un questionario, fondamentale per raccogliere dati e produrre report durante la durata del progetto.<\/p>\n\n\n\n<p>Il progetto inizier\u00e0 con un esame critico della qualit\u00e0 del lavoro e delle condizioni inclusive di lavoro (JQIWC) degli operatori dell&#8217;assistenza, nel settore dell&#8217;assistenza pubblica e privata, nelle economie formali e informali e con una mappatura dei modelli di discriminazione nel settore dell&#8217;assistenza, focalizzandosi su due fattori: genere e status migratorio. L&#8217;obiettivo \u00e8 offrire un&#8217;analisi comparativa dell&#8217;impatto della legislazione antidiscriminazione e della giurisprudenza sugli assistenti sociali nei sei paesi membri del Consorzio. La contrattazione collettiva nazionale e gli organismi per l&#8217;uguaglianza saranno esaminati anche da una prospettiva comparativa per verificare l&#8217;esistenza di pratiche antidiscriminatorie e eventuali lacune nell&#8217;attuazione della pertinente legislazione dell&#8217;UE.<\/p>\n\n\n\n<p>Questo lavoro sar\u00e0 svolto attraverso una raccolta completa dei dati e una ricerca socio-legale innovativa sugli operatori dell&#8217;assistenza nei contesti nazionali, comparativi ed europei\/internazionali, nonch\u00e9 un dialogo con gli stakeholder e costituir\u00e0 una base per strategie basate sull&#8217;evidenza e risposte politiche. EFFE si assicurer\u00e0 di fornire una panoramica delle esigenze del mercato del lavoro degli attori del settore.<\/p>\n\n\n\n<p>\u00c8 possibile seguire la conferenza di lancio, seguire tutti gli sviluppi e i prossimi passi del progetto tramite il <a href=\"http:\/\/www.care4care.net\/\">sito web<\/a> appena lanciato o iscrivendosi alla <a href=\"http:\/\/www.care4care.net\/newsletter-subscription\/\">newsletter<\/a>.<\/p>\n","protected":false},"excerpt":{"rendered":"<p>L&#8217;evento di lancio e presentazione del progetto Horizon Europe CARE4CARE si \u00e8 svolto il 16 e 17 marzo 2023 a Firenze, alla presenza di tutti i partner, tra cui si annovera EFFE. Questo progetto esaminer\u00e0 i rischi e le condizioni che mettono gli &#8220;assistenti&#8221; in posizioni vulnerabili e la loro percezione sul mercato del lavoro [&hellip;]<\/p>\n","protected":false},"author":6,"featured_media":0,"comment_status":"closed","ping_status":"closed","sticky":false,"template":"","format":"standard","meta":{"_acf_changed":false,"_monsterinsights_skip_tracking":false,"_monsterinsights_sitenote_active":false,"_monsterinsights_sitenote_note":"","_monsterinsights_sitenote_category":0,"footnotes":""},"categories":[83,86],"tags":[],"class_list":["post-7886","post","type-post","status-publish","format-standard","hentry","category-notizie","category-progetti-europei"],"acf":[],"yoast_head":"<!-- This site is optimized with the Yoast SEO plugin v27.3 - https:\/\/yoast.com\/product\/yoast-seo-wordpress\/ -->\n<title>Conferenza di lancio del progetto Care4Care. - EFFE<\/title>\n<meta name=\"robots\" content=\"index, follow, max-snippet:-1, max-image-preview:large, max-video-preview:-1\" \/>\n<link rel=\"canonical\" href=\"https:\/\/www.effe-homecare.eu\/it\/conferenza-di-lancio-del-progetto-care4care\/\" \/>\n<meta property=\"og:locale\" content=\"it_IT\" \/>\n<meta property=\"og:type\" content=\"article\" \/>\n<meta property=\"og:title\" content=\"Conferenza di lancio del progetto Care4Care. - EFFE\" \/>\n<meta property=\"og:description\" content=\"L&#8217;evento di lancio e presentazione del progetto Horizon Europe CARE4CARE si \u00e8 svolto il 16 e 17 marzo 2023 a Firenze, alla presenza di tutti i partner, tra cui si annovera EFFE. Questo progetto esaminer\u00e0 i rischi e le condizioni che mettono gli &#8220;assistenti&#8221; in posizioni vulnerabili e la loro percezione sul mercato del lavoro [&hellip;]\" \/>\n<meta property=\"og:url\" content=\"https:\/\/www.effe-homecare.eu\/it\/conferenza-di-lancio-del-progetto-care4care\/\" \/>\n<meta property=\"og:site_name\" content=\"EFFE\" \/>\n<meta property=\"article:published_time\" content=\"2023-03-27T23:02:00+00:00\" \/>\n<meta property=\"article:modified_time\" content=\"2024-02-12T00:18:20+00:00\" \/>\n<meta name=\"author\" content=\"Thomas Hector\" \/>\n<meta name=\"twitter:card\" content=\"summary_large_image\" \/>\n<meta name=\"twitter:label1\" content=\"Scritto da\" \/>\n\t<meta name=\"twitter:data1\" content=\"Thomas Hector\" \/>\n\t<meta name=\"twitter:label2\" content=\"Tempo di lettura stimato\" \/>\n\t<meta name=\"twitter:data2\" content=\"3 minuti\" \/>\n<script type=\"application\/ld+json\" class=\"yoast-schema-graph\">{\"@context\":\"https:\\\/\\\/schema.org\",\"@graph\":[{\"@type\":\"Article\",\"@id\":\"https:\\\/\\\/www.effe-homecare.eu\\\/it\\\/conferenza-di-lancio-del-progetto-care4care\\\/#article\",\"isPartOf\":{\"@id\":\"https:\\\/\\\/www.effe-homecare.eu\\\/it\\\/conferenza-di-lancio-del-progetto-care4care\\\/\"},\"author\":{\"name\":\"Thomas Hector\",\"@id\":\"https:\\\/\\\/www.effe-homecare.eu\\\/it\\\/#\\\/schema\\\/person\\\/e6ba740027c6a6d08af528b4707e6622\"},\"headline\":\"Conferenza di lancio del progetto Care4Care.\",\"datePublished\":\"2023-03-27T23:02:00+00:00\",\"dateModified\":\"2024-02-12T00:18:20+00:00\",\"mainEntityOfPage\":{\"@id\":\"https:\\\/\\\/www.effe-homecare.eu\\\/it\\\/conferenza-di-lancio-del-progetto-care4care\\\/\"},\"wordCount\":574,\"articleSection\":[\"notizie\",\"progetti europei\"],\"inLanguage\":\"it-IT\"},{\"@type\":\"WebPage\",\"@id\":\"https:\\\/\\\/www.effe-homecare.eu\\\/it\\\/conferenza-di-lancio-del-progetto-care4care\\\/\",\"url\":\"https:\\\/\\\/www.effe-homecare.eu\\\/it\\\/conferenza-di-lancio-del-progetto-care4care\\\/\",\"name\":\"Conferenza di lancio del progetto Care4Care. - EFFE\",\"isPartOf\":{\"@id\":\"https:\\\/\\\/www.effe-homecare.eu\\\/it\\\/#website\"},\"datePublished\":\"2023-03-27T23:02:00+00:00\",\"dateModified\":\"2024-02-12T00:18:20+00:00\",\"author\":{\"@id\":\"https:\\\/\\\/www.effe-homecare.eu\\\/it\\\/#\\\/schema\\\/person\\\/e6ba740027c6a6d08af528b4707e6622\"},\"breadcrumb\":{\"@id\":\"https:\\\/\\\/www.effe-homecare.eu\\\/it\\\/conferenza-di-lancio-del-progetto-care4care\\\/#breadcrumb\"},\"inLanguage\":\"it-IT\",\"potentialAction\":[{\"@type\":\"ReadAction\",\"target\":[\"https:\\\/\\\/www.effe-homecare.eu\\\/it\\\/conferenza-di-lancio-del-progetto-care4care\\\/\"]}]},{\"@type\":\"BreadcrumbList\",\"@id\":\"https:\\\/\\\/www.effe-homecare.eu\\\/it\\\/conferenza-di-lancio-del-progetto-care4care\\\/#breadcrumb\",\"itemListElement\":[{\"@type\":\"ListItem\",\"position\":1,\"name\":\"\",\"item\":\"https:\\\/\\\/www.effe-homecare.eu\\\/it\\\/\"},{\"@type\":\"ListItem\",\"position\":2,\"name\":\"Conferenza di lancio del progetto Care4Care.\"}]},{\"@type\":\"WebSite\",\"@id\":\"https:\\\/\\\/www.effe-homecare.eu\\\/it\\\/#website\",\"url\":\"https:\\\/\\\/www.effe-homecare.eu\\\/it\\\/\",\"name\":\"EFFE\",\"description\":\"F\u00e9d\u00e9ration Europ\u00e9enne des Emplois et de la Famille\",\"potentialAction\":[{\"@type\":\"SearchAction\",\"target\":{\"@type\":\"EntryPoint\",\"urlTemplate\":\"https:\\\/\\\/www.effe-homecare.eu\\\/it\\\/?s={search_term_string}\"},\"query-input\":{\"@type\":\"PropertyValueSpecification\",\"valueRequired\":true,\"valueName\":\"search_term_string\"}}],\"inLanguage\":\"it-IT\"},{\"@type\":\"Person\",\"@id\":\"https:\\\/\\\/www.effe-homecare.eu\\\/it\\\/#\\\/schema\\\/person\\\/e6ba740027c6a6d08af528b4707e6622\",\"name\":\"Thomas Hector\",\"image\":{\"@type\":\"ImageObject\",\"inLanguage\":\"it-IT\",\"@id\":\"https:\\\/\\\/secure.gravatar.com\\\/avatar\\\/271213d1d93650bbc2c6f79507965bcb2eb1530a3de5ba0a65b68390e434b14d?s=96&d=mm&r=g\",\"url\":\"https:\\\/\\\/secure.gravatar.com\\\/avatar\\\/271213d1d93650bbc2c6f79507965bcb2eb1530a3de5ba0a65b68390e434b14d?s=96&d=mm&r=g\",\"contentUrl\":\"https:\\\/\\\/secure.gravatar.com\\\/avatar\\\/271213d1d93650bbc2c6f79507965bcb2eb1530a3de5ba0a65b68390e434b14d?s=96&d=mm&r=g\",\"caption\":\"Thomas Hector\"}}]}<\/script>\n<!-- \/ Yoast SEO plugin. -->","yoast_head_json":{"title":"Conferenza di lancio del progetto Care4Care. - EFFE","robots":{"index":"index","follow":"follow","max-snippet":"max-snippet:-1","max-image-preview":"max-image-preview:large","max-video-preview":"max-video-preview:-1"},"canonical":"https:\/\/www.effe-homecare.eu\/it\/conferenza-di-lancio-del-progetto-care4care\/","og_locale":"it_IT","og_type":"article","og_title":"Conferenza di lancio del progetto Care4Care. - EFFE","og_description":"L&#8217;evento di lancio e presentazione del progetto Horizon Europe CARE4CARE si \u00e8 svolto il 16 e 17 marzo 2023 a Firenze, alla presenza di tutti i partner, tra cui si annovera EFFE. Questo progetto esaminer\u00e0 i rischi e le condizioni che mettono gli &#8220;assistenti&#8221; in posizioni vulnerabili e la loro percezione sul mercato del lavoro [&hellip;]","og_url":"https:\/\/www.effe-homecare.eu\/it\/conferenza-di-lancio-del-progetto-care4care\/","og_site_name":"EFFE","article_published_time":"2023-03-27T23:02:00+00:00","article_modified_time":"2024-02-12T00:18:20+00:00","author":"Thomas Hector","twitter_card":"summary_large_image","twitter_misc":{"Scritto da":"Thomas Hector","Tempo di lettura stimato":"3 minuti"},"schema":{"@context":"https:\/\/schema.org","@graph":[{"@type":"Article","@id":"https:\/\/www.effe-homecare.eu\/it\/conferenza-di-lancio-del-progetto-care4care\/#article","isPartOf":{"@id":"https:\/\/www.effe-homecare.eu\/it\/conferenza-di-lancio-del-progetto-care4care\/"},"author":{"name":"Thomas Hector","@id":"https:\/\/www.effe-homecare.eu\/it\/#\/schema\/person\/e6ba740027c6a6d08af528b4707e6622"},"headline":"Conferenza di lancio del progetto Care4Care.","datePublished":"2023-03-27T23:02:00+00:00","dateModified":"2024-02-12T00:18:20+00:00","mainEntityOfPage":{"@id":"https:\/\/www.effe-homecare.eu\/it\/conferenza-di-lancio-del-progetto-care4care\/"},"wordCount":574,"articleSection":["notizie","progetti europei"],"inLanguage":"it-IT"},{"@type":"WebPage","@id":"https:\/\/www.effe-homecare.eu\/it\/conferenza-di-lancio-del-progetto-care4care\/","url":"https:\/\/www.effe-homecare.eu\/it\/conferenza-di-lancio-del-progetto-care4care\/","name":"Conferenza di lancio del progetto Care4Care. - EFFE","isPartOf":{"@id":"https:\/\/www.effe-homecare.eu\/it\/#website"},"datePublished":"2023-03-27T23:02:00+00:00","dateModified":"2024-02-12T00:18:20+00:00","author":{"@id":"https:\/\/www.effe-homecare.eu\/it\/#\/schema\/person\/e6ba740027c6a6d08af528b4707e6622"},"breadcrumb":{"@id":"https:\/\/www.effe-homecare.eu\/it\/conferenza-di-lancio-del-progetto-care4care\/#breadcrumb"},"inLanguage":"it-IT","potentialAction":[{"@type":"ReadAction","target":["https:\/\/www.effe-homecare.eu\/it\/conferenza-di-lancio-del-progetto-care4care\/"]}]},{"@type":"BreadcrumbList","@id":"https:\/\/www.effe-homecare.eu\/it\/conferenza-di-lancio-del-progetto-care4care\/#breadcrumb","itemListElement":[{"@type":"ListItem","position":1,"name":"","item":"https:\/\/www.effe-homecare.eu\/it\/"},{"@type":"ListItem","position":2,"name":"Conferenza di lancio del progetto Care4Care."}]},{"@type":"WebSite","@id":"https:\/\/www.effe-homecare.eu\/it\/#website","url":"https:\/\/www.effe-homecare.eu\/it\/","name":"EFFE","description":"F\u00e9d\u00e9ration Europ\u00e9enne des Emplois et de la Famille","potentialAction":[{"@type":"SearchAction","target":{"@type":"EntryPoint","urlTemplate":"https:\/\/www.effe-homecare.eu\/it\/?s={search_term_string}"},"query-input":{"@type":"PropertyValueSpecification","valueRequired":true,"valueName":"search_term_string"}}],"inLanguage":"it-IT"},{"@type":"Person","@id":"https:\/\/www.effe-homecare.eu\/it\/#\/schema\/person\/e6ba740027c6a6d08af528b4707e6622","name":"Thomas Hector","image":{"@type":"ImageObject","inLanguage":"it-IT","@id":"https:\/\/secure.gravatar.com\/avatar\/271213d1d93650bbc2c6f79507965bcb2eb1530a3de5ba0a65b68390e434b14d?s=96&d=mm&r=g","url":"https:\/\/secure.gravatar.com\/avatar\/271213d1d93650bbc2c6f79507965bcb2eb1530a3de5ba0a65b68390e434b14d?s=96&d=mm&r=g","contentUrl":"https:\/\/secure.gravatar.com\/avatar\/271213d1d93650bbc2c6f79507965bcb2eb1530a3de5ba0a65b68390e434b14d?s=96&d=mm&r=g","caption":"Thomas Hector"}}]}},"_links":{"self":[{"href":"https:\/\/www.effe-homecare.eu\/it\/wp-json\/wp\/v2\/posts\/7886","targetHints":{"allow":["GET"]}}],"collection":[{"href":"https:\/\/www.effe-homecare.eu\/it\/wp-json\/wp\/v2\/posts"}],"about":[{"href":"https:\/\/www.effe-homecare.eu\/it\/wp-json\/wp\/v2\/types\/post"}],"author":[{"embeddable":true,"href":"https:\/\/www.effe-homecare.eu\/it\/wp-json\/wp\/v2\/users\/6"}],"replies":[{"embeddable":true,"href":"https:\/\/www.effe-homecare.eu\/it\/wp-json\/wp\/v2\/comments?post=7886"}],"version-history":[{"count":2,"href":"https:\/\/www.effe-homecare.eu\/it\/wp-json\/wp\/v2\/posts\/7886\/revisions"}],"predecessor-version":[{"id":7891,"href":"https:\/\/www.effe-homecare.eu\/it\/wp-json\/wp\/v2\/posts\/7886\/revisions\/7891"}],"wp:attachment":[{"href":"https:\/\/www.effe-homecare.eu\/it\/wp-json\/wp\/v2\/media?parent=7886"}],"wp:term":[{"taxonomy":"category","embeddable":true,"href":"https:\/\/www.effe-homecare.eu\/it\/wp-json\/wp\/v2\/categories?post=7886"},{"taxonomy":"post_tag","embeddable":true,"href":"https:\/\/www.effe-homecare.eu\/it\/wp-json\/wp\/v2\/tags?post=7886"}],"curies":[{"name":"wp","href":"https:\/\/api.w.org\/{rel}","templated":true}]}}