{"id":5931,"date":"2023-01-17T17:26:06","date_gmt":"2023-01-17T16:26:06","guid":{"rendered":"https:\/\/www.effe-homecare.eu\/edito-du-nouvel-an-quelles-perspectives-pour-le-secteur-de-lemploi-a-domicile-en-2023\/"},"modified":"2023-07-26T15:06:32","modified_gmt":"2023-07-26T13:06:32","slug":"editoriale-dellanno-nuovo-quali-prospettive-per-il-settore-del-lavoro-domestico-e-dellassistenza-domiciliare-nel-2023","status":"publish","type":"post","link":"https:\/\/www.effe-homecare.eu\/it\/editoriale-dellanno-nuovo-quali-prospettive-per-il-settore-del-lavoro-domestico-e-dellassistenza-domiciliare-nel-2023\/","title":{"rendered":"Editoriale dell\u2019anno nuovo: quali prospettive per il settore del lavoro domestico e dell\u2019assistenza domiciliare nel 2023?"},"content":{"rendered":"\n<p>Il 2022 si \u00e8 concluso per il nostro settore con un grande successo, che annuncia un futuro promettente.<\/p>\n\n\n\n<p>In effetti, abbiamo visto un\u2019evoluzione delle priorit\u00e0 sociali dell\u2019Unione europea, con una migliore inclusione dei mestieri dell\u2019assistenza domiciliare nelle riflessioni relative all\u2019attuazione del pilastro europeo dei diritti sociali, in particolare rispetto ai diritti delle popolazioni vulnerabili \u2013 bambini, persone anziane o disabili- e al loro accesso ad un\u2019assistenza a prezzi abbordabili e di qualit\u00e0. Inoltre, nel 2022 la Commissione europea si \u00e8 per la prima volta occupata dei diritti sia degli assistenti formali ed informali che delle persone bisognose di assistenza.<\/p>\n\n\n<div class=\"wp-block-image\">\n<figure class=\"aligncenter size-full is-resized\"><img loading=\"lazy\" decoding=\"async\" src=\"https:\/\/www.effe-homecare.eu\/wp-content\/uploads\/2023\/01\/IMG_5285.jpg\" alt=\"\" class=\"wp-image-5120\" width=\"504\" height=\"378\" srcset=\"https:\/\/www.effe-homecare.eu\/wp-content\/uploads\/2023\/01\/IMG_5285.jpg 2016w, https:\/\/www.effe-homecare.eu\/wp-content\/uploads\/2023\/01\/IMG_5285-300x225.jpg 300w, https:\/\/www.effe-homecare.eu\/wp-content\/uploads\/2023\/01\/IMG_5285-1024x768.jpg 1024w, https:\/\/www.effe-homecare.eu\/wp-content\/uploads\/2023\/01\/IMG_5285-768x576.jpg 768w, https:\/\/www.effe-homecare.eu\/wp-content\/uploads\/2023\/01\/IMG_5285-1536x1152.jpg 1536w, https:\/\/www.effe-homecare.eu\/wp-content\/uploads\/2023\/01\/IMG_5285-100x75.jpg 100w, https:\/\/www.effe-homecare.eu\/wp-content\/uploads\/2023\/01\/IMG_5285-60x45.jpg 60w\" sizes=\"auto, (max-width: 504px) 100vw, 504px\" \/><figcaption class=\"wp-element-caption\"><br>Marie B\u00e9atrice Levaux, presidente EFFE, Andrea Zini, vicepresidente e Karmele Acedo, segretaria generale<\/figcaption><\/figure>\n<\/div>\n\n\n<p>Dobbiamo portare avanti questa mobilitazione e proseguire sulla stessa scia per il 2023, in modo da spingere i decisori politici a dare vita a cambiamenti strategici imposti dai cambiamenti sociali che ci aspettano. Il 2023 ci porter\u00e0 \u2013 auspichiamo \u2013 il rafforzamento e la strutturazione di un settore ancora oggi troppo spesso escluso o ignorato dalle politiche pubbliche nazionali ed europee, eppure essenziale per rispondere ai bisogni di assistenza dettati dall\u2019invecchiamento della popolazione europea. Costituisce inoltre una risposta ai bisogni di formazione e di riconoscimento delle competenze e fornisce soluzioni efficaci per lottare contro il lavoro domestico irregolare.<\/p>\n\n\n\n<p>Gli stati membri si preparano ad attuare la strategia e l\u2019UE si appresta a puntare i riflettori sulle sfide della formazione nel contesto dell\u2019anno europeo delle competenze, e al contempo EFFE lavorer\u00e0 attivamente alla preparazione dei grandi appuntamenti del 2023 dedicati ad accompagnare gli stati membri.<\/p>\n\n\n\n<p>\u00c8 in quest\u2019ottica che EFFE lancia un nuovo osservatorio politico, l\u2019EFFE LAB. La sua missione consiste nell\u2019aiutare i decisori politici europei e nazionali, fornendo loro dati e strumenti di cui hanno bisogno per accompagnare al meglio i loro sistemi di assistenza \u2013 tale \u00e8 l\u2019obiettivo del primo studio esaustivo dei servizi e dell\u2019assistenza alla persona esistenti nei 27 paesi dell\u2019UE. Un\u2019altra finalit\u00e0 \u00e8 quella di illustrare nuove prospettive per quanto riguarda le criticit\u00e0 dei sistemi di assistenza e della manodopera nell\u2019UE.<\/p>\n\n\n\n<p>Il 2023 segna anche il decimo anno di esistenza della nostra federazione. Il nostro grande evento di quest\u2019anno vuole proprio festeggiare il nostro grande partenariato. Dal gennaio del 2022, EFFE \u00e8 riconosciuta come organizzazione datoriale rappresentativa del settore dai suoi omologhi datoriali e sindacali. Inoltre, EFFE ha sottoscritto con EFFAT, EFSI e UNI-Europa il suo impegno in qualit\u00e0 di parti sociali nel settore dei servizi alla persona e alla famiglia per migliorare di concerto su scala europea il riconoscimento del settore, la sua percezione e le condizioni di lavoro. Nel marzo 2022, il Commissario europeo per il lavoro e i diritti sociali, Nicolas Schmit, ha svolto un ruolo di apripista riconoscendo ufficialmente le nostre quattro organizzazioni come parti sociali e avviando un dialogo sociale europeo sul settore PHS per sottolineare l\u2019eterogeneit\u00e0 della prestazione di servizi.<\/p>\n\n\n\n<p>Pertanto, l\u2019evento sar\u00e0 il culmine di un lavoro di fondo portato avanti con gli stati membri nel 2022 e 2023, facendo del decimo anniversario un punto di svolta cruciale nella prospettiva del successivo mandato europeo. Questo evento dar\u00e0 spazio ai lavori che EFFE porta a termine per i cittadini europei relativamente alla grandi tematiche attuali che costituiranno gli spunti di redazione di un \u00ab\u00a0patto per il lavoro domestico\u00a0\u00bb.<\/p>\n\n\n\n<p>Questi nuovi e promettenti percorsi non ci fanno tuttavia dimenticare i nostri ambiti di attivit\u00e0 e le nostre priorit\u00e0: il riconoscimento e la visibilit\u00e0 del settore del lavoro domestico su scala europea, il miglioramento delle condizioni di lavoro dei lavoratori domestici nell\u2019UE e l\u2019inclusione del settore del lavoro domestico nelle politiche europee. EFFE lancia un appello all\u2019UE per ottenere il suo sostegno e la creazione, a livello europeo e in seno agli stati membri, di un contesto favorevole all\u2019esercizio del diritto di sindacalizzazione e contrattazione collettiva da parte dei datori di lavoro diretto e dei lavoratori domestici, tenendo presenti le specificit\u00e0 di ciascuno stato membro.<\/p>\n\n\n\n<p>A nome di EFFE e di tutto il suo team, un grazie di cuore della collaborazione e dell\u2019appoggio nel corso di quest\u2019anno cardine per il nostro settore. Speriamo di poter continuare ad accompagnarvi e di veder nascere nuove grandi idee innovative e creative alla volta di nuove prospettive per EFFE.<\/p>\n","protected":false},"excerpt":{"rendered":"<p>Il 2022 si \u00e8 concluso per il nostro settore con un grande successo, che annuncia un futuro promettente. In effetti, abbiamo visto un\u2019evoluzione delle priorit\u00e0 sociali dell\u2019Unione europea, con una migliore inclusione dei mestieri dell\u2019assistenza domiciliare nelle riflessioni relative all\u2019attuazione del pilastro europeo dei diritti sociali, in particolare rispetto ai diritti delle popolazioni vulnerabili \u2013 [&hellip;]<\/p>\n","protected":false},"author":6,"featured_media":5932,"comment_status":"closed","ping_status":"closed","sticky":false,"template":"","format":"standard","meta":{"_acf_changed":false,"_monsterinsights_skip_tracking":false,"_monsterinsights_sitenote_active":false,"_monsterinsights_sitenote_note":"","_monsterinsights_sitenote_category":0,"footnotes":""},"categories":[83,76],"tags":[],"class_list":["post-5931","post","type-post","status-publish","format-standard","has-post-thumbnail","hentry","category-notizie","category-senza-categoria"],"acf":[],"yoast_head":"<!-- This site is optimized with the Yoast SEO plugin v27.3 - https:\/\/yoast.com\/product\/yoast-seo-wordpress\/ -->\n<title>Editoriale dell\u2019anno nuovo: quali prospettive per il settore del lavoro domestico e dell\u2019assistenza domiciliare nel 2023? - EFFE<\/title>\n<meta name=\"robots\" content=\"index, follow, max-snippet:-1, max-image-preview:large, max-video-preview:-1\" \/>\n<link rel=\"canonical\" href=\"https:\/\/www.effe-homecare.eu\/it\/editoriale-dellanno-nuovo-quali-prospettive-per-il-settore-del-lavoro-domestico-e-dellassistenza-domiciliare-nel-2023\/\" \/>\n<meta property=\"og:locale\" content=\"it_IT\" \/>\n<meta property=\"og:type\" content=\"article\" \/>\n<meta property=\"og:title\" content=\"Editoriale dell\u2019anno nuovo: quali prospettive per il settore del lavoro domestico e dell\u2019assistenza domiciliare nel 2023? - EFFE\" \/>\n<meta property=\"og:description\" content=\"Il 2022 si \u00e8 concluso per il nostro settore con un grande successo, che annuncia un futuro promettente. In effetti, abbiamo visto un\u2019evoluzione delle priorit\u00e0 sociali dell\u2019Unione europea, con una migliore inclusione dei mestieri dell\u2019assistenza domiciliare nelle riflessioni relative all\u2019attuazione del pilastro europeo dei diritti sociali, in particolare rispetto ai diritti delle popolazioni vulnerabili \u2013 [&hellip;]\" \/>\n<meta property=\"og:url\" content=\"https:\/\/www.effe-homecare.eu\/it\/editoriale-dellanno-nuovo-quali-prospettive-per-il-settore-del-lavoro-domestico-e-dellassistenza-domiciliare-nel-2023\/\" \/>\n<meta property=\"og:site_name\" content=\"EFFE\" \/>\n<meta property=\"article:published_time\" content=\"2023-01-17T16:26:06+00:00\" \/>\n<meta property=\"article:modified_time\" content=\"2023-07-26T13:06:32+00:00\" \/>\n<meta property=\"og:image\" content=\"https:\/\/www.effe-homecare.eu\/wp-content\/uploads\/2023\/01\/IMG_5285.jpg\" \/>\n\t<meta property=\"og:image:width\" content=\"2016\" \/>\n\t<meta property=\"og:image:height\" content=\"1512\" \/>\n\t<meta property=\"og:image:type\" content=\"image\/jpeg\" \/>\n<meta name=\"author\" content=\"Thomas Hector\" \/>\n<meta name=\"twitter:card\" content=\"summary_large_image\" \/>\n<meta name=\"twitter:label1\" content=\"Scritto da\" \/>\n\t<meta name=\"twitter:data1\" content=\"Thomas Hector\" \/>\n\t<meta name=\"twitter:label2\" content=\"Tempo di lettura stimato\" \/>\n\t<meta name=\"twitter:data2\" content=\"4 minuti\" \/>\n<script type=\"application\/ld+json\" class=\"yoast-schema-graph\">{\"@context\":\"https:\\\/\\\/schema.org\",\"@graph\":[{\"@type\":\"Article\",\"@id\":\"https:\\\/\\\/www.effe-homecare.eu\\\/it\\\/editoriale-dellanno-nuovo-quali-prospettive-per-il-settore-del-lavoro-domestico-e-dellassistenza-domiciliare-nel-2023\\\/#article\",\"isPartOf\":{\"@id\":\"https:\\\/\\\/www.effe-homecare.eu\\\/it\\\/editoriale-dellanno-nuovo-quali-prospettive-per-il-settore-del-lavoro-domestico-e-dellassistenza-domiciliare-nel-2023\\\/\"},\"author\":{\"name\":\"Thomas Hector\",\"@id\":\"https:\\\/\\\/www.effe-homecare.eu\\\/it\\\/#\\\/schema\\\/person\\\/e6ba740027c6a6d08af528b4707e6622\"},\"headline\":\"Editoriale dell\u2019anno nuovo: quali prospettive per il settore del lavoro domestico e dell\u2019assistenza domiciliare nel 2023?\",\"datePublished\":\"2023-01-17T16:26:06+00:00\",\"dateModified\":\"2023-07-26T13:06:32+00:00\",\"mainEntityOfPage\":{\"@id\":\"https:\\\/\\\/www.effe-homecare.eu\\\/it\\\/editoriale-dellanno-nuovo-quali-prospettive-per-il-settore-del-lavoro-domestico-e-dellassistenza-domiciliare-nel-2023\\\/\"},\"wordCount\":717,\"image\":{\"@id\":\"https:\\\/\\\/www.effe-homecare.eu\\\/it\\\/editoriale-dellanno-nuovo-quali-prospettive-per-il-settore-del-lavoro-domestico-e-dellassistenza-domiciliare-nel-2023\\\/#primaryimage\"},\"thumbnailUrl\":\"https:\\\/\\\/www.effe-homecare.eu\\\/wp-content\\\/uploads\\\/2023\\\/01\\\/IMG_5285.jpg\",\"articleSection\":[\"notizie\",\"senza categoria\"],\"inLanguage\":\"it-IT\"},{\"@type\":\"WebPage\",\"@id\":\"https:\\\/\\\/www.effe-homecare.eu\\\/it\\\/editoriale-dellanno-nuovo-quali-prospettive-per-il-settore-del-lavoro-domestico-e-dellassistenza-domiciliare-nel-2023\\\/\",\"url\":\"https:\\\/\\\/www.effe-homecare.eu\\\/it\\\/editoriale-dellanno-nuovo-quali-prospettive-per-il-settore-del-lavoro-domestico-e-dellassistenza-domiciliare-nel-2023\\\/\",\"name\":\"Editoriale dell\u2019anno nuovo: quali prospettive per il settore del lavoro domestico e dell\u2019assistenza domiciliare nel 2023? - EFFE\",\"isPartOf\":{\"@id\":\"https:\\\/\\\/www.effe-homecare.eu\\\/it\\\/#website\"},\"primaryImageOfPage\":{\"@id\":\"https:\\\/\\\/www.effe-homecare.eu\\\/it\\\/editoriale-dellanno-nuovo-quali-prospettive-per-il-settore-del-lavoro-domestico-e-dellassistenza-domiciliare-nel-2023\\\/#primaryimage\"},\"image\":{\"@id\":\"https:\\\/\\\/www.effe-homecare.eu\\\/it\\\/editoriale-dellanno-nuovo-quali-prospettive-per-il-settore-del-lavoro-domestico-e-dellassistenza-domiciliare-nel-2023\\\/#primaryimage\"},\"thumbnailUrl\":\"https:\\\/\\\/www.effe-homecare.eu\\\/wp-content\\\/uploads\\\/2023\\\/01\\\/IMG_5285.jpg\",\"datePublished\":\"2023-01-17T16:26:06+00:00\",\"dateModified\":\"2023-07-26T13:06:32+00:00\",\"author\":{\"@id\":\"https:\\\/\\\/www.effe-homecare.eu\\\/it\\\/#\\\/schema\\\/person\\\/e6ba740027c6a6d08af528b4707e6622\"},\"breadcrumb\":{\"@id\":\"https:\\\/\\\/www.effe-homecare.eu\\\/it\\\/editoriale-dellanno-nuovo-quali-prospettive-per-il-settore-del-lavoro-domestico-e-dellassistenza-domiciliare-nel-2023\\\/#breadcrumb\"},\"inLanguage\":\"it-IT\",\"potentialAction\":[{\"@type\":\"ReadAction\",\"target\":[\"https:\\\/\\\/www.effe-homecare.eu\\\/it\\\/editoriale-dellanno-nuovo-quali-prospettive-per-il-settore-del-lavoro-domestico-e-dellassistenza-domiciliare-nel-2023\\\/\"]}]},{\"@type\":\"ImageObject\",\"inLanguage\":\"it-IT\",\"@id\":\"https:\\\/\\\/www.effe-homecare.eu\\\/it\\\/editoriale-dellanno-nuovo-quali-prospettive-per-il-settore-del-lavoro-domestico-e-dellassistenza-domiciliare-nel-2023\\\/#primaryimage\",\"url\":\"https:\\\/\\\/www.effe-homecare.eu\\\/wp-content\\\/uploads\\\/2023\\\/01\\\/IMG_5285.jpg\",\"contentUrl\":\"https:\\\/\\\/www.effe-homecare.eu\\\/wp-content\\\/uploads\\\/2023\\\/01\\\/IMG_5285.jpg\",\"width\":2016,\"height\":1512},{\"@type\":\"BreadcrumbList\",\"@id\":\"https:\\\/\\\/www.effe-homecare.eu\\\/it\\\/editoriale-dellanno-nuovo-quali-prospettive-per-il-settore-del-lavoro-domestico-e-dellassistenza-domiciliare-nel-2023\\\/#breadcrumb\",\"itemListElement\":[{\"@type\":\"ListItem\",\"position\":1,\"name\":\"\",\"item\":\"https:\\\/\\\/www.effe-homecare.eu\\\/it\\\/\"},{\"@type\":\"ListItem\",\"position\":2,\"name\":\"Editoriale dell\u2019anno nuovo: quali prospettive per il settore del lavoro domestico e dell\u2019assistenza domiciliare nel 2023?\"}]},{\"@type\":\"WebSite\",\"@id\":\"https:\\\/\\\/www.effe-homecare.eu\\\/it\\\/#website\",\"url\":\"https:\\\/\\\/www.effe-homecare.eu\\\/it\\\/\",\"name\":\"EFFE\",\"description\":\"F\u00e9d\u00e9ration Europ\u00e9enne des Emplois et de la Famille\",\"potentialAction\":[{\"@type\":\"SearchAction\",\"target\":{\"@type\":\"EntryPoint\",\"urlTemplate\":\"https:\\\/\\\/www.effe-homecare.eu\\\/it\\\/?s={search_term_string}\"},\"query-input\":{\"@type\":\"PropertyValueSpecification\",\"valueRequired\":true,\"valueName\":\"search_term_string\"}}],\"inLanguage\":\"it-IT\"},{\"@type\":\"Person\",\"@id\":\"https:\\\/\\\/www.effe-homecare.eu\\\/it\\\/#\\\/schema\\\/person\\\/e6ba740027c6a6d08af528b4707e6622\",\"name\":\"Thomas Hector\",\"image\":{\"@type\":\"ImageObject\",\"inLanguage\":\"it-IT\",\"@id\":\"https:\\\/\\\/secure.gravatar.com\\\/avatar\\\/271213d1d93650bbc2c6f79507965bcb2eb1530a3de5ba0a65b68390e434b14d?s=96&d=mm&r=g\",\"url\":\"https:\\\/\\\/secure.gravatar.com\\\/avatar\\\/271213d1d93650bbc2c6f79507965bcb2eb1530a3de5ba0a65b68390e434b14d?s=96&d=mm&r=g\",\"contentUrl\":\"https:\\\/\\\/secure.gravatar.com\\\/avatar\\\/271213d1d93650bbc2c6f79507965bcb2eb1530a3de5ba0a65b68390e434b14d?s=96&d=mm&r=g\",\"caption\":\"Thomas Hector\"}}]}<\/script>\n<!-- \/ Yoast SEO plugin. -->","yoast_head_json":{"title":"Editoriale dell\u2019anno nuovo: quali prospettive per il settore del lavoro domestico e dell\u2019assistenza domiciliare nel 2023? - EFFE","robots":{"index":"index","follow":"follow","max-snippet":"max-snippet:-1","max-image-preview":"max-image-preview:large","max-video-preview":"max-video-preview:-1"},"canonical":"https:\/\/www.effe-homecare.eu\/it\/editoriale-dellanno-nuovo-quali-prospettive-per-il-settore-del-lavoro-domestico-e-dellassistenza-domiciliare-nel-2023\/","og_locale":"it_IT","og_type":"article","og_title":"Editoriale dell\u2019anno nuovo: quali prospettive per il settore del lavoro domestico e dell\u2019assistenza domiciliare nel 2023? - EFFE","og_description":"Il 2022 si \u00e8 concluso per il nostro settore con un grande successo, che annuncia un futuro promettente. In effetti, abbiamo visto un\u2019evoluzione delle priorit\u00e0 sociali dell\u2019Unione europea, con una migliore inclusione dei mestieri dell\u2019assistenza domiciliare nelle riflessioni relative all\u2019attuazione del pilastro europeo dei diritti sociali, in particolare rispetto ai diritti delle popolazioni vulnerabili \u2013 [&hellip;]","og_url":"https:\/\/www.effe-homecare.eu\/it\/editoriale-dellanno-nuovo-quali-prospettive-per-il-settore-del-lavoro-domestico-e-dellassistenza-domiciliare-nel-2023\/","og_site_name":"EFFE","article_published_time":"2023-01-17T16:26:06+00:00","article_modified_time":"2023-07-26T13:06:32+00:00","og_image":[{"width":2016,"height":1512,"url":"https:\/\/www.effe-homecare.eu\/wp-content\/uploads\/2023\/01\/IMG_5285.jpg","type":"image\/jpeg"}],"author":"Thomas Hector","twitter_card":"summary_large_image","twitter_misc":{"Scritto da":"Thomas Hector","Tempo di lettura stimato":"4 minuti"},"schema":{"@context":"https:\/\/schema.org","@graph":[{"@type":"Article","@id":"https:\/\/www.effe-homecare.eu\/it\/editoriale-dellanno-nuovo-quali-prospettive-per-il-settore-del-lavoro-domestico-e-dellassistenza-domiciliare-nel-2023\/#article","isPartOf":{"@id":"https:\/\/www.effe-homecare.eu\/it\/editoriale-dellanno-nuovo-quali-prospettive-per-il-settore-del-lavoro-domestico-e-dellassistenza-domiciliare-nel-2023\/"},"author":{"name":"Thomas Hector","@id":"https:\/\/www.effe-homecare.eu\/it\/#\/schema\/person\/e6ba740027c6a6d08af528b4707e6622"},"headline":"Editoriale dell\u2019anno nuovo: quali prospettive per il settore del lavoro domestico e dell\u2019assistenza domiciliare nel 2023?","datePublished":"2023-01-17T16:26:06+00:00","dateModified":"2023-07-26T13:06:32+00:00","mainEntityOfPage":{"@id":"https:\/\/www.effe-homecare.eu\/it\/editoriale-dellanno-nuovo-quali-prospettive-per-il-settore-del-lavoro-domestico-e-dellassistenza-domiciliare-nel-2023\/"},"wordCount":717,"image":{"@id":"https:\/\/www.effe-homecare.eu\/it\/editoriale-dellanno-nuovo-quali-prospettive-per-il-settore-del-lavoro-domestico-e-dellassistenza-domiciliare-nel-2023\/#primaryimage"},"thumbnailUrl":"https:\/\/www.effe-homecare.eu\/wp-content\/uploads\/2023\/01\/IMG_5285.jpg","articleSection":["notizie","senza categoria"],"inLanguage":"it-IT"},{"@type":"WebPage","@id":"https:\/\/www.effe-homecare.eu\/it\/editoriale-dellanno-nuovo-quali-prospettive-per-il-settore-del-lavoro-domestico-e-dellassistenza-domiciliare-nel-2023\/","url":"https:\/\/www.effe-homecare.eu\/it\/editoriale-dellanno-nuovo-quali-prospettive-per-il-settore-del-lavoro-domestico-e-dellassistenza-domiciliare-nel-2023\/","name":"Editoriale dell\u2019anno nuovo: quali prospettive per il settore del lavoro domestico e dell\u2019assistenza domiciliare nel 2023? - EFFE","isPartOf":{"@id":"https:\/\/www.effe-homecare.eu\/it\/#website"},"primaryImageOfPage":{"@id":"https:\/\/www.effe-homecare.eu\/it\/editoriale-dellanno-nuovo-quali-prospettive-per-il-settore-del-lavoro-domestico-e-dellassistenza-domiciliare-nel-2023\/#primaryimage"},"image":{"@id":"https:\/\/www.effe-homecare.eu\/it\/editoriale-dellanno-nuovo-quali-prospettive-per-il-settore-del-lavoro-domestico-e-dellassistenza-domiciliare-nel-2023\/#primaryimage"},"thumbnailUrl":"https:\/\/www.effe-homecare.eu\/wp-content\/uploads\/2023\/01\/IMG_5285.jpg","datePublished":"2023-01-17T16:26:06+00:00","dateModified":"2023-07-26T13:06:32+00:00","author":{"@id":"https:\/\/www.effe-homecare.eu\/it\/#\/schema\/person\/e6ba740027c6a6d08af528b4707e6622"},"breadcrumb":{"@id":"https:\/\/www.effe-homecare.eu\/it\/editoriale-dellanno-nuovo-quali-prospettive-per-il-settore-del-lavoro-domestico-e-dellassistenza-domiciliare-nel-2023\/#breadcrumb"},"inLanguage":"it-IT","potentialAction":[{"@type":"ReadAction","target":["https:\/\/www.effe-homecare.eu\/it\/editoriale-dellanno-nuovo-quali-prospettive-per-il-settore-del-lavoro-domestico-e-dellassistenza-domiciliare-nel-2023\/"]}]},{"@type":"ImageObject","inLanguage":"it-IT","@id":"https:\/\/www.effe-homecare.eu\/it\/editoriale-dellanno-nuovo-quali-prospettive-per-il-settore-del-lavoro-domestico-e-dellassistenza-domiciliare-nel-2023\/#primaryimage","url":"https:\/\/www.effe-homecare.eu\/wp-content\/uploads\/2023\/01\/IMG_5285.jpg","contentUrl":"https:\/\/www.effe-homecare.eu\/wp-content\/uploads\/2023\/01\/IMG_5285.jpg","width":2016,"height":1512},{"@type":"BreadcrumbList","@id":"https:\/\/www.effe-homecare.eu\/it\/editoriale-dellanno-nuovo-quali-prospettive-per-il-settore-del-lavoro-domestico-e-dellassistenza-domiciliare-nel-2023\/#breadcrumb","itemListElement":[{"@type":"ListItem","position":1,"name":"","item":"https:\/\/www.effe-homecare.eu\/it\/"},{"@type":"ListItem","position":2,"name":"Editoriale dell\u2019anno nuovo: quali prospettive per il settore del lavoro domestico e dell\u2019assistenza domiciliare nel 2023?"}]},{"@type":"WebSite","@id":"https:\/\/www.effe-homecare.eu\/it\/#website","url":"https:\/\/www.effe-homecare.eu\/it\/","name":"EFFE","description":"F\u00e9d\u00e9ration Europ\u00e9enne des Emplois et de la Famille","potentialAction":[{"@type":"SearchAction","target":{"@type":"EntryPoint","urlTemplate":"https:\/\/www.effe-homecare.eu\/it\/?s={search_term_string}"},"query-input":{"@type":"PropertyValueSpecification","valueRequired":true,"valueName":"search_term_string"}}],"inLanguage":"it-IT"},{"@type":"Person","@id":"https:\/\/www.effe-homecare.eu\/it\/#\/schema\/person\/e6ba740027c6a6d08af528b4707e6622","name":"Thomas Hector","image":{"@type":"ImageObject","inLanguage":"it-IT","@id":"https:\/\/secure.gravatar.com\/avatar\/271213d1d93650bbc2c6f79507965bcb2eb1530a3de5ba0a65b68390e434b14d?s=96&d=mm&r=g","url":"https:\/\/secure.gravatar.com\/avatar\/271213d1d93650bbc2c6f79507965bcb2eb1530a3de5ba0a65b68390e434b14d?s=96&d=mm&r=g","contentUrl":"https:\/\/secure.gravatar.com\/avatar\/271213d1d93650bbc2c6f79507965bcb2eb1530a3de5ba0a65b68390e434b14d?s=96&d=mm&r=g","caption":"Thomas Hector"}}]}},"_links":{"self":[{"href":"https:\/\/www.effe-homecare.eu\/it\/wp-json\/wp\/v2\/posts\/5931","targetHints":{"allow":["GET"]}}],"collection":[{"href":"https:\/\/www.effe-homecare.eu\/it\/wp-json\/wp\/v2\/posts"}],"about":[{"href":"https:\/\/www.effe-homecare.eu\/it\/wp-json\/wp\/v2\/types\/post"}],"author":[{"embeddable":true,"href":"https:\/\/www.effe-homecare.eu\/it\/wp-json\/wp\/v2\/users\/6"}],"replies":[{"embeddable":true,"href":"https:\/\/www.effe-homecare.eu\/it\/wp-json\/wp\/v2\/comments?post=5931"}],"version-history":[{"count":4,"href":"https:\/\/www.effe-homecare.eu\/it\/wp-json\/wp\/v2\/posts\/5931\/revisions"}],"predecessor-version":[{"id":5937,"href":"https:\/\/www.effe-homecare.eu\/it\/wp-json\/wp\/v2\/posts\/5931\/revisions\/5937"}],"wp:featuredmedia":[{"embeddable":true,"href":"https:\/\/www.effe-homecare.eu\/it\/wp-json\/wp\/v2\/media\/5932"}],"wp:attachment":[{"href":"https:\/\/www.effe-homecare.eu\/it\/wp-json\/wp\/v2\/media?parent=5931"}],"wp:term":[{"taxonomy":"category","embeddable":true,"href":"https:\/\/www.effe-homecare.eu\/it\/wp-json\/wp\/v2\/categories?post=5931"},{"taxonomy":"post_tag","embeddable":true,"href":"https:\/\/www.effe-homecare.eu\/it\/wp-json\/wp\/v2\/tags?post=5931"}],"curies":[{"name":"wp","href":"https:\/\/api.w.org\/{rel}","templated":true}]}}