{"id":9841,"date":"2026-08-31T11:29:00","date_gmt":"2026-08-31T09:29:00","guid":{"rendered":"https:\/\/www.effe-homecare.eu\/?p=9841"},"modified":"2026-09-01T13:11:10","modified_gmt":"2026-09-01T11:11:10","slug":"federation-mandataires-de-france-joins-effe","status":"publish","type":"post","link":"https:\/\/www.effe-homecare.eu\/en\/federation-mandataires-de-france-joins-effe\/","title":{"rendered":"F\u00e9d\u00e9ration Mandataires de France Joins EFFE"},"content":{"rendered":"\n<p class=\"wp-block-paragraph\">EFFE welcomes F\u00e9d\u00e9ration Mandataires de France (FMF) as its newest member. FMF is France&#8217;s national professional body representing and promoting the &#8220;mandate&#8221; model of household employment \u2014 a form of employer support that should not be confused with staffing or placement agencies. Under this model, a specialised organisation acts as the agent of the private individual who remains the legal employer, rather than acting as an employer itself.<\/p>\n\n\n\n<p class=\"wp-block-paragraph\">FMF was founded to bring these mandate-based organisations together under one umbrella. Their role is to support household employers by advising them on their legal duties and responsibilities as employers. Today, FMF brings together more than 190 organisations and serves as the main point of contact for French public authorities on matters specific to this employment model.<\/p>\n\n\n\n<p class=\"wp-block-paragraph\"><strong>A distinctive model: independence with support<\/strong><\/p>\n\n\n\n<p class=\"wp-block-paragraph\">This mandate model occupies a unique place in the household employment landscape, distinct from both direct employment and full-service staffing agencies. Under this arrangement, the mandate holder acts on behalf of the private employer \u2014 handling initial candidate screening, drawing up employment contracts, and issuing payslips \u2014 while the employer retains full legal responsibility for their employee throughout. This three-way relationship, built on trust and formalised through a mandate agreement, keeps accountability and freedom of choice at the heart of the employment relationship.<\/p>\n\n\n\n<p class=\"wp-block-paragraph\">To uphold high standards across the sector, FMF created <a href=\"https:\/\/www.federation-mandataires.fr\/qualimandat\/\">Qualimandat\u00ae<\/a>, the first quality label dedicated specifically to the mandate model. Its goal is to protect everyone involved \u2014 the employer, the employee, and the mandate holder itself.<\/p>\n\n\n\n<p class=\"wp-block-paragraph\"><strong>A valuable voice in European discussions<\/strong><\/p>\n\n\n\n<p class=\"wp-block-paragraph\">By joining EFFE, FMF aims to bring the distinct value of the French mandate model into European-level discussions on personal and household services. These are exactly the issues EFFE champions before EU institutions: greater recognition for the sector, improved professional standards for workers, and the fight against undeclared work.<\/p>\n\n\n\n<p class=\"wp-block-paragraph\">Sharing proven national practices across member states is one of EFFE&#8217;s key strategies, and France&#8217;s experience with the mandate model offers a meaningful contribution to the broader conversation about structuring a sector that affects millions of workers and families across Europe.<\/p>\n\n\n\n<p class=\"wp-block-paragraph\">EFFE looks forward to this new partnership and to the opportunities it creates for advancing the recognition and development of home employment throughout Europe.<\/p>\n\n\n\n<p class=\"wp-block-paragraph\">Learn more: <a href=\"https:\/\/www.federation-mandataires.fr\/\">F\u00e9d\u00e9ration Mandataires | R\u00e9seau de confiance d\u2019emploi \u00e0 domicile<\/a><\/p>\n","protected":false},"excerpt":{"rendered":"<p>EFFE welcomes F\u00e9d\u00e9ration Mandataires de France (FMF) as its newest member. FMF is France&#8217;s national professional body representing and promoting the &#8220;mandate&#8221; model of household employment \u2014 a form of employer support that should not be confused with staffing or placement agencies. Under this model, a specialised organisation acts as the agent of the private [&hellip;]<\/p>\n","protected":false},"author":6,"featured_media":0,"comment_status":"closed","ping_status":"closed","sticky":false,"template":"","format":"standard","meta":{"_acf_changed":false,"_monsterinsights_skip_tracking":false,"footnotes":""},"categories":[27],"tags":[],"class_list":["post-9841","post","type-post","status-publish","format-standard","hentry","category-news"],"acf":[],"yoast_head":"<!-- This site is optimized with the Yoast SEO plugin v27.9 - https:\/\/yoast.com\/product\/yoast-seo-wordpress\/ -->\n<title>F\u00e9d\u00e9ration Mandataires de France Joins EFFE - EFFE<\/title>\n<meta name=\"robots\" content=\"index, follow, max-snippet:-1, max-image-preview:large, max-video-preview:-1\" \/>\n<link rel=\"canonical\" href=\"https:\/\/www.effe-homecare.eu\/en\/federation-mandataires-de-france-joins-effe\/\" \/>\n<meta property=\"og:locale\" content=\"en_US\" \/>\n<meta property=\"og:type\" content=\"article\" \/>\n<meta property=\"og:title\" content=\"F\u00e9d\u00e9ration Mandataires de France Joins EFFE - EFFE\" \/>\n<meta property=\"og:description\" content=\"EFFE welcomes F\u00e9d\u00e9ration Mandataires de France (FMF) as its newest member. FMF is France&#8217;s national professional body representing and promoting the &#8220;mandate&#8221; model of household employment \u2014 a form of employer support that should not be confused with staffing or placement agencies. Under this model, a specialised organisation acts as the agent of the private [&hellip;]\" \/>\n<meta property=\"og:url\" content=\"https:\/\/www.effe-homecare.eu\/en\/federation-mandataires-de-france-joins-effe\/\" \/>\n<meta property=\"og:site_name\" content=\"EFFE\" \/>\n<meta property=\"article:published_time\" content=\"2026-08-31T09:29:00+00:00\" \/>\n<meta property=\"article:modified_time\" content=\"2026-09-01T11:11:10+00:00\" \/>\n<meta name=\"author\" content=\"Thomas Hector\" \/>\n<meta name=\"twitter:card\" content=\"summary_large_image\" \/>\n<meta name=\"twitter:label1\" content=\"Written by\" \/>\n\t<meta name=\"twitter:data1\" content=\"Thomas Hector\" \/>\n\t<meta name=\"twitter:label2\" content=\"Est. reading time\" \/>\n\t<meta name=\"twitter:data2\" content=\"2 minutes\" \/>\n<script type=\"application\/ld+json\" class=\"yoast-schema-graph\">{\"@context\":\"https:\\\/\\\/schema.org\",\"@graph\":[{\"@type\":\"Article\",\"@id\":\"https:\\\/\\\/www.effe-homecare.eu\\\/en\\\/federation-mandataires-de-france-joins-effe\\\/#article\",\"isPartOf\":{\"@id\":\"https:\\\/\\\/www.effe-homecare.eu\\\/en\\\/federation-mandataires-de-france-joins-effe\\\/\"},\"author\":{\"name\":\"Thomas Hector\",\"@id\":\"https:\\\/\\\/www.effe-homecare.eu\\\/en\\\/#\\\/schema\\\/person\\\/e6ba740027c6a6d08af528b4707e6622\"},\"headline\":\"F\u00e9d\u00e9ration Mandataires de France Joins EFFE\",\"datePublished\":\"2026-08-31T09:29:00+00:00\",\"dateModified\":\"2026-09-01T11:11:10+00:00\",\"mainEntityOfPage\":{\"@id\":\"https:\\\/\\\/www.effe-homecare.eu\\\/en\\\/federation-mandataires-de-france-joins-effe\\\/\"},\"wordCount\":392,\"articleSection\":[\"News\"],\"inLanguage\":\"en-US\"},{\"@type\":\"WebPage\",\"@id\":\"https:\\\/\\\/www.effe-homecare.eu\\\/en\\\/federation-mandataires-de-france-joins-effe\\\/\",\"url\":\"https:\\\/\\\/www.effe-homecare.eu\\\/en\\\/federation-mandataires-de-france-joins-effe\\\/\",\"name\":\"F\u00e9d\u00e9ration Mandataires de France Joins EFFE - EFFE\",\"isPartOf\":{\"@id\":\"https:\\\/\\\/www.effe-homecare.eu\\\/en\\\/#website\"},\"datePublished\":\"2026-08-31T09:29:00+00:00\",\"dateModified\":\"2026-09-01T11:11:10+00:00\",\"author\":{\"@id\":\"https:\\\/\\\/www.effe-homecare.eu\\\/en\\\/#\\\/schema\\\/person\\\/e6ba740027c6a6d08af528b4707e6622\"},\"breadcrumb\":{\"@id\":\"https:\\\/\\\/www.effe-homecare.eu\\\/en\\\/federation-mandataires-de-france-joins-effe\\\/#breadcrumb\"},\"inLanguage\":\"en-US\",\"potentialAction\":[{\"@type\":\"ReadAction\",\"target\":[\"https:\\\/\\\/www.effe-homecare.eu\\\/en\\\/federation-mandataires-de-france-joins-effe\\\/\"]}]},{\"@type\":\"BreadcrumbList\",\"@id\":\"https:\\\/\\\/www.effe-homecare.eu\\\/en\\\/federation-mandataires-de-france-joins-effe\\\/#breadcrumb\",\"itemListElement\":[{\"@type\":\"ListItem\",\"position\":1,\"name\":\"\",\"item\":\"https:\\\/\\\/www.effe-homecare.eu\\\/en\\\/\"},{\"@type\":\"ListItem\",\"position\":2,\"name\":\"F\u00e9d\u00e9ration Mandataires de France Joins EFFE\"}]},{\"@type\":\"WebSite\",\"@id\":\"https:\\\/\\\/www.effe-homecare.eu\\\/en\\\/#website\",\"url\":\"https:\\\/\\\/www.effe-homecare.eu\\\/en\\\/\",\"name\":\"EFFE\",\"description\":\"F\u00e9d\u00e9ration Europ\u00e9enne des Emplois et de la Famille\",\"potentialAction\":[{\"@type\":\"SearchAction\",\"target\":{\"@type\":\"EntryPoint\",\"urlTemplate\":\"https:\\\/\\\/www.effe-homecare.eu\\\/en\\\/?s={search_term_string}\"},\"query-input\":{\"@type\":\"PropertyValueSpecification\",\"valueRequired\":true,\"valueName\":\"search_term_string\"}}],\"inLanguage\":\"en-US\"},{\"@type\":\"Person\",\"@id\":\"https:\\\/\\\/www.effe-homecare.eu\\\/en\\\/#\\\/schema\\\/person\\\/e6ba740027c6a6d08af528b4707e6622\",\"name\":\"Thomas Hector\",\"image\":{\"@type\":\"ImageObject\",\"inLanguage\":\"en-US\",\"@id\":\"https:\\\/\\\/secure.gravatar.com\\\/avatar\\\/271213d1d93650bbc2c6f79507965bcb2eb1530a3de5ba0a65b68390e434b14d?s=96&d=mm&r=g\",\"url\":\"https:\\\/\\\/secure.gravatar.com\\\/avatar\\\/271213d1d93650bbc2c6f79507965bcb2eb1530a3de5ba0a65b68390e434b14d?s=96&d=mm&r=g\",\"contentUrl\":\"https:\\\/\\\/secure.gravatar.com\\\/avatar\\\/271213d1d93650bbc2c6f79507965bcb2eb1530a3de5ba0a65b68390e434b14d?s=96&d=mm&r=g\",\"caption\":\"Thomas Hector\"}}]}<\/script>\n<!-- \/ Yoast SEO plugin. -->","yoast_head_json":{"title":"F\u00e9d\u00e9ration Mandataires de France Joins EFFE - EFFE","robots":{"index":"index","follow":"follow","max-snippet":"max-snippet:-1","max-image-preview":"max-image-preview:large","max-video-preview":"max-video-preview:-1"},"canonical":"https:\/\/www.effe-homecare.eu\/en\/federation-mandataires-de-france-joins-effe\/","og_locale":"en_US","og_type":"article","og_title":"F\u00e9d\u00e9ration Mandataires de France Joins EFFE - EFFE","og_description":"EFFE welcomes F\u00e9d\u00e9ration Mandataires de France (FMF) as its newest member. FMF is France&#8217;s national professional body representing and promoting the &#8220;mandate&#8221; model of household employment \u2014 a form of employer support that should not be confused with staffing or placement agencies. Under this model, a specialised organisation acts as the agent of the private [&hellip;]","og_url":"https:\/\/www.effe-homecare.eu\/en\/federation-mandataires-de-france-joins-effe\/","og_site_name":"EFFE","article_published_time":"2026-08-31T09:29:00+00:00","article_modified_time":"2026-09-01T11:11:10+00:00","author":"Thomas Hector","twitter_card":"summary_large_image","twitter_misc":{"Written by":"Thomas Hector","Est. reading time":"2 minutes"},"schema":{"@context":"https:\/\/schema.org","@graph":[{"@type":"Article","@id":"https:\/\/www.effe-homecare.eu\/en\/federation-mandataires-de-france-joins-effe\/#article","isPartOf":{"@id":"https:\/\/www.effe-homecare.eu\/en\/federation-mandataires-de-france-joins-effe\/"},"author":{"name":"Thomas Hector","@id":"https:\/\/www.effe-homecare.eu\/en\/#\/schema\/person\/e6ba740027c6a6d08af528b4707e6622"},"headline":"F\u00e9d\u00e9ration Mandataires de France Joins EFFE","datePublished":"2026-08-31T09:29:00+00:00","dateModified":"2026-09-01T11:11:10+00:00","mainEntityOfPage":{"@id":"https:\/\/www.effe-homecare.eu\/en\/federation-mandataires-de-france-joins-effe\/"},"wordCount":392,"articleSection":["News"],"inLanguage":"en-US"},{"@type":"WebPage","@id":"https:\/\/www.effe-homecare.eu\/en\/federation-mandataires-de-france-joins-effe\/","url":"https:\/\/www.effe-homecare.eu\/en\/federation-mandataires-de-france-joins-effe\/","name":"F\u00e9d\u00e9ration Mandataires de France Joins EFFE - EFFE","isPartOf":{"@id":"https:\/\/www.effe-homecare.eu\/en\/#website"},"datePublished":"2026-08-31T09:29:00+00:00","dateModified":"2026-09-01T11:11:10+00:00","author":{"@id":"https:\/\/www.effe-homecare.eu\/en\/#\/schema\/person\/e6ba740027c6a6d08af528b4707e6622"},"breadcrumb":{"@id":"https:\/\/www.effe-homecare.eu\/en\/federation-mandataires-de-france-joins-effe\/#breadcrumb"},"inLanguage":"en-US","potentialAction":[{"@type":"ReadAction","target":["https:\/\/www.effe-homecare.eu\/en\/federation-mandataires-de-france-joins-effe\/"]}]},{"@type":"BreadcrumbList","@id":"https:\/\/www.effe-homecare.eu\/en\/federation-mandataires-de-france-joins-effe\/#breadcrumb","itemListElement":[{"@type":"ListItem","position":1,"name":"","item":"https:\/\/www.effe-homecare.eu\/en\/"},{"@type":"ListItem","position":2,"name":"F\u00e9d\u00e9ration Mandataires de France Joins EFFE"}]},{"@type":"WebSite","@id":"https:\/\/www.effe-homecare.eu\/en\/#website","url":"https:\/\/www.effe-homecare.eu\/en\/","name":"EFFE","description":"F\u00e9d\u00e9ration Europ\u00e9enne des Emplois et de la Famille","potentialAction":[{"@type":"SearchAction","target":{"@type":"EntryPoint","urlTemplate":"https:\/\/www.effe-homecare.eu\/en\/?s={search_term_string}"},"query-input":{"@type":"PropertyValueSpecification","valueRequired":true,"valueName":"search_term_string"}}],"inLanguage":"en-US"},{"@type":"Person","@id":"https:\/\/www.effe-homecare.eu\/en\/#\/schema\/person\/e6ba740027c6a6d08af528b4707e6622","name":"Thomas Hector","image":{"@type":"ImageObject","inLanguage":"en-US","@id":"https:\/\/secure.gravatar.com\/avatar\/271213d1d93650bbc2c6f79507965bcb2eb1530a3de5ba0a65b68390e434b14d?s=96&d=mm&r=g","url":"https:\/\/secure.gravatar.com\/avatar\/271213d1d93650bbc2c6f79507965bcb2eb1530a3de5ba0a65b68390e434b14d?s=96&d=mm&r=g","contentUrl":"https:\/\/secure.gravatar.com\/avatar\/271213d1d93650bbc2c6f79507965bcb2eb1530a3de5ba0a65b68390e434b14d?s=96&d=mm&r=g","caption":"Thomas Hector"}}]}},"_links":{"self":[{"href":"https:\/\/www.effe-homecare.eu\/en\/wp-json\/wp\/v2\/posts\/9841","targetHints":{"allow":["GET"]}}],"collection":[{"href":"https:\/\/www.effe-homecare.eu\/en\/wp-json\/wp\/v2\/posts"}],"about":[{"href":"https:\/\/www.effe-homecare.eu\/en\/wp-json\/wp\/v2\/types\/post"}],"author":[{"embeddable":true,"href":"https:\/\/www.effe-homecare.eu\/en\/wp-json\/wp\/v2\/users\/6"}],"replies":[{"embeddable":true,"href":"https:\/\/www.effe-homecare.eu\/en\/wp-json\/wp\/v2\/comments?post=9841"}],"version-history":[{"count":2,"href":"https:\/\/www.effe-homecare.eu\/en\/wp-json\/wp\/v2\/posts\/9841\/revisions"}],"predecessor-version":[{"id":9860,"href":"https:\/\/www.effe-homecare.eu\/en\/wp-json\/wp\/v2\/posts\/9841\/revisions\/9860"}],"wp:attachment":[{"href":"https:\/\/www.effe-homecare.eu\/en\/wp-json\/wp\/v2\/media?parent=9841"}],"wp:term":[{"taxonomy":"category","embeddable":true,"href":"https:\/\/www.effe-homecare.eu\/en\/wp-json\/wp\/v2\/categories?post=9841"},{"taxonomy":"post_tag","embeddable":true,"href":"https:\/\/www.effe-homecare.eu\/en\/wp-json\/wp\/v2\/tags?post=9841"}],"curies":[{"name":"wp","href":"https:\/\/api.w.org\/{rel}","templated":true}]}}