{"id":9479,"date":"2025-10-09T09:10:00","date_gmt":"2025-10-09T07:10:00","guid":{"rendered":"https:\/\/www.effe-homecare.eu\/?p=9479"},"modified":"2025-10-09T01:52:21","modified_gmt":"2025-10-08T23:52:21","slug":"did-you-know-social-protection-for-personal-and-household-services-phs-workers-in-france","status":"publish","type":"post","link":"https:\/\/www.effe-homecare.eu\/en\/did-you-know-social-protection-for-personal-and-household-services-phs-workers-in-france\/","title":{"rendered":"Did you know? Social protection for Personal and Household Services (PHS) workers in France"},"content":{"rendered":"\n<blockquote class=\"wp-block-quote is-layout-flow wp-block-quote-is-layout-flow\">\n<p><em>The exchange of good practices is a key driver for strengthening job quality and enhancing the attractiveness of the domestic and home care sector. By facilitating knowledge-sharing among countries and stakeholders, EFFE helps identify innovative solutions, promote transferable models, and foster social dialogue at the European level. Acting as a platform for exchange is at the core of EFFE\u2019s mission, which seeks to highlight local and national initiatives while supporting their dissemination across Europe.<\/em><\/p>\n<\/blockquote>\n\n\n\n<p>In France, the Personal and Household Services (PHS) sector plays a vital role: childcare, elderly care, household support\u2026 More than <strong>1.2 million workers<\/strong> are directly employed by <strong>3.3 million user-employers<\/strong>. But how are these workers protected in case of illness, accident, or for their retirement?<\/p>\n\n\n\n<h2 class=\"wp-block-heading\"><strong>A multi-layered social protection system<\/strong><\/h2>\n\n\n\n<p>The French social protection system is built on four levels:<\/p>\n\n\n\n<ol start=\"1\" class=\"wp-block-list\">\n<li><strong>Social Security<\/strong>, which provides basic coverage (health, work accidents, pensions, family allowances, autonomy).<\/li>\n\n\n\n<li><strong>Complementary health insurance<\/strong>, which adds to the basic coverage (mandatory or optional).<\/li>\n\n\n\n<li><strong>Un\u00e9dic<\/strong>, the public body that manages unemployment insurance.<\/li>\n\n\n\n<li><strong>Complementary schemes<\/strong>, such as mandatory supplementary pensions or additional coverage for risks already covered by the state. These are managed by <strong>Social Protection Groups (<\/strong><strong>groupe paritaire de protection sociale &#8211; <\/strong><strong>GPS)<\/strong>.<\/li>\n<\/ol>\n\n\n\n<p>On top of this, <strong>collective agreements<\/strong> are negotiated within each professional sector, adapting labour law to sector-specific realities (wages, training, social protection, etc.).<\/p>\n\n\n\n<h2 class=\"wp-block-heading\"><strong>IRCEM: a Social Protection Group dedicated to PHS<\/strong><\/h2>\n\n\n\n<p>Since 1973, the <strong>IRCEM Group<\/strong>, a non-profit organisation, has been the dedicated GPS for the PHS sector. Its mission is unique: to protect both workers and their employers \u2013 who are often private individuals with no professional HR expertise.<\/p>\n\n\n\n<p>Its main missions include:<\/p>\n\n\n\n<ul class=\"wp-block-list\">\n<li>Managing the <strong>mandatory supplementary pension scheme (Agirc-Arrco)<\/strong>.<\/li>\n\n\n\n<li>Providing <strong>mandatory provident insurance<\/strong> (invalidity, death, etc.).<\/li>\n\n\n\n<li>Offering <strong>prevention and social support services<\/strong> (health, risk prevention, assistance in difficult situations).<\/li>\n\n\n\n<li>Developing additional solutions such as health or long-term care coverage.<\/li>\n<\/ul>\n\n\n\n<h2 class=\"wp-block-heading\"><strong>Shared governance<\/strong><\/h2>\n\n\n\n<p>A distinctive feature: <strong>100% of IRCEM\u2019s board members represent clients<\/strong> \u2013 both employee unions and employer organisations. This ensures that the system is governed by and for the sector\u2019s stakeholders.<\/p>\n\n\n\n<h2 class=\"wp-block-heading\"><strong>Why does it matter?<\/strong><\/h2>\n\n\n\n<p>The French model, and specifically the role of IRCEM, highlights a best practice: providing solid social protection in a sector often characterised by diverse jobs and sometimes fragile employment situations. This framework helps secure the professional lives of millions of workers while supporting the families who employ them.<\/p>\n\n\n\n<p><strong>In summary:<\/strong> behind every PHS job in France, there is a collective system ensuring protection and security, with IRCEM at its core.<\/p>\n\n\n\n<h2 class=\"wp-block-heading\">Learn more:<\/h2>\n\n\n\n<ul class=\"wp-block-list\">\n<li><a href=\"https:\/\/www.effe-homecare.eu\/wp-content\/uploads\/2025\/10\/Social-protection-for-PHS-workers-in-France-note.pdf\">EFFE Good Practice Note on social protection in the PHS sector<\/a><\/li>\n\n\n\n<li><a href=\"https:\/\/www.ircem.com\/\">IRCEM Group official website<\/a><\/li>\n\n\n\n<li><a href=\"https:\/\/www.franceemploidomicile.fr\/nos-services\/convention-collective-nationale\/\">National Collective Agreement for Domestic Workers and User-Employers<\/a> \u2013 available in 5languages<\/li>\n<\/ul>\n\n\n\n<h2 class=\"wp-block-heading\"><strong>Why share good practices?<\/strong><\/h2>\n\n\n\n<p>Sharing good practices is key to recognising, valuing, and strengthening the Personal and Household Services (PHS) sector across Europe. By highlighting concrete examples, we can learn from one another, promote fair working conditions, and support both workers and families.<\/p>\n\n\n\n<p>The European Federation for Family Employment &amp; Home Care (EFFE) plays an active role in collecting and sharing these practices, offering inspiration for policies and solutions that benefit millions of households and workers.<\/p>\n\n\n\n<p>Do you know of another good practice in your country or organisation? <strong>Share it with us through EFFE and help strengthen recognition of the PHS sector across Europe.<\/strong><\/p>\n","protected":false},"excerpt":{"rendered":"<p>The exchange of good practices is a key driver for strengthening job quality and enhancing the attractiveness of the domestic and home care sector. By facilitating knowledge-sharing among countries and stakeholders, EFFE helps identify innovative solutions, promote transferable models, and foster social dialogue at the European level. Acting as a platform for exchange is at [&hellip;]<\/p>\n","protected":false},"author":6,"featured_media":0,"comment_status":"closed","ping_status":"closed","sticky":false,"template":"","format":"standard","meta":{"_acf_changed":false,"_monsterinsights_skip_tracking":false,"_monsterinsights_sitenote_active":false,"_monsterinsights_sitenote_note":"","_monsterinsights_sitenote_category":0,"footnotes":""},"categories":[125],"tags":[],"class_list":["post-9479","post","type-post","status-publish","format-standard","hentry","category-bonnes-pratiques-en"],"acf":[],"yoast_head":"<!-- This site is optimized with the Yoast SEO plugin v27.3 - https:\/\/yoast.com\/product\/yoast-seo-wordpress\/ -->\n<title>Did you know? Social protection for Personal and Household Services (PHS) workers in France - EFFE<\/title>\n<meta name=\"robots\" content=\"index, follow, max-snippet:-1, max-image-preview:large, max-video-preview:-1\" \/>\n<link rel=\"canonical\" href=\"https:\/\/www.effe-homecare.eu\/en\/did-you-know-social-protection-for-personal-and-household-services-phs-workers-in-france\/\" \/>\n<meta property=\"og:locale\" content=\"en_US\" \/>\n<meta property=\"og:type\" content=\"article\" \/>\n<meta property=\"og:title\" content=\"Did you know? Social protection for Personal and Household Services (PHS) workers in France - EFFE\" \/>\n<meta property=\"og:description\" content=\"The exchange of good practices is a key driver for strengthening job quality and enhancing the attractiveness of the domestic and home care sector. By facilitating knowledge-sharing among countries and stakeholders, EFFE helps identify innovative solutions, promote transferable models, and foster social dialogue at the European level. Acting as a platform for exchange is at [&hellip;]\" \/>\n<meta property=\"og:url\" content=\"https:\/\/www.effe-homecare.eu\/en\/did-you-know-social-protection-for-personal-and-household-services-phs-workers-in-france\/\" \/>\n<meta property=\"og:site_name\" content=\"EFFE\" \/>\n<meta property=\"article:published_time\" content=\"2025-10-09T07:10:00+00:00\" \/>\n<meta name=\"author\" content=\"Thomas Hector\" \/>\n<meta name=\"twitter:card\" content=\"summary_large_image\" \/>\n<meta name=\"twitter:label1\" content=\"Written by\" \/>\n\t<meta name=\"twitter:data1\" content=\"Thomas Hector\" \/>\n\t<meta name=\"twitter:label2\" content=\"Est. reading time\" \/>\n\t<meta name=\"twitter:data2\" content=\"3 minutes\" \/>\n<script type=\"application\/ld+json\" class=\"yoast-schema-graph\">{\"@context\":\"https:\\\/\\\/schema.org\",\"@graph\":[{\"@type\":\"Article\",\"@id\":\"https:\\\/\\\/www.effe-homecare.eu\\\/en\\\/did-you-know-social-protection-for-personal-and-household-services-phs-workers-in-france\\\/#article\",\"isPartOf\":{\"@id\":\"https:\\\/\\\/www.effe-homecare.eu\\\/en\\\/did-you-know-social-protection-for-personal-and-household-services-phs-workers-in-france\\\/\"},\"author\":{\"name\":\"Thomas Hector\",\"@id\":\"https:\\\/\\\/www.effe-homecare.eu\\\/en\\\/#\\\/schema\\\/person\\\/e6ba740027c6a6d08af528b4707e6622\"},\"headline\":\"Did you know? Social protection for Personal and Household Services (PHS) workers in France\",\"datePublished\":\"2025-10-09T07:10:00+00:00\",\"mainEntityOfPage\":{\"@id\":\"https:\\\/\\\/www.effe-homecare.eu\\\/en\\\/did-you-know-social-protection-for-personal-and-household-services-phs-workers-in-france\\\/\"},\"wordCount\":559,\"articleSection\":[\"Good Practices\"],\"inLanguage\":\"en-US\"},{\"@type\":\"WebPage\",\"@id\":\"https:\\\/\\\/www.effe-homecare.eu\\\/en\\\/did-you-know-social-protection-for-personal-and-household-services-phs-workers-in-france\\\/\",\"url\":\"https:\\\/\\\/www.effe-homecare.eu\\\/en\\\/did-you-know-social-protection-for-personal-and-household-services-phs-workers-in-france\\\/\",\"name\":\"Did you know? Social protection for Personal and Household Services (PHS) workers in France - EFFE\",\"isPartOf\":{\"@id\":\"https:\\\/\\\/www.effe-homecare.eu\\\/en\\\/#website\"},\"datePublished\":\"2025-10-09T07:10:00+00:00\",\"author\":{\"@id\":\"https:\\\/\\\/www.effe-homecare.eu\\\/en\\\/#\\\/schema\\\/person\\\/e6ba740027c6a6d08af528b4707e6622\"},\"breadcrumb\":{\"@id\":\"https:\\\/\\\/www.effe-homecare.eu\\\/en\\\/did-you-know-social-protection-for-personal-and-household-services-phs-workers-in-france\\\/#breadcrumb\"},\"inLanguage\":\"en-US\",\"potentialAction\":[{\"@type\":\"ReadAction\",\"target\":[\"https:\\\/\\\/www.effe-homecare.eu\\\/en\\\/did-you-know-social-protection-for-personal-and-household-services-phs-workers-in-france\\\/\"]}]},{\"@type\":\"BreadcrumbList\",\"@id\":\"https:\\\/\\\/www.effe-homecare.eu\\\/en\\\/did-you-know-social-protection-for-personal-and-household-services-phs-workers-in-france\\\/#breadcrumb\",\"itemListElement\":[{\"@type\":\"ListItem\",\"position\":1,\"name\":\"\",\"item\":\"https:\\\/\\\/www.effe-homecare.eu\\\/en\\\/\"},{\"@type\":\"ListItem\",\"position\":2,\"name\":\"Did you know? Social protection for Personal and Household Services (PHS) workers in France\"}]},{\"@type\":\"WebSite\",\"@id\":\"https:\\\/\\\/www.effe-homecare.eu\\\/en\\\/#website\",\"url\":\"https:\\\/\\\/www.effe-homecare.eu\\\/en\\\/\",\"name\":\"EFFE\",\"description\":\"F\u00e9d\u00e9ration Europ\u00e9enne des Emplois et de la Famille\",\"potentialAction\":[{\"@type\":\"SearchAction\",\"target\":{\"@type\":\"EntryPoint\",\"urlTemplate\":\"https:\\\/\\\/www.effe-homecare.eu\\\/en\\\/?s={search_term_string}\"},\"query-input\":{\"@type\":\"PropertyValueSpecification\",\"valueRequired\":true,\"valueName\":\"search_term_string\"}}],\"inLanguage\":\"en-US\"},{\"@type\":\"Person\",\"@id\":\"https:\\\/\\\/www.effe-homecare.eu\\\/en\\\/#\\\/schema\\\/person\\\/e6ba740027c6a6d08af528b4707e6622\",\"name\":\"Thomas Hector\",\"image\":{\"@type\":\"ImageObject\",\"inLanguage\":\"en-US\",\"@id\":\"https:\\\/\\\/secure.gravatar.com\\\/avatar\\\/271213d1d93650bbc2c6f79507965bcb2eb1530a3de5ba0a65b68390e434b14d?s=96&d=mm&r=g\",\"url\":\"https:\\\/\\\/secure.gravatar.com\\\/avatar\\\/271213d1d93650bbc2c6f79507965bcb2eb1530a3de5ba0a65b68390e434b14d?s=96&d=mm&r=g\",\"contentUrl\":\"https:\\\/\\\/secure.gravatar.com\\\/avatar\\\/271213d1d93650bbc2c6f79507965bcb2eb1530a3de5ba0a65b68390e434b14d?s=96&d=mm&r=g\",\"caption\":\"Thomas Hector\"}}]}<\/script>\n<!-- \/ Yoast SEO plugin. -->","yoast_head_json":{"title":"Did you know? Social protection for Personal and Household Services (PHS) workers in France - EFFE","robots":{"index":"index","follow":"follow","max-snippet":"max-snippet:-1","max-image-preview":"max-image-preview:large","max-video-preview":"max-video-preview:-1"},"canonical":"https:\/\/www.effe-homecare.eu\/en\/did-you-know-social-protection-for-personal-and-household-services-phs-workers-in-france\/","og_locale":"en_US","og_type":"article","og_title":"Did you know? Social protection for Personal and Household Services (PHS) workers in France - EFFE","og_description":"The exchange of good practices is a key driver for strengthening job quality and enhancing the attractiveness of the domestic and home care sector. By facilitating knowledge-sharing among countries and stakeholders, EFFE helps identify innovative solutions, promote transferable models, and foster social dialogue at the European level. Acting as a platform for exchange is at [&hellip;]","og_url":"https:\/\/www.effe-homecare.eu\/en\/did-you-know-social-protection-for-personal-and-household-services-phs-workers-in-france\/","og_site_name":"EFFE","article_published_time":"2025-10-09T07:10:00+00:00","author":"Thomas Hector","twitter_card":"summary_large_image","twitter_misc":{"Written by":"Thomas Hector","Est. reading time":"3 minutes"},"schema":{"@context":"https:\/\/schema.org","@graph":[{"@type":"Article","@id":"https:\/\/www.effe-homecare.eu\/en\/did-you-know-social-protection-for-personal-and-household-services-phs-workers-in-france\/#article","isPartOf":{"@id":"https:\/\/www.effe-homecare.eu\/en\/did-you-know-social-protection-for-personal-and-household-services-phs-workers-in-france\/"},"author":{"name":"Thomas Hector","@id":"https:\/\/www.effe-homecare.eu\/en\/#\/schema\/person\/e6ba740027c6a6d08af528b4707e6622"},"headline":"Did you know? Social protection for Personal and Household Services (PHS) workers in France","datePublished":"2025-10-09T07:10:00+00:00","mainEntityOfPage":{"@id":"https:\/\/www.effe-homecare.eu\/en\/did-you-know-social-protection-for-personal-and-household-services-phs-workers-in-france\/"},"wordCount":559,"articleSection":["Good Practices"],"inLanguage":"en-US"},{"@type":"WebPage","@id":"https:\/\/www.effe-homecare.eu\/en\/did-you-know-social-protection-for-personal-and-household-services-phs-workers-in-france\/","url":"https:\/\/www.effe-homecare.eu\/en\/did-you-know-social-protection-for-personal-and-household-services-phs-workers-in-france\/","name":"Did you know? Social protection for Personal and Household Services (PHS) workers in France - EFFE","isPartOf":{"@id":"https:\/\/www.effe-homecare.eu\/en\/#website"},"datePublished":"2025-10-09T07:10:00+00:00","author":{"@id":"https:\/\/www.effe-homecare.eu\/en\/#\/schema\/person\/e6ba740027c6a6d08af528b4707e6622"},"breadcrumb":{"@id":"https:\/\/www.effe-homecare.eu\/en\/did-you-know-social-protection-for-personal-and-household-services-phs-workers-in-france\/#breadcrumb"},"inLanguage":"en-US","potentialAction":[{"@type":"ReadAction","target":["https:\/\/www.effe-homecare.eu\/en\/did-you-know-social-protection-for-personal-and-household-services-phs-workers-in-france\/"]}]},{"@type":"BreadcrumbList","@id":"https:\/\/www.effe-homecare.eu\/en\/did-you-know-social-protection-for-personal-and-household-services-phs-workers-in-france\/#breadcrumb","itemListElement":[{"@type":"ListItem","position":1,"name":"","item":"https:\/\/www.effe-homecare.eu\/en\/"},{"@type":"ListItem","position":2,"name":"Did you know? Social protection for Personal and Household Services (PHS) workers in France"}]},{"@type":"WebSite","@id":"https:\/\/www.effe-homecare.eu\/en\/#website","url":"https:\/\/www.effe-homecare.eu\/en\/","name":"EFFE","description":"F\u00e9d\u00e9ration Europ\u00e9enne des Emplois et de la Famille","potentialAction":[{"@type":"SearchAction","target":{"@type":"EntryPoint","urlTemplate":"https:\/\/www.effe-homecare.eu\/en\/?s={search_term_string}"},"query-input":{"@type":"PropertyValueSpecification","valueRequired":true,"valueName":"search_term_string"}}],"inLanguage":"en-US"},{"@type":"Person","@id":"https:\/\/www.effe-homecare.eu\/en\/#\/schema\/person\/e6ba740027c6a6d08af528b4707e6622","name":"Thomas Hector","image":{"@type":"ImageObject","inLanguage":"en-US","@id":"https:\/\/secure.gravatar.com\/avatar\/271213d1d93650bbc2c6f79507965bcb2eb1530a3de5ba0a65b68390e434b14d?s=96&d=mm&r=g","url":"https:\/\/secure.gravatar.com\/avatar\/271213d1d93650bbc2c6f79507965bcb2eb1530a3de5ba0a65b68390e434b14d?s=96&d=mm&r=g","contentUrl":"https:\/\/secure.gravatar.com\/avatar\/271213d1d93650bbc2c6f79507965bcb2eb1530a3de5ba0a65b68390e434b14d?s=96&d=mm&r=g","caption":"Thomas Hector"}}]}},"_links":{"self":[{"href":"https:\/\/www.effe-homecare.eu\/en\/wp-json\/wp\/v2\/posts\/9479","targetHints":{"allow":["GET"]}}],"collection":[{"href":"https:\/\/www.effe-homecare.eu\/en\/wp-json\/wp\/v2\/posts"}],"about":[{"href":"https:\/\/www.effe-homecare.eu\/en\/wp-json\/wp\/v2\/types\/post"}],"author":[{"embeddable":true,"href":"https:\/\/www.effe-homecare.eu\/en\/wp-json\/wp\/v2\/users\/6"}],"replies":[{"embeddable":true,"href":"https:\/\/www.effe-homecare.eu\/en\/wp-json\/wp\/v2\/comments?post=9479"}],"version-history":[{"count":1,"href":"https:\/\/www.effe-homecare.eu\/en\/wp-json\/wp\/v2\/posts\/9479\/revisions"}],"predecessor-version":[{"id":9483,"href":"https:\/\/www.effe-homecare.eu\/en\/wp-json\/wp\/v2\/posts\/9479\/revisions\/9483"}],"wp:attachment":[{"href":"https:\/\/www.effe-homecare.eu\/en\/wp-json\/wp\/v2\/media?parent=9479"}],"wp:term":[{"taxonomy":"category","embeddable":true,"href":"https:\/\/www.effe-homecare.eu\/en\/wp-json\/wp\/v2\/categories?post=9479"},{"taxonomy":"post_tag","embeddable":true,"href":"https:\/\/www.effe-homecare.eu\/en\/wp-json\/wp\/v2\/tags?post=9479"}],"curies":[{"name":"wp","href":"https:\/\/api.w.org\/{rel}","templated":true}]}}