{"id":5724,"date":"2023-07-07T12:12:31","date_gmt":"2023-07-07T10:12:31","guid":{"rendered":"https:\/\/www.effe-homecare.eu\/?p=5724"},"modified":"2023-07-07T12:12:32","modified_gmt":"2023-07-07T10:12:32","slug":"new-capacity-building-project-kicked-off-for-personal-and-household-services-stakeholders","status":"publish","type":"post","link":"https:\/\/www.effe-homecare.eu\/en\/new-capacity-building-project-kicked-off-for-personal-and-household-services-stakeholders\/","title":{"rendered":"New capacity-building project kicked off for personal and household services stakeholders!"},"content":{"rendered":"\n<p><strong>New capacity-building project kicked off for personal and household services stakeholders!<\/strong><\/p>\n\n\n\n<p>The employers and trade unions in <strong>Personal and Household Services (PHS)<\/strong> \u2013 EFFE, EFFAT, EFSI and UNI Europa \u2013 have sealed their commitment towards increased recognition for the PHS sector. Employing almost 5% of the entire EU workforce, the sector aims to reach <strong>a mutual recognition<\/strong> in terms of industrial relationships, potentially as social partners according to the definition provided by the Treaties. The European Commission defines PHS as \u2018\u201ca broad range of activities that contribute to well-being at home of families and individuals: childcare (CC), long term care (LTC) for the elderly and for persons with disabilities, cleaning, remedial classes, home repairs, gardening, ICT support, etc.\u2019<a href=\"#_ftn1\" id=\"_ftnref1\">[1]<\/a> On 4 July 2023, the project partners held the kick off meeting of their two-year EU co-financed project \u2018PHSDialogue\u2019, funded according to the call for proposals \u201cSupport for Social Dialogue\u201d. The aim of the project is to lay the foundation for an <strong>EU sectoral social dialogue<\/strong> and to <strong>strengthen collective bargaining capacity<\/strong> at national level.<\/p>\n\n\n\n<p>This project aims to strengthening social dialogue in line with the Commission\u2019s Communication and in accordance with the Council Recommendation adopted by the EPSCO Council on 12 June 2023. The consortium would support a stronger collective bargaining at the national level in line with the EU\u2019s Directive on Adequate Minimum Wages and Collective Bargaining.<\/p>\n\n\n\n<p>The central activities of the project include intelligence gathering on trade unions, employers&#8217; organisations, industry organisations and migrant worker organisations active in the PHS sectors. Through a mapping exercise and surveys, project partners will investigate the collective bargaining and working conditions. This will lead to the finalization of:<\/p>\n\n\n\n<ul class=\"wp-block-list\">\n<li><strong>a collective bargaining and social dialogue report,<\/strong><\/li>\n\n\n\n<li><strong>a PHS Employment Monitor.<\/strong><\/li>\n<\/ul>\n\n\n\n<p>Two online working group meetings, two public workshops, and two plenary sessions during the 24-months project will provide trade unions and employers at the Member State level with the opportunity to discuss how the PHS sectors can ensure decent work and quality services.<\/p>\n\n\n\n<p>The setting up of four national observatories will strengthen employers&#8217; and unions&#8217; ambitions to collectively bargain and set sectoral standards. In doing so, the project partners aim to feed into the European Care Strategy, contribute to the European Commission&#8217;s goal of raising collective bargaining coverage across Member States, and meet the social and employment challenges related with the undeclared work and the rise of online platforms. By pioneering a new organisational model based on inclusivity and raising the representativeness of the Sectoral Social Dialogue&#8217;s activities, the project actively contributes to the ongoing Commission&#8217;s review of the European Sectoral Social Dialogue.<\/p>\n\n\n\n<p>The project is part of the commitment enshrined in the PHS social dialogue work programme for 2023\/2024, to be followed up with another project.<\/p>\n\n\n\n<p><em>&#8220;<strong>Social dialogue is the foundation of progress and empowerment for domestic workers<\/strong>. By fostering constructive conversations between employers and trade unions through the PHS Social Dialogue project, we can address the challenges faced by domestic workers in the European Union, ensuring their rights, fair wages, and decent working conditions. Together, we are committed to transforming the sector and improving the lives of millions of workers and families in Europe,&#8221;<\/em> said Kristjan Bragason EFFAT General Secretary.&nbsp;&nbsp;<\/p>\n\n\n\n<p><em>&#8220;The launch of the PHSDialogue project is a continuation of EFSI\u2019s long-term commitment to pursue a structured and stronger social dialogue towards granting PHS workers and employers the support they deserve and bringing them out of the shadows. <strong>The project will be instrumental in helping PHS trade associations and employers&#8217; organisations to address topical issues for the sector and to reinforce their own capacity thanks to peer learning and knowledge building<\/strong>. This project is a key element in the structuring and recognition of the sector both at national and European level,\u201d<\/em> said Herwig Muyldermans, EFSI\u2019s President.&nbsp;<\/p>\n\n\n\n<p><em>\u201c<strong>Homecare workers are essential<\/strong>. Over the next two years, we will strengthen the cooperation between employers and unions to build inclusive social dialogue structures that reflect the nature of the sector. Most importantly for us, it will help workers and their unions to strengthen collective bargaining in a fragmented industrial relations landscape<\/em>,\u201d said Oliver Roethig, Regional Secretary of UNI Europa.&nbsp;&nbsp;<\/p>\n\n\n\n<p><em>\u201cOur collaboration reaches a new step with the launch of the PHSDialogue project. I am confident it will help not only to improve social rights and working conditions for PHS workers too often invisible, but also to grant a broader access for household to home care services. For EFFE, strengthening representative\u2019s organisations of families and people employing domestic &amp; care workers is key to build a virtuous social dialogue\u201d<\/em> said Marie B\u00e9atrice Levaux, EFFE\u2019s President.<\/p>\n\n\n\n<hr class=\"wp-block-separator has-alpha-channel-opacity\"\/>\n\n\n\n<p><a href=\"#_ftnref1\" id=\"_ftn1\">[1]<\/a> European Commission Staff Working Document on exploiting the employment potential of personal and household services,&nbsp;SWD (2012) 95 final<\/p>\n\n\n\n<div data-wp-interactive=\"core\/file\" class=\"wp-block-file\"><object data-wp-bind--hidden=\"!state.hasPdfPreview\" hidden class=\"wp-block-file__embed\" data=\"https:\/\/www.effe-homecare.eu\/wp-content\/uploads\/2023\/07\/Press_release_project_PHS-Dialogue.pdf\" type=\"application\/pdf\" style=\"width:100%;height:600px\" aria-label=\"Embed of Press_release_project_PHS-Dialogue.\"><\/object><a id=\"wp-block-file--media-afce8770-1e19-4c23-b9e8-dbc18e8085c3\" href=\"https:\/\/www.effe-homecare.eu\/wp-content\/uploads\/2023\/07\/Press_release_project_PHS-Dialogue.pdf\">Press_release_project_PHS-Dialogue<\/a><a href=\"https:\/\/www.effe-homecare.eu\/wp-content\/uploads\/2023\/07\/Press_release_project_PHS-Dialogue.pdf\" class=\"wp-block-file__button wp-element-button\" download aria-describedby=\"wp-block-file--media-afce8770-1e19-4c23-b9e8-dbc18e8085c3\">T\u00e9l\u00e9charger<\/a><\/div>\n","protected":false},"excerpt":{"rendered":"<p>New capacity-building project kicked off for personal and household services stakeholders! The employers and trade unions in Personal and Household Services (PHS) \u2013 EFFE, EFFAT, EFSI and UNI Europa \u2013 have sealed their commitment towards increased recognition for the PHS sector. Employing almost 5% of the entire EU workforce, the sector aims to reach a [&hellip;]<\/p>\n","protected":false},"author":6,"featured_media":0,"comment_status":"closed","ping_status":"closed","sticky":false,"template":"","format":"standard","meta":{"_acf_changed":false,"_monsterinsights_skip_tracking":false,"_monsterinsights_sitenote_active":false,"_monsterinsights_sitenote_note":"","_monsterinsights_sitenote_category":0,"footnotes":""},"categories":[35,27],"tags":[],"class_list":["post-5724","post","type-post","status-publish","format-standard","hentry","category-european-projects","category-news"],"acf":[],"yoast_head":"<!-- This site is optimized with the Yoast SEO plugin v27.3 - https:\/\/yoast.com\/product\/yoast-seo-wordpress\/ -->\n<title>New capacity-building project kicked off for personal and household services stakeholders! - EFFE<\/title>\n<meta name=\"robots\" content=\"index, follow, max-snippet:-1, max-image-preview:large, max-video-preview:-1\" \/>\n<link rel=\"canonical\" href=\"https:\/\/www.effe-homecare.eu\/en\/new-capacity-building-project-kicked-off-for-personal-and-household-services-stakeholders\/\" \/>\n<meta property=\"og:locale\" content=\"en_US\" \/>\n<meta property=\"og:type\" content=\"article\" \/>\n<meta property=\"og:title\" content=\"New capacity-building project kicked off for personal and household services stakeholders! - EFFE\" \/>\n<meta property=\"og:description\" content=\"New capacity-building project kicked off for personal and household services stakeholders! The employers and trade unions in Personal and Household Services (PHS) \u2013 EFFE, EFFAT, EFSI and UNI Europa \u2013 have sealed their commitment towards increased recognition for the PHS sector. Employing almost 5% of the entire EU workforce, the sector aims to reach a [&hellip;]\" \/>\n<meta property=\"og:url\" content=\"https:\/\/www.effe-homecare.eu\/en\/new-capacity-building-project-kicked-off-for-personal-and-household-services-stakeholders\/\" \/>\n<meta property=\"og:site_name\" content=\"EFFE\" \/>\n<meta property=\"article:published_time\" content=\"2023-07-07T10:12:31+00:00\" \/>\n<meta property=\"article:modified_time\" content=\"2023-07-07T10:12:32+00:00\" \/>\n<meta name=\"author\" content=\"Thomas Hector\" \/>\n<meta name=\"twitter:card\" content=\"summary_large_image\" \/>\n<meta name=\"twitter:label1\" content=\"Written by\" \/>\n\t<meta name=\"twitter:data1\" content=\"Thomas Hector\" \/>\n\t<meta name=\"twitter:label2\" content=\"Est. reading time\" \/>\n\t<meta name=\"twitter:data2\" content=\"4 minutes\" \/>\n<script type=\"application\/ld+json\" class=\"yoast-schema-graph\">{\"@context\":\"https:\\\/\\\/schema.org\",\"@graph\":[{\"@type\":\"Article\",\"@id\":\"https:\\\/\\\/www.effe-homecare.eu\\\/en\\\/new-capacity-building-project-kicked-off-for-personal-and-household-services-stakeholders\\\/#article\",\"isPartOf\":{\"@id\":\"https:\\\/\\\/www.effe-homecare.eu\\\/en\\\/new-capacity-building-project-kicked-off-for-personal-and-household-services-stakeholders\\\/\"},\"author\":{\"name\":\"Thomas Hector\",\"@id\":\"https:\\\/\\\/www.effe-homecare.eu\\\/en\\\/#\\\/schema\\\/person\\\/e6ba740027c6a6d08af528b4707e6622\"},\"headline\":\"New capacity-building project kicked off for personal and household services stakeholders!\",\"datePublished\":\"2023-07-07T10:12:31+00:00\",\"dateModified\":\"2023-07-07T10:12:32+00:00\",\"mainEntityOfPage\":{\"@id\":\"https:\\\/\\\/www.effe-homecare.eu\\\/en\\\/new-capacity-building-project-kicked-off-for-personal-and-household-services-stakeholders\\\/\"},\"wordCount\":802,\"articleSection\":[\"European Projects\",\"News\"],\"inLanguage\":\"en-US\"},{\"@type\":\"WebPage\",\"@id\":\"https:\\\/\\\/www.effe-homecare.eu\\\/en\\\/new-capacity-building-project-kicked-off-for-personal-and-household-services-stakeholders\\\/\",\"url\":\"https:\\\/\\\/www.effe-homecare.eu\\\/en\\\/new-capacity-building-project-kicked-off-for-personal-and-household-services-stakeholders\\\/\",\"name\":\"New capacity-building project kicked off for personal and household services stakeholders! - EFFE\",\"isPartOf\":{\"@id\":\"https:\\\/\\\/www.effe-homecare.eu\\\/en\\\/#website\"},\"datePublished\":\"2023-07-07T10:12:31+00:00\",\"dateModified\":\"2023-07-07T10:12:32+00:00\",\"author\":{\"@id\":\"https:\\\/\\\/www.effe-homecare.eu\\\/en\\\/#\\\/schema\\\/person\\\/e6ba740027c6a6d08af528b4707e6622\"},\"breadcrumb\":{\"@id\":\"https:\\\/\\\/www.effe-homecare.eu\\\/en\\\/new-capacity-building-project-kicked-off-for-personal-and-household-services-stakeholders\\\/#breadcrumb\"},\"inLanguage\":\"en-US\",\"potentialAction\":[{\"@type\":\"ReadAction\",\"target\":[\"https:\\\/\\\/www.effe-homecare.eu\\\/en\\\/new-capacity-building-project-kicked-off-for-personal-and-household-services-stakeholders\\\/\"]}]},{\"@type\":\"BreadcrumbList\",\"@id\":\"https:\\\/\\\/www.effe-homecare.eu\\\/en\\\/new-capacity-building-project-kicked-off-for-personal-and-household-services-stakeholders\\\/#breadcrumb\",\"itemListElement\":[{\"@type\":\"ListItem\",\"position\":1,\"name\":\"\",\"item\":\"https:\\\/\\\/www.effe-homecare.eu\\\/en\\\/\"},{\"@type\":\"ListItem\",\"position\":2,\"name\":\"New capacity-building project kicked off for personal and household services stakeholders!\"}]},{\"@type\":\"WebSite\",\"@id\":\"https:\\\/\\\/www.effe-homecare.eu\\\/en\\\/#website\",\"url\":\"https:\\\/\\\/www.effe-homecare.eu\\\/en\\\/\",\"name\":\"EFFE\",\"description\":\"F\u00e9d\u00e9ration Europ\u00e9enne des Emplois et de la Famille\",\"potentialAction\":[{\"@type\":\"SearchAction\",\"target\":{\"@type\":\"EntryPoint\",\"urlTemplate\":\"https:\\\/\\\/www.effe-homecare.eu\\\/en\\\/?s={search_term_string}\"},\"query-input\":{\"@type\":\"PropertyValueSpecification\",\"valueRequired\":true,\"valueName\":\"search_term_string\"}}],\"inLanguage\":\"en-US\"},{\"@type\":\"Person\",\"@id\":\"https:\\\/\\\/www.effe-homecare.eu\\\/en\\\/#\\\/schema\\\/person\\\/e6ba740027c6a6d08af528b4707e6622\",\"name\":\"Thomas Hector\",\"image\":{\"@type\":\"ImageObject\",\"inLanguage\":\"en-US\",\"@id\":\"https:\\\/\\\/secure.gravatar.com\\\/avatar\\\/271213d1d93650bbc2c6f79507965bcb2eb1530a3de5ba0a65b68390e434b14d?s=96&d=mm&r=g\",\"url\":\"https:\\\/\\\/secure.gravatar.com\\\/avatar\\\/271213d1d93650bbc2c6f79507965bcb2eb1530a3de5ba0a65b68390e434b14d?s=96&d=mm&r=g\",\"contentUrl\":\"https:\\\/\\\/secure.gravatar.com\\\/avatar\\\/271213d1d93650bbc2c6f79507965bcb2eb1530a3de5ba0a65b68390e434b14d?s=96&d=mm&r=g\",\"caption\":\"Thomas Hector\"}}]}<\/script>\n<!-- \/ Yoast SEO plugin. -->","yoast_head_json":{"title":"New capacity-building project kicked off for personal and household services stakeholders! - EFFE","robots":{"index":"index","follow":"follow","max-snippet":"max-snippet:-1","max-image-preview":"max-image-preview:large","max-video-preview":"max-video-preview:-1"},"canonical":"https:\/\/www.effe-homecare.eu\/en\/new-capacity-building-project-kicked-off-for-personal-and-household-services-stakeholders\/","og_locale":"en_US","og_type":"article","og_title":"New capacity-building project kicked off for personal and household services stakeholders! - EFFE","og_description":"New capacity-building project kicked off for personal and household services stakeholders! The employers and trade unions in Personal and Household Services (PHS) \u2013 EFFE, EFFAT, EFSI and UNI Europa \u2013 have sealed their commitment towards increased recognition for the PHS sector. Employing almost 5% of the entire EU workforce, the sector aims to reach a [&hellip;]","og_url":"https:\/\/www.effe-homecare.eu\/en\/new-capacity-building-project-kicked-off-for-personal-and-household-services-stakeholders\/","og_site_name":"EFFE","article_published_time":"2023-07-07T10:12:31+00:00","article_modified_time":"2023-07-07T10:12:32+00:00","author":"Thomas Hector","twitter_card":"summary_large_image","twitter_misc":{"Written by":"Thomas Hector","Est. reading time":"4 minutes"},"schema":{"@context":"https:\/\/schema.org","@graph":[{"@type":"Article","@id":"https:\/\/www.effe-homecare.eu\/en\/new-capacity-building-project-kicked-off-for-personal-and-household-services-stakeholders\/#article","isPartOf":{"@id":"https:\/\/www.effe-homecare.eu\/en\/new-capacity-building-project-kicked-off-for-personal-and-household-services-stakeholders\/"},"author":{"name":"Thomas Hector","@id":"https:\/\/www.effe-homecare.eu\/en\/#\/schema\/person\/e6ba740027c6a6d08af528b4707e6622"},"headline":"New capacity-building project kicked off for personal and household services stakeholders!","datePublished":"2023-07-07T10:12:31+00:00","dateModified":"2023-07-07T10:12:32+00:00","mainEntityOfPage":{"@id":"https:\/\/www.effe-homecare.eu\/en\/new-capacity-building-project-kicked-off-for-personal-and-household-services-stakeholders\/"},"wordCount":802,"articleSection":["European Projects","News"],"inLanguage":"en-US"},{"@type":"WebPage","@id":"https:\/\/www.effe-homecare.eu\/en\/new-capacity-building-project-kicked-off-for-personal-and-household-services-stakeholders\/","url":"https:\/\/www.effe-homecare.eu\/en\/new-capacity-building-project-kicked-off-for-personal-and-household-services-stakeholders\/","name":"New capacity-building project kicked off for personal and household services stakeholders! - EFFE","isPartOf":{"@id":"https:\/\/www.effe-homecare.eu\/en\/#website"},"datePublished":"2023-07-07T10:12:31+00:00","dateModified":"2023-07-07T10:12:32+00:00","author":{"@id":"https:\/\/www.effe-homecare.eu\/en\/#\/schema\/person\/e6ba740027c6a6d08af528b4707e6622"},"breadcrumb":{"@id":"https:\/\/www.effe-homecare.eu\/en\/new-capacity-building-project-kicked-off-for-personal-and-household-services-stakeholders\/#breadcrumb"},"inLanguage":"en-US","potentialAction":[{"@type":"ReadAction","target":["https:\/\/www.effe-homecare.eu\/en\/new-capacity-building-project-kicked-off-for-personal-and-household-services-stakeholders\/"]}]},{"@type":"BreadcrumbList","@id":"https:\/\/www.effe-homecare.eu\/en\/new-capacity-building-project-kicked-off-for-personal-and-household-services-stakeholders\/#breadcrumb","itemListElement":[{"@type":"ListItem","position":1,"name":"","item":"https:\/\/www.effe-homecare.eu\/en\/"},{"@type":"ListItem","position":2,"name":"New capacity-building project kicked off for personal and household services stakeholders!"}]},{"@type":"WebSite","@id":"https:\/\/www.effe-homecare.eu\/en\/#website","url":"https:\/\/www.effe-homecare.eu\/en\/","name":"EFFE","description":"F\u00e9d\u00e9ration Europ\u00e9enne des Emplois et de la Famille","potentialAction":[{"@type":"SearchAction","target":{"@type":"EntryPoint","urlTemplate":"https:\/\/www.effe-homecare.eu\/en\/?s={search_term_string}"},"query-input":{"@type":"PropertyValueSpecification","valueRequired":true,"valueName":"search_term_string"}}],"inLanguage":"en-US"},{"@type":"Person","@id":"https:\/\/www.effe-homecare.eu\/en\/#\/schema\/person\/e6ba740027c6a6d08af528b4707e6622","name":"Thomas Hector","image":{"@type":"ImageObject","inLanguage":"en-US","@id":"https:\/\/secure.gravatar.com\/avatar\/271213d1d93650bbc2c6f79507965bcb2eb1530a3de5ba0a65b68390e434b14d?s=96&d=mm&r=g","url":"https:\/\/secure.gravatar.com\/avatar\/271213d1d93650bbc2c6f79507965bcb2eb1530a3de5ba0a65b68390e434b14d?s=96&d=mm&r=g","contentUrl":"https:\/\/secure.gravatar.com\/avatar\/271213d1d93650bbc2c6f79507965bcb2eb1530a3de5ba0a65b68390e434b14d?s=96&d=mm&r=g","caption":"Thomas Hector"}}]}},"_links":{"self":[{"href":"https:\/\/www.effe-homecare.eu\/en\/wp-json\/wp\/v2\/posts\/5724","targetHints":{"allow":["GET"]}}],"collection":[{"href":"https:\/\/www.effe-homecare.eu\/en\/wp-json\/wp\/v2\/posts"}],"about":[{"href":"https:\/\/www.effe-homecare.eu\/en\/wp-json\/wp\/v2\/types\/post"}],"author":[{"embeddable":true,"href":"https:\/\/www.effe-homecare.eu\/en\/wp-json\/wp\/v2\/users\/6"}],"replies":[{"embeddable":true,"href":"https:\/\/www.effe-homecare.eu\/en\/wp-json\/wp\/v2\/comments?post=5724"}],"version-history":[{"count":2,"href":"https:\/\/www.effe-homecare.eu\/en\/wp-json\/wp\/v2\/posts\/5724\/revisions"}],"predecessor-version":[{"id":5726,"href":"https:\/\/www.effe-homecare.eu\/en\/wp-json\/wp\/v2\/posts\/5724\/revisions\/5726"}],"wp:attachment":[{"href":"https:\/\/www.effe-homecare.eu\/en\/wp-json\/wp\/v2\/media?parent=5724"}],"wp:term":[{"taxonomy":"category","embeddable":true,"href":"https:\/\/www.effe-homecare.eu\/en\/wp-json\/wp\/v2\/categories?post=5724"},{"taxonomy":"post_tag","embeddable":true,"href":"https:\/\/www.effe-homecare.eu\/en\/wp-json\/wp\/v2\/tags?post=5724"}],"curies":[{"name":"wp","href":"https:\/\/api.w.org\/{rel}","templated":true}]}}