{"id":5406,"date":"2023-03-28T20:02:12","date_gmt":"2023-03-28T18:02:12","guid":{"rendered":"https:\/\/www.effe-homecare.eu\/?p=5406"},"modified":"2023-03-28T20:02:14","modified_gmt":"2023-03-28T18:02:14","slug":"effe-new-partner-of-the-global-deal","status":"publish","type":"post","link":"https:\/\/www.effe-homecare.eu\/en\/effe-new-partner-of-the-global-deal\/","title":{"rendered":"EFFE, new partner of the Global deal"},"content":{"rendered":"\n<p>On the 28<sup>th<\/sup> of March 2023, EFFE joined the Global Deal, an international partnership for social dialogue. Co-led by the OECD and the ILO, this initiative brings together a community of actors who trust social dialogue as a regulatory tool. Designed as a place for exchanges between partners on the diversity of experiences and good practices in social dialogue, the Global Deal allows partners to voluntarily commit to strengthening social dialogue at all levels. It aims to provide concrete responses to reconcile economic performance and social progress.<\/p>\n\n\n\n<p>The Global Deal brings together governments, public employers and private companies, international organizations and trade unions and also experts in social dialogue, on issues of common interest relating to economic and social policy to promote common solutions while representing their different interests. All share the idea that effective social dialogue requires mutual respect and trust to create favorable conditions for collaboration between employers, workers and governments. This can lead to labor market peace, promote competition, and enhance economic stability and shared prosperity.<\/p>\n\n\n\n<figure class=\"wp-block-gallery has-nested-images columns-default is-cropped wp-block-gallery-1 is-layout-flex wp-block-gallery-is-layout-flex\">\n<figure class=\"wp-block-image size-large\"><img loading=\"lazy\" decoding=\"async\" width=\"1024\" height=\"589\" data-id=\"5401\" src=\"https:\/\/www.effe-homecare.eu\/wp-content\/uploads\/2023\/03\/Flag-EFFE-1024x589.png\" alt=\"\" class=\"wp-image-5401\" srcset=\"https:\/\/www.effe-homecare.eu\/wp-content\/uploads\/2023\/03\/Flag-EFFE-1024x589.png 1024w, https:\/\/www.effe-homecare.eu\/wp-content\/uploads\/2023\/03\/Flag-EFFE-300x173.png 300w, https:\/\/www.effe-homecare.eu\/wp-content\/uploads\/2023\/03\/Flag-EFFE-768x442.png 768w, https:\/\/www.effe-homecare.eu\/wp-content\/uploads\/2023\/03\/Flag-EFFE-1536x884.png 1536w, https:\/\/www.effe-homecare.eu\/wp-content\/uploads\/2023\/03\/Flag-EFFE-2048x1178.png 2048w, https:\/\/www.effe-homecare.eu\/wp-content\/uploads\/2023\/03\/Flag-EFFE-100x58.png 100w, https:\/\/www.effe-homecare.eu\/wp-content\/uploads\/2023\/03\/Flag-EFFE-60x35.png 60w\" sizes=\"auto, (max-width: 1024px) 100vw, 1024px\" \/><\/figure>\n\n\n\n<figure class=\"wp-block-image size-large\"><img loading=\"lazy\" decoding=\"async\" width=\"712\" height=\"443\" data-id=\"5403\" src=\"https:\/\/www.effe-homecare.eu\/wp-content\/uploads\/2023\/03\/Quote-EFFE.png\" alt=\"\" class=\"wp-image-5403\" srcset=\"https:\/\/www.effe-homecare.eu\/wp-content\/uploads\/2023\/03\/Quote-EFFE.png 712w, https:\/\/www.effe-homecare.eu\/wp-content\/uploads\/2023\/03\/Quote-EFFE-300x187.png 300w, https:\/\/www.effe-homecare.eu\/wp-content\/uploads\/2023\/03\/Quote-EFFE-100x62.png 100w, https:\/\/www.effe-homecare.eu\/wp-content\/uploads\/2023\/03\/Quote-EFFE-60x37.png 60w\" sizes=\"auto, (max-width: 712px) 100vw, 712px\" \/><\/figure>\n<\/figure>\n\n\n\n<p>The Global Deal aims to encourage governments, businesses, trade unions and other organizations to make commitments to strengthen social dialogue contribute to decent work, quality jobs and increased productivity and, by extension, to greater equality and inclusive growth. This will give EFFE the opportunity and the means to exchange ideas and good practices, participate in joint projects, share lessons learned and seek and provide strategic advice. Discussing with its new partners will make it possible to better structure the PHS sector in order to encourage the actors concerned to engage effectively in sectoral social dialogue for better recognition of domestic workers and home care.<\/p>\n","protected":false},"excerpt":{"rendered":"<p>On the 28th of March 2023, EFFE joined the Global Deal, an international partnership for social dialogue. Co-led by the OECD and the ILO, this initiative brings together a community of actors who trust social dialogue as a regulatory tool. Designed as a place for exchanges between partners on the diversity of experiences and good [&hellip;]<\/p>\n","protected":false},"author":6,"featured_media":5401,"comment_status":"closed","ping_status":"closed","sticky":false,"template":"","format":"standard","meta":{"_acf_changed":false,"_monsterinsights_skip_tracking":false,"_monsterinsights_sitenote_active":false,"_monsterinsights_sitenote_note":"","_monsterinsights_sitenote_category":0,"footnotes":""},"categories":[10],"tags":[],"class_list":["post-5406","post","type-post","status-publish","format-standard","has-post-thumbnail","hentry","category-actualites"],"acf":[],"yoast_head":"<!-- This site is optimized with the Yoast SEO plugin v27.3 - https:\/\/yoast.com\/product\/yoast-seo-wordpress\/ -->\n<title>EFFE, new partner of the Global deal - EFFE<\/title>\n<meta name=\"robots\" content=\"index, follow, max-snippet:-1, max-image-preview:large, max-video-preview:-1\" \/>\n<link rel=\"canonical\" href=\"https:\/\/www.effe-homecare.eu\/en\/effe-new-partner-of-the-global-deal\/\" \/>\n<meta property=\"og:locale\" content=\"en_US\" \/>\n<meta property=\"og:type\" content=\"article\" \/>\n<meta property=\"og:title\" content=\"EFFE, new partner of the Global deal - EFFE\" \/>\n<meta property=\"og:description\" content=\"On the 28th of March 2023, EFFE joined the Global Deal, an international partnership for social dialogue. Co-led by the OECD and the ILO, this initiative brings together a community of actors who trust social dialogue as a regulatory tool. Designed as a place for exchanges between partners on the diversity of experiences and good [&hellip;]\" \/>\n<meta property=\"og:url\" content=\"https:\/\/www.effe-homecare.eu\/en\/effe-new-partner-of-the-global-deal\/\" \/>\n<meta property=\"og:site_name\" content=\"EFFE\" \/>\n<meta property=\"article:published_time\" content=\"2023-03-28T18:02:12+00:00\" \/>\n<meta property=\"article:modified_time\" content=\"2023-03-28T18:02:14+00:00\" \/>\n<meta property=\"og:image\" content=\"https:\/\/www.effe-homecare.eu\/wp-content\/uploads\/2023\/03\/Flag-EFFE.png\" \/>\n\t<meta property=\"og:image:width\" content=\"3740\" \/>\n\t<meta property=\"og:image:height\" content=\"2152\" \/>\n\t<meta property=\"og:image:type\" content=\"image\/png\" \/>\n<meta name=\"author\" content=\"Thomas Hector\" \/>\n<meta name=\"twitter:card\" content=\"summary_large_image\" \/>\n<meta name=\"twitter:label1\" content=\"Written by\" \/>\n\t<meta name=\"twitter:data1\" content=\"Thomas Hector\" \/>\n\t<meta name=\"twitter:label2\" content=\"Est. reading time\" \/>\n\t<meta name=\"twitter:data2\" content=\"2 minutes\" \/>\n<script type=\"application\/ld+json\" class=\"yoast-schema-graph\">{\"@context\":\"https:\\\/\\\/schema.org\",\"@graph\":[{\"@type\":\"Article\",\"@id\":\"https:\\\/\\\/www.effe-homecare.eu\\\/en\\\/effe-new-partner-of-the-global-deal\\\/#article\",\"isPartOf\":{\"@id\":\"https:\\\/\\\/www.effe-homecare.eu\\\/en\\\/effe-new-partner-of-the-global-deal\\\/\"},\"author\":{\"name\":\"Thomas Hector\",\"@id\":\"https:\\\/\\\/www.effe-homecare.eu\\\/en\\\/#\\\/schema\\\/person\\\/e6ba740027c6a6d08af528b4707e6622\"},\"headline\":\"EFFE, new partner of the Global deal\",\"datePublished\":\"2023-03-28T18:02:12+00:00\",\"dateModified\":\"2023-03-28T18:02:14+00:00\",\"mainEntityOfPage\":{\"@id\":\"https:\\\/\\\/www.effe-homecare.eu\\\/en\\\/effe-new-partner-of-the-global-deal\\\/\"},\"wordCount\":279,\"image\":{\"@id\":\"https:\\\/\\\/www.effe-homecare.eu\\\/en\\\/effe-new-partner-of-the-global-deal\\\/#primaryimage\"},\"thumbnailUrl\":\"https:\\\/\\\/www.effe-homecare.eu\\\/wp-content\\\/uploads\\\/2023\\\/03\\\/Flag-EFFE.png\",\"articleSection\":[\"Actualit\u00e9s\"],\"inLanguage\":\"en-US\"},{\"@type\":\"WebPage\",\"@id\":\"https:\\\/\\\/www.effe-homecare.eu\\\/en\\\/effe-new-partner-of-the-global-deal\\\/\",\"url\":\"https:\\\/\\\/www.effe-homecare.eu\\\/en\\\/effe-new-partner-of-the-global-deal\\\/\",\"name\":\"EFFE, new partner of the Global deal - EFFE\",\"isPartOf\":{\"@id\":\"https:\\\/\\\/www.effe-homecare.eu\\\/en\\\/#website\"},\"primaryImageOfPage\":{\"@id\":\"https:\\\/\\\/www.effe-homecare.eu\\\/en\\\/effe-new-partner-of-the-global-deal\\\/#primaryimage\"},\"image\":{\"@id\":\"https:\\\/\\\/www.effe-homecare.eu\\\/en\\\/effe-new-partner-of-the-global-deal\\\/#primaryimage\"},\"thumbnailUrl\":\"https:\\\/\\\/www.effe-homecare.eu\\\/wp-content\\\/uploads\\\/2023\\\/03\\\/Flag-EFFE.png\",\"datePublished\":\"2023-03-28T18:02:12+00:00\",\"dateModified\":\"2023-03-28T18:02:14+00:00\",\"author\":{\"@id\":\"https:\\\/\\\/www.effe-homecare.eu\\\/en\\\/#\\\/schema\\\/person\\\/e6ba740027c6a6d08af528b4707e6622\"},\"breadcrumb\":{\"@id\":\"https:\\\/\\\/www.effe-homecare.eu\\\/en\\\/effe-new-partner-of-the-global-deal\\\/#breadcrumb\"},\"inLanguage\":\"en-US\",\"potentialAction\":[{\"@type\":\"ReadAction\",\"target\":[\"https:\\\/\\\/www.effe-homecare.eu\\\/en\\\/effe-new-partner-of-the-global-deal\\\/\"]}]},{\"@type\":\"ImageObject\",\"inLanguage\":\"en-US\",\"@id\":\"https:\\\/\\\/www.effe-homecare.eu\\\/en\\\/effe-new-partner-of-the-global-deal\\\/#primaryimage\",\"url\":\"https:\\\/\\\/www.effe-homecare.eu\\\/wp-content\\\/uploads\\\/2023\\\/03\\\/Flag-EFFE.png\",\"contentUrl\":\"https:\\\/\\\/www.effe-homecare.eu\\\/wp-content\\\/uploads\\\/2023\\\/03\\\/Flag-EFFE.png\",\"width\":3740,\"height\":2152},{\"@type\":\"BreadcrumbList\",\"@id\":\"https:\\\/\\\/www.effe-homecare.eu\\\/en\\\/effe-new-partner-of-the-global-deal\\\/#breadcrumb\",\"itemListElement\":[{\"@type\":\"ListItem\",\"position\":1,\"name\":\"\",\"item\":\"https:\\\/\\\/www.effe-homecare.eu\\\/en\\\/\"},{\"@type\":\"ListItem\",\"position\":2,\"name\":\"EFFE, new partner of the Global deal\"}]},{\"@type\":\"WebSite\",\"@id\":\"https:\\\/\\\/www.effe-homecare.eu\\\/en\\\/#website\",\"url\":\"https:\\\/\\\/www.effe-homecare.eu\\\/en\\\/\",\"name\":\"EFFE\",\"description\":\"F\u00e9d\u00e9ration Europ\u00e9enne des Emplois et de la Famille\",\"potentialAction\":[{\"@type\":\"SearchAction\",\"target\":{\"@type\":\"EntryPoint\",\"urlTemplate\":\"https:\\\/\\\/www.effe-homecare.eu\\\/en\\\/?s={search_term_string}\"},\"query-input\":{\"@type\":\"PropertyValueSpecification\",\"valueRequired\":true,\"valueName\":\"search_term_string\"}}],\"inLanguage\":\"en-US\"},{\"@type\":\"Person\",\"@id\":\"https:\\\/\\\/www.effe-homecare.eu\\\/en\\\/#\\\/schema\\\/person\\\/e6ba740027c6a6d08af528b4707e6622\",\"name\":\"Thomas Hector\",\"image\":{\"@type\":\"ImageObject\",\"inLanguage\":\"en-US\",\"@id\":\"https:\\\/\\\/secure.gravatar.com\\\/avatar\\\/271213d1d93650bbc2c6f79507965bcb2eb1530a3de5ba0a65b68390e434b14d?s=96&d=mm&r=g\",\"url\":\"https:\\\/\\\/secure.gravatar.com\\\/avatar\\\/271213d1d93650bbc2c6f79507965bcb2eb1530a3de5ba0a65b68390e434b14d?s=96&d=mm&r=g\",\"contentUrl\":\"https:\\\/\\\/secure.gravatar.com\\\/avatar\\\/271213d1d93650bbc2c6f79507965bcb2eb1530a3de5ba0a65b68390e434b14d?s=96&d=mm&r=g\",\"caption\":\"Thomas Hector\"}}]}<\/script>\n<!-- \/ Yoast SEO plugin. -->","yoast_head_json":{"title":"EFFE, new partner of the Global deal - EFFE","robots":{"index":"index","follow":"follow","max-snippet":"max-snippet:-1","max-image-preview":"max-image-preview:large","max-video-preview":"max-video-preview:-1"},"canonical":"https:\/\/www.effe-homecare.eu\/en\/effe-new-partner-of-the-global-deal\/","og_locale":"en_US","og_type":"article","og_title":"EFFE, new partner of the Global deal - EFFE","og_description":"On the 28th of March 2023, EFFE joined the Global Deal, an international partnership for social dialogue. Co-led by the OECD and the ILO, this initiative brings together a community of actors who trust social dialogue as a regulatory tool. Designed as a place for exchanges between partners on the diversity of experiences and good [&hellip;]","og_url":"https:\/\/www.effe-homecare.eu\/en\/effe-new-partner-of-the-global-deal\/","og_site_name":"EFFE","article_published_time":"2023-03-28T18:02:12+00:00","article_modified_time":"2023-03-28T18:02:14+00:00","og_image":[{"width":3740,"height":2152,"url":"https:\/\/www.effe-homecare.eu\/wp-content\/uploads\/2023\/03\/Flag-EFFE.png","type":"image\/png"}],"author":"Thomas Hector","twitter_card":"summary_large_image","twitter_misc":{"Written by":"Thomas Hector","Est. reading time":"2 minutes"},"schema":{"@context":"https:\/\/schema.org","@graph":[{"@type":"Article","@id":"https:\/\/www.effe-homecare.eu\/en\/effe-new-partner-of-the-global-deal\/#article","isPartOf":{"@id":"https:\/\/www.effe-homecare.eu\/en\/effe-new-partner-of-the-global-deal\/"},"author":{"name":"Thomas Hector","@id":"https:\/\/www.effe-homecare.eu\/en\/#\/schema\/person\/e6ba740027c6a6d08af528b4707e6622"},"headline":"EFFE, new partner of the Global deal","datePublished":"2023-03-28T18:02:12+00:00","dateModified":"2023-03-28T18:02:14+00:00","mainEntityOfPage":{"@id":"https:\/\/www.effe-homecare.eu\/en\/effe-new-partner-of-the-global-deal\/"},"wordCount":279,"image":{"@id":"https:\/\/www.effe-homecare.eu\/en\/effe-new-partner-of-the-global-deal\/#primaryimage"},"thumbnailUrl":"https:\/\/www.effe-homecare.eu\/wp-content\/uploads\/2023\/03\/Flag-EFFE.png","articleSection":["Actualit\u00e9s"],"inLanguage":"en-US"},{"@type":"WebPage","@id":"https:\/\/www.effe-homecare.eu\/en\/effe-new-partner-of-the-global-deal\/","url":"https:\/\/www.effe-homecare.eu\/en\/effe-new-partner-of-the-global-deal\/","name":"EFFE, new partner of the Global deal - EFFE","isPartOf":{"@id":"https:\/\/www.effe-homecare.eu\/en\/#website"},"primaryImageOfPage":{"@id":"https:\/\/www.effe-homecare.eu\/en\/effe-new-partner-of-the-global-deal\/#primaryimage"},"image":{"@id":"https:\/\/www.effe-homecare.eu\/en\/effe-new-partner-of-the-global-deal\/#primaryimage"},"thumbnailUrl":"https:\/\/www.effe-homecare.eu\/wp-content\/uploads\/2023\/03\/Flag-EFFE.png","datePublished":"2023-03-28T18:02:12+00:00","dateModified":"2023-03-28T18:02:14+00:00","author":{"@id":"https:\/\/www.effe-homecare.eu\/en\/#\/schema\/person\/e6ba740027c6a6d08af528b4707e6622"},"breadcrumb":{"@id":"https:\/\/www.effe-homecare.eu\/en\/effe-new-partner-of-the-global-deal\/#breadcrumb"},"inLanguage":"en-US","potentialAction":[{"@type":"ReadAction","target":["https:\/\/www.effe-homecare.eu\/en\/effe-new-partner-of-the-global-deal\/"]}]},{"@type":"ImageObject","inLanguage":"en-US","@id":"https:\/\/www.effe-homecare.eu\/en\/effe-new-partner-of-the-global-deal\/#primaryimage","url":"https:\/\/www.effe-homecare.eu\/wp-content\/uploads\/2023\/03\/Flag-EFFE.png","contentUrl":"https:\/\/www.effe-homecare.eu\/wp-content\/uploads\/2023\/03\/Flag-EFFE.png","width":3740,"height":2152},{"@type":"BreadcrumbList","@id":"https:\/\/www.effe-homecare.eu\/en\/effe-new-partner-of-the-global-deal\/#breadcrumb","itemListElement":[{"@type":"ListItem","position":1,"name":"","item":"https:\/\/www.effe-homecare.eu\/en\/"},{"@type":"ListItem","position":2,"name":"EFFE, new partner of the Global deal"}]},{"@type":"WebSite","@id":"https:\/\/www.effe-homecare.eu\/en\/#website","url":"https:\/\/www.effe-homecare.eu\/en\/","name":"EFFE","description":"F\u00e9d\u00e9ration Europ\u00e9enne des Emplois et de la Famille","potentialAction":[{"@type":"SearchAction","target":{"@type":"EntryPoint","urlTemplate":"https:\/\/www.effe-homecare.eu\/en\/?s={search_term_string}"},"query-input":{"@type":"PropertyValueSpecification","valueRequired":true,"valueName":"search_term_string"}}],"inLanguage":"en-US"},{"@type":"Person","@id":"https:\/\/www.effe-homecare.eu\/en\/#\/schema\/person\/e6ba740027c6a6d08af528b4707e6622","name":"Thomas Hector","image":{"@type":"ImageObject","inLanguage":"en-US","@id":"https:\/\/secure.gravatar.com\/avatar\/271213d1d93650bbc2c6f79507965bcb2eb1530a3de5ba0a65b68390e434b14d?s=96&d=mm&r=g","url":"https:\/\/secure.gravatar.com\/avatar\/271213d1d93650bbc2c6f79507965bcb2eb1530a3de5ba0a65b68390e434b14d?s=96&d=mm&r=g","contentUrl":"https:\/\/secure.gravatar.com\/avatar\/271213d1d93650bbc2c6f79507965bcb2eb1530a3de5ba0a65b68390e434b14d?s=96&d=mm&r=g","caption":"Thomas Hector"}}]}},"_links":{"self":[{"href":"https:\/\/www.effe-homecare.eu\/en\/wp-json\/wp\/v2\/posts\/5406","targetHints":{"allow":["GET"]}}],"collection":[{"href":"https:\/\/www.effe-homecare.eu\/en\/wp-json\/wp\/v2\/posts"}],"about":[{"href":"https:\/\/www.effe-homecare.eu\/en\/wp-json\/wp\/v2\/types\/post"}],"author":[{"embeddable":true,"href":"https:\/\/www.effe-homecare.eu\/en\/wp-json\/wp\/v2\/users\/6"}],"replies":[{"embeddable":true,"href":"https:\/\/www.effe-homecare.eu\/en\/wp-json\/wp\/v2\/comments?post=5406"}],"version-history":[{"count":2,"href":"https:\/\/www.effe-homecare.eu\/en\/wp-json\/wp\/v2\/posts\/5406\/revisions"}],"predecessor-version":[{"id":5408,"href":"https:\/\/www.effe-homecare.eu\/en\/wp-json\/wp\/v2\/posts\/5406\/revisions\/5408"}],"wp:featuredmedia":[{"embeddable":true,"href":"https:\/\/www.effe-homecare.eu\/en\/wp-json\/wp\/v2\/media\/5401"}],"wp:attachment":[{"href":"https:\/\/www.effe-homecare.eu\/en\/wp-json\/wp\/v2\/media?parent=5406"}],"wp:term":[{"taxonomy":"category","embeddable":true,"href":"https:\/\/www.effe-homecare.eu\/en\/wp-json\/wp\/v2\/categories?post=5406"},{"taxonomy":"post_tag","embeddable":true,"href":"https:\/\/www.effe-homecare.eu\/en\/wp-json\/wp\/v2\/tags?post=5406"}],"curies":[{"name":"wp","href":"https:\/\/api.w.org\/{rel}","templated":true}]}}