{"id":3988,"date":"2021-10-05T13:26:19","date_gmt":"2021-10-05T11:26:19","guid":{"rendered":"https:\/\/www.effe-homecare.eu\/convention-de-la-societe-civile-sur-lavenir-de-leurope\/"},"modified":"2021-10-11T12:45:07","modified_gmt":"2021-10-11T10:45:07","slug":"convention-de-la-societe-civile-sur-lavenir-de-leurope","status":"publish","type":"post","link":"https:\/\/www.effe-homecare.eu\/en\/convention-de-la-societe-civile-sur-lavenir-de-leurope\/","title":{"rendered":"Civil Society Convention for the Future of Europe"},"content":{"rendered":"\n<figure class=\"wp-block-image size-large\"><img loading=\"lazy\" decoding=\"async\" width=\"1024\" height=\"338\" src=\"https:\/\/www.effe-homecare.eu\/wp-content\/uploads\/2021\/10\/en-logo-cofoe-1024x338.png\" alt=\"\" class=\"wp-image-3983\" srcset=\"https:\/\/www.effe-homecare.eu\/wp-content\/uploads\/2021\/10\/en-logo-cofoe-1024x338.png 1024w, https:\/\/www.effe-homecare.eu\/wp-content\/uploads\/2021\/10\/en-logo-cofoe-300x99.png 300w, https:\/\/www.effe-homecare.eu\/wp-content\/uploads\/2021\/10\/en-logo-cofoe-768x253.png 768w, https:\/\/www.effe-homecare.eu\/wp-content\/uploads\/2021\/10\/en-logo-cofoe-1536x507.png 1536w, https:\/\/www.effe-homecare.eu\/wp-content\/uploads\/2021\/10\/en-logo-cofoe-2048x676.png 2048w\" sizes=\"auto, (max-width: 1024px) 100vw, 1024px\" \/><\/figure>\n\n\n\n<p>In recent months, EFFE has joined <a href=\"https:\/\/civilsocietyeurope.eu\/civil-society-convention-on-the-future-of-europe\/organisation-rules\/\">the Civil Society Convention for the Future of Europe<\/a>, a broad pan-European network, initiated by Civil Society Europe, which brings together over 75 organisations recognising themselves in <a href=\"https:\/\/civilsocietyeurope.eu\/wp-content\/uploads\/2021\/02\/Joint-Declaration1.pdf\">the founding declaration<\/a> across the EU.<\/p>\n\n\n\n<p>The Convention aims at giving civil society organisations the opportunity to highlight the limits of European policies and to design solutions tackling current and coming issues. To do so, the Convention has defined 5 thematic clusters dealing with European economic, social and environmental cohesion, changes to the functioning of EU institutions and democracy as well as any Treaty changes needed to implement these policies.<\/p>\n\n\n\n<p>EFFE has joined the social protection cluster lead by <a href=\"https:\/\/www.solidar.org\/\">Solidar<\/a> and focusing on social protection, working conditions, equal opportunities, and a sustainable economic model. This allowed us to contribute to the recommendations that were presented at the first plenary session on 7 June 2021. Besides, EFFE has recently spread a survey to collect some political recommendations of its members on the targeted issues and include them in the CoFoE.<\/p>\n\n\n\n<p>The Civil Society Convention for the Future of Europe will publish a final report including concrete proposals at the beginning of 2022 and launch a major event for the end of the CoFoE in May.<\/p>\n","protected":false},"excerpt":{"rendered":"<p>In recent months, EFFE has joined the Civil Society Convention for the Future of Europe, a broad pan-European network, initiated by Civil Society Europe, which brings together over 75 organisations recognising themselves in the founding declaration across the EU. The Convention aims at giving civil society organisations the opportunity to highlight the limits of European [&hellip;]<\/p>\n","protected":false},"author":4,"featured_media":0,"comment_status":"closed","ping_status":"closed","sticky":false,"template":"","format":"standard","meta":{"_acf_changed":false,"_monsterinsights_skip_tracking":false,"_monsterinsights_sitenote_active":false,"_monsterinsights_sitenote_note":"","_monsterinsights_sitenote_category":0,"footnotes":""},"categories":[27],"tags":[],"class_list":["post-3988","post","type-post","status-publish","format-standard","hentry","category-news"],"acf":[],"yoast_head":"<!-- This site is optimized with the Yoast SEO plugin v27.3 - https:\/\/yoast.com\/product\/yoast-seo-wordpress\/ -->\n<title>Civil Society Convention for the Future of Europe - EFFE<\/title>\n<meta name=\"robots\" content=\"index, follow, max-snippet:-1, max-image-preview:large, max-video-preview:-1\" \/>\n<link rel=\"canonical\" href=\"https:\/\/www.effe-homecare.eu\/en\/convention-de-la-societe-civile-sur-lavenir-de-leurope\/\" \/>\n<meta property=\"og:locale\" content=\"en_US\" \/>\n<meta property=\"og:type\" content=\"article\" \/>\n<meta property=\"og:title\" content=\"Civil Society Convention for the Future of Europe - EFFE\" \/>\n<meta property=\"og:description\" content=\"In recent months, EFFE has joined the Civil Society Convention for the Future of Europe, a broad pan-European network, initiated by Civil Society Europe, which brings together over 75 organisations recognising themselves in the founding declaration across the EU. The Convention aims at giving civil society organisations the opportunity to highlight the limits of European [&hellip;]\" \/>\n<meta property=\"og:url\" content=\"https:\/\/www.effe-homecare.eu\/en\/convention-de-la-societe-civile-sur-lavenir-de-leurope\/\" \/>\n<meta property=\"og:site_name\" content=\"EFFE\" \/>\n<meta property=\"article:published_time\" content=\"2021-10-05T11:26:19+00:00\" \/>\n<meta property=\"article:modified_time\" content=\"2021-10-11T10:45:07+00:00\" \/>\n<meta property=\"og:image\" content=\"https:\/\/www.effe-homecare.eu\/wp-content\/uploads\/2021\/10\/en-logo-cofoe-1024x338.png\" \/>\n<meta name=\"author\" content=\"Nicolas Defaye\" \/>\n<meta name=\"twitter:card\" content=\"summary_large_image\" \/>\n<meta name=\"twitter:label1\" content=\"Written by\" \/>\n\t<meta name=\"twitter:data1\" content=\"Nicolas Defaye\" \/>\n\t<meta name=\"twitter:label2\" content=\"Est. reading time\" \/>\n\t<meta name=\"twitter:data2\" content=\"1 minute\" \/>\n<script type=\"application\/ld+json\" class=\"yoast-schema-graph\">{\"@context\":\"https:\\\/\\\/schema.org\",\"@graph\":[{\"@type\":\"Article\",\"@id\":\"https:\\\/\\\/www.effe-homecare.eu\\\/en\\\/convention-de-la-societe-civile-sur-lavenir-de-leurope\\\/#article\",\"isPartOf\":{\"@id\":\"https:\\\/\\\/www.effe-homecare.eu\\\/en\\\/convention-de-la-societe-civile-sur-lavenir-de-leurope\\\/\"},\"author\":{\"name\":\"Nicolas Defaye\",\"@id\":\"https:\\\/\\\/www.effe-homecare.eu\\\/en\\\/#\\\/schema\\\/person\\\/926bcf51c17c20f274aba84ae9f64871\"},\"headline\":\"Civil Society Convention for the Future of Europe\",\"datePublished\":\"2021-10-05T11:26:19+00:00\",\"dateModified\":\"2021-10-11T10:45:07+00:00\",\"mainEntityOfPage\":{\"@id\":\"https:\\\/\\\/www.effe-homecare.eu\\\/en\\\/convention-de-la-societe-civile-sur-lavenir-de-leurope\\\/\"},\"wordCount\":210,\"image\":{\"@id\":\"https:\\\/\\\/www.effe-homecare.eu\\\/en\\\/convention-de-la-societe-civile-sur-lavenir-de-leurope\\\/#primaryimage\"},\"thumbnailUrl\":\"https:\\\/\\\/www.effe-homecare.eu\\\/wp-content\\\/uploads\\\/2021\\\/10\\\/en-logo-cofoe-1024x338.png\",\"articleSection\":[\"News\"],\"inLanguage\":\"en-US\"},{\"@type\":\"WebPage\",\"@id\":\"https:\\\/\\\/www.effe-homecare.eu\\\/en\\\/convention-de-la-societe-civile-sur-lavenir-de-leurope\\\/\",\"url\":\"https:\\\/\\\/www.effe-homecare.eu\\\/en\\\/convention-de-la-societe-civile-sur-lavenir-de-leurope\\\/\",\"name\":\"Civil Society Convention for the Future of Europe - EFFE\",\"isPartOf\":{\"@id\":\"https:\\\/\\\/www.effe-homecare.eu\\\/en\\\/#website\"},\"primaryImageOfPage\":{\"@id\":\"https:\\\/\\\/www.effe-homecare.eu\\\/en\\\/convention-de-la-societe-civile-sur-lavenir-de-leurope\\\/#primaryimage\"},\"image\":{\"@id\":\"https:\\\/\\\/www.effe-homecare.eu\\\/en\\\/convention-de-la-societe-civile-sur-lavenir-de-leurope\\\/#primaryimage\"},\"thumbnailUrl\":\"https:\\\/\\\/www.effe-homecare.eu\\\/wp-content\\\/uploads\\\/2021\\\/10\\\/en-logo-cofoe-1024x338.png\",\"datePublished\":\"2021-10-05T11:26:19+00:00\",\"dateModified\":\"2021-10-11T10:45:07+00:00\",\"author\":{\"@id\":\"https:\\\/\\\/www.effe-homecare.eu\\\/en\\\/#\\\/schema\\\/person\\\/926bcf51c17c20f274aba84ae9f64871\"},\"breadcrumb\":{\"@id\":\"https:\\\/\\\/www.effe-homecare.eu\\\/en\\\/convention-de-la-societe-civile-sur-lavenir-de-leurope\\\/#breadcrumb\"},\"inLanguage\":\"en-US\",\"potentialAction\":[{\"@type\":\"ReadAction\",\"target\":[\"https:\\\/\\\/www.effe-homecare.eu\\\/en\\\/convention-de-la-societe-civile-sur-lavenir-de-leurope\\\/\"]}]},{\"@type\":\"ImageObject\",\"inLanguage\":\"en-US\",\"@id\":\"https:\\\/\\\/www.effe-homecare.eu\\\/en\\\/convention-de-la-societe-civile-sur-lavenir-de-leurope\\\/#primaryimage\",\"url\":\"https:\\\/\\\/www.effe-homecare.eu\\\/wp-content\\\/uploads\\\/2021\\\/10\\\/en-logo-cofoe-1024x338.png\",\"contentUrl\":\"https:\\\/\\\/www.effe-homecare.eu\\\/wp-content\\\/uploads\\\/2021\\\/10\\\/en-logo-cofoe-1024x338.png\"},{\"@type\":\"BreadcrumbList\",\"@id\":\"https:\\\/\\\/www.effe-homecare.eu\\\/en\\\/convention-de-la-societe-civile-sur-lavenir-de-leurope\\\/#breadcrumb\",\"itemListElement\":[{\"@type\":\"ListItem\",\"position\":1,\"name\":\"\",\"item\":\"https:\\\/\\\/www.effe-homecare.eu\\\/en\\\/\"},{\"@type\":\"ListItem\",\"position\":2,\"name\":\"Civil Society Convention for the Future of Europe\"}]},{\"@type\":\"WebSite\",\"@id\":\"https:\\\/\\\/www.effe-homecare.eu\\\/en\\\/#website\",\"url\":\"https:\\\/\\\/www.effe-homecare.eu\\\/en\\\/\",\"name\":\"EFFE\",\"description\":\"F\u00e9d\u00e9ration Europ\u00e9enne des Emplois et de la Famille\",\"potentialAction\":[{\"@type\":\"SearchAction\",\"target\":{\"@type\":\"EntryPoint\",\"urlTemplate\":\"https:\\\/\\\/www.effe-homecare.eu\\\/en\\\/?s={search_term_string}\"},\"query-input\":{\"@type\":\"PropertyValueSpecification\",\"valueRequired\":true,\"valueName\":\"search_term_string\"}}],\"inLanguage\":\"en-US\"},{\"@type\":\"Person\",\"@id\":\"https:\\\/\\\/www.effe-homecare.eu\\\/en\\\/#\\\/schema\\\/person\\\/926bcf51c17c20f274aba84ae9f64871\",\"name\":\"Nicolas Defaye\",\"image\":{\"@type\":\"ImageObject\",\"inLanguage\":\"en-US\",\"@id\":\"https:\\\/\\\/secure.gravatar.com\\\/avatar\\\/948f9388863d2331a3c3a138ec9061edc732f7cb93f70f662a383940bc378b2b?s=96&d=mm&r=g\",\"url\":\"https:\\\/\\\/secure.gravatar.com\\\/avatar\\\/948f9388863d2331a3c3a138ec9061edc732f7cb93f70f662a383940bc378b2b?s=96&d=mm&r=g\",\"contentUrl\":\"https:\\\/\\\/secure.gravatar.com\\\/avatar\\\/948f9388863d2331a3c3a138ec9061edc732f7cb93f70f662a383940bc378b2b?s=96&d=mm&r=g\",\"caption\":\"Nicolas Defaye\"}}]}<\/script>\n<!-- \/ Yoast SEO plugin. -->","yoast_head_json":{"title":"Civil Society Convention for the Future of Europe - EFFE","robots":{"index":"index","follow":"follow","max-snippet":"max-snippet:-1","max-image-preview":"max-image-preview:large","max-video-preview":"max-video-preview:-1"},"canonical":"https:\/\/www.effe-homecare.eu\/en\/convention-de-la-societe-civile-sur-lavenir-de-leurope\/","og_locale":"en_US","og_type":"article","og_title":"Civil Society Convention for the Future of Europe - EFFE","og_description":"In recent months, EFFE has joined the Civil Society Convention for the Future of Europe, a broad pan-European network, initiated by Civil Society Europe, which brings together over 75 organisations recognising themselves in the founding declaration across the EU. The Convention aims at giving civil society organisations the opportunity to highlight the limits of European [&hellip;]","og_url":"https:\/\/www.effe-homecare.eu\/en\/convention-de-la-societe-civile-sur-lavenir-de-leurope\/","og_site_name":"EFFE","article_published_time":"2021-10-05T11:26:19+00:00","article_modified_time":"2021-10-11T10:45:07+00:00","og_image":[{"url":"https:\/\/www.effe-homecare.eu\/wp-content\/uploads\/2021\/10\/en-logo-cofoe-1024x338.png","type":"","width":"","height":""}],"author":"Nicolas Defaye","twitter_card":"summary_large_image","twitter_misc":{"Written by":"Nicolas Defaye","Est. reading time":"1 minute"},"schema":{"@context":"https:\/\/schema.org","@graph":[{"@type":"Article","@id":"https:\/\/www.effe-homecare.eu\/en\/convention-de-la-societe-civile-sur-lavenir-de-leurope\/#article","isPartOf":{"@id":"https:\/\/www.effe-homecare.eu\/en\/convention-de-la-societe-civile-sur-lavenir-de-leurope\/"},"author":{"name":"Nicolas Defaye","@id":"https:\/\/www.effe-homecare.eu\/en\/#\/schema\/person\/926bcf51c17c20f274aba84ae9f64871"},"headline":"Civil Society Convention for the Future of Europe","datePublished":"2021-10-05T11:26:19+00:00","dateModified":"2021-10-11T10:45:07+00:00","mainEntityOfPage":{"@id":"https:\/\/www.effe-homecare.eu\/en\/convention-de-la-societe-civile-sur-lavenir-de-leurope\/"},"wordCount":210,"image":{"@id":"https:\/\/www.effe-homecare.eu\/en\/convention-de-la-societe-civile-sur-lavenir-de-leurope\/#primaryimage"},"thumbnailUrl":"https:\/\/www.effe-homecare.eu\/wp-content\/uploads\/2021\/10\/en-logo-cofoe-1024x338.png","articleSection":["News"],"inLanguage":"en-US"},{"@type":"WebPage","@id":"https:\/\/www.effe-homecare.eu\/en\/convention-de-la-societe-civile-sur-lavenir-de-leurope\/","url":"https:\/\/www.effe-homecare.eu\/en\/convention-de-la-societe-civile-sur-lavenir-de-leurope\/","name":"Civil Society Convention for the Future of Europe - EFFE","isPartOf":{"@id":"https:\/\/www.effe-homecare.eu\/en\/#website"},"primaryImageOfPage":{"@id":"https:\/\/www.effe-homecare.eu\/en\/convention-de-la-societe-civile-sur-lavenir-de-leurope\/#primaryimage"},"image":{"@id":"https:\/\/www.effe-homecare.eu\/en\/convention-de-la-societe-civile-sur-lavenir-de-leurope\/#primaryimage"},"thumbnailUrl":"https:\/\/www.effe-homecare.eu\/wp-content\/uploads\/2021\/10\/en-logo-cofoe-1024x338.png","datePublished":"2021-10-05T11:26:19+00:00","dateModified":"2021-10-11T10:45:07+00:00","author":{"@id":"https:\/\/www.effe-homecare.eu\/en\/#\/schema\/person\/926bcf51c17c20f274aba84ae9f64871"},"breadcrumb":{"@id":"https:\/\/www.effe-homecare.eu\/en\/convention-de-la-societe-civile-sur-lavenir-de-leurope\/#breadcrumb"},"inLanguage":"en-US","potentialAction":[{"@type":"ReadAction","target":["https:\/\/www.effe-homecare.eu\/en\/convention-de-la-societe-civile-sur-lavenir-de-leurope\/"]}]},{"@type":"ImageObject","inLanguage":"en-US","@id":"https:\/\/www.effe-homecare.eu\/en\/convention-de-la-societe-civile-sur-lavenir-de-leurope\/#primaryimage","url":"https:\/\/www.effe-homecare.eu\/wp-content\/uploads\/2021\/10\/en-logo-cofoe-1024x338.png","contentUrl":"https:\/\/www.effe-homecare.eu\/wp-content\/uploads\/2021\/10\/en-logo-cofoe-1024x338.png"},{"@type":"BreadcrumbList","@id":"https:\/\/www.effe-homecare.eu\/en\/convention-de-la-societe-civile-sur-lavenir-de-leurope\/#breadcrumb","itemListElement":[{"@type":"ListItem","position":1,"name":"","item":"https:\/\/www.effe-homecare.eu\/en\/"},{"@type":"ListItem","position":2,"name":"Civil Society Convention for the Future of Europe"}]},{"@type":"WebSite","@id":"https:\/\/www.effe-homecare.eu\/en\/#website","url":"https:\/\/www.effe-homecare.eu\/en\/","name":"EFFE","description":"F\u00e9d\u00e9ration Europ\u00e9enne des Emplois et de la Famille","potentialAction":[{"@type":"SearchAction","target":{"@type":"EntryPoint","urlTemplate":"https:\/\/www.effe-homecare.eu\/en\/?s={search_term_string}"},"query-input":{"@type":"PropertyValueSpecification","valueRequired":true,"valueName":"search_term_string"}}],"inLanguage":"en-US"},{"@type":"Person","@id":"https:\/\/www.effe-homecare.eu\/en\/#\/schema\/person\/926bcf51c17c20f274aba84ae9f64871","name":"Nicolas Defaye","image":{"@type":"ImageObject","inLanguage":"en-US","@id":"https:\/\/secure.gravatar.com\/avatar\/948f9388863d2331a3c3a138ec9061edc732f7cb93f70f662a383940bc378b2b?s=96&d=mm&r=g","url":"https:\/\/secure.gravatar.com\/avatar\/948f9388863d2331a3c3a138ec9061edc732f7cb93f70f662a383940bc378b2b?s=96&d=mm&r=g","contentUrl":"https:\/\/secure.gravatar.com\/avatar\/948f9388863d2331a3c3a138ec9061edc732f7cb93f70f662a383940bc378b2b?s=96&d=mm&r=g","caption":"Nicolas Defaye"}}]}},"_links":{"self":[{"href":"https:\/\/www.effe-homecare.eu\/en\/wp-json\/wp\/v2\/posts\/3988","targetHints":{"allow":["GET"]}}],"collection":[{"href":"https:\/\/www.effe-homecare.eu\/en\/wp-json\/wp\/v2\/posts"}],"about":[{"href":"https:\/\/www.effe-homecare.eu\/en\/wp-json\/wp\/v2\/types\/post"}],"author":[{"embeddable":true,"href":"https:\/\/www.effe-homecare.eu\/en\/wp-json\/wp\/v2\/users\/4"}],"replies":[{"embeddable":true,"href":"https:\/\/www.effe-homecare.eu\/en\/wp-json\/wp\/v2\/comments?post=3988"}],"version-history":[{"count":4,"href":"https:\/\/www.effe-homecare.eu\/en\/wp-json\/wp\/v2\/posts\/3988\/revisions"}],"predecessor-version":[{"id":4000,"href":"https:\/\/www.effe-homecare.eu\/en\/wp-json\/wp\/v2\/posts\/3988\/revisions\/4000"}],"wp:attachment":[{"href":"https:\/\/www.effe-homecare.eu\/en\/wp-json\/wp\/v2\/media?parent=3988"}],"wp:term":[{"taxonomy":"category","embeddable":true,"href":"https:\/\/www.effe-homecare.eu\/en\/wp-json\/wp\/v2\/categories?post=3988"},{"taxonomy":"post_tag","embeddable":true,"href":"https:\/\/www.effe-homecare.eu\/en\/wp-json\/wp\/v2\/tags?post=3988"}],"curies":[{"name":"wp","href":"https:\/\/api.w.org\/{rel}","templated":true}]}}