{"id":3373,"date":"2020-08-31T16:20:40","date_gmt":"2020-08-31T14:20:40","guid":{"rendered":"https:\/\/www.effe-homecare.eu\/strategie-europeenne-en-matiere-de-competences-le-pact-for-skills-une-opportunite-pour-lemploi-a-domicile\/"},"modified":"2020-09-01T11:03:32","modified_gmt":"2020-09-01T09:03:32","slug":"strategie-europeenne-en-matiere-de-competences-le-pact-for-skills-une-opportunite-pour-lemploi-a-domicile","status":"publish","type":"post","link":"https:\/\/www.effe-homecare.eu\/en\/strategie-europeenne-en-matiere-de-competences-le-pact-for-skills-une-opportunite-pour-lemploi-a-domicile\/","title":{"rendered":"European skills agenda: the \u00ab Pact for Skills \u00bb, an opportunity for the direct employment model?"},"content":{"rendered":"\n<p>On July 1<sup>st<\/sup>, 2020, the European Commission presented its new <a href=\"https:\/\/ec.europa.eu\/social\/main.jsp?langId=en&amp;catId=89&amp;newsId=9723&amp;furtherNews=yes\">European Skills Agenda for sustainable competitiveness, social fairness and resilience<\/a>. With its transversal dimension, it is fully in line with the executive&#8217;s priorities, such as the European Green Pact, the digital strategy and the strategy for industry and SMEs. It includes 12 concrete actions to implement the first principle of the European Social Rights Foundation, namely &#8220;education, training and lifelong learning&#8221; within the next five years.<\/p>\n\n\n\n<p>Among them, the launch of a Pact for Skills in November 2020 could offer opportunities for EFFE and its members. This inclusive tool will gather the actors involved in vocational training to define a charter that initiates the twin transition in the EU. Besides, it should promote public-private partnerships at both regional and European level and strengthen the access to European funding by creating a single-entry point. Despite its pan-sectoral dimension, the Pact for Skills will pay special attention to social and health workers.<\/p>\n\n\n\n<p>Furthermore, the Pact should strengthen sector-specific partnerships through the \u201c<a href=\"https:\/\/ec.europa.eu\/social\/main.jsp?catId=1415&amp;langId=en\">Blueprint for sectoral cooperation for skills<\/a>\u201d and extend it to new sectors. Among the next sectors identified for Erasmus+ funding are: blockchain, cultural heritage, cybersecurity, supply and rail transport industries, work integration social enterprises and IT services. The direct employment model represented by EFFE within Personal and Household Services (PHS) is not explicitly mentioned, however it could fully benefit from such a mechanism, as explained in this document.<\/p>\n\n\n\n<p>In fact, the Covid-19 pandemic highlighted the lack of skills in health care and support for the most vulnerable populations in their homes. And while the demographic evolution progressively reinforces this trend, the PHS sector appears among the future sources of employment and growth. Above all, it relies on a large network of European, national and regional actors that could implement the blueprint alliances within the Member States.<\/p>\n\n\n\n<p>This is the reason why EFFE and one of its French members, IPERIA, have jointly met DG EMPL to put forward the idea of creating a Blueprint alliance dedicated to personal and household services (PHS).<\/p>\n","protected":false},"excerpt":{"rendered":"<p>On July 1st, 2020, the European Commission presented its new European Skills Agenda for sustainable competitiveness, social fairness and resilience. With its transversal dimension, it is fully in line with the executive&#8217;s priorities, such as the European Green Pact, the digital strategy and the strategy for industry and SMEs. It includes 12 concrete actions to [&hellip;]<\/p>\n","protected":false},"author":4,"featured_media":0,"comment_status":"closed","ping_status":"closed","sticky":false,"template":"","format":"standard","meta":{"_acf_changed":false,"_monsterinsights_skip_tracking":false,"_monsterinsights_sitenote_active":false,"_monsterinsights_sitenote_note":"","_monsterinsights_sitenote_category":0,"footnotes":""},"categories":[27],"tags":[],"class_list":["post-3373","post","type-post","status-publish","format-standard","hentry","category-news"],"acf":[],"yoast_head":"<!-- This site is optimized with the Yoast SEO plugin v27.3 - https:\/\/yoast.com\/product\/yoast-seo-wordpress\/ -->\n<title>European skills agenda: the \u00ab Pact for Skills \u00bb, an opportunity for the direct employment model? - EFFE<\/title>\n<meta name=\"robots\" content=\"index, follow, max-snippet:-1, max-image-preview:large, max-video-preview:-1\" \/>\n<link rel=\"canonical\" href=\"https:\/\/www.effe-homecare.eu\/en\/strategie-europeenne-en-matiere-de-competences-le-pact-for-skills-une-opportunite-pour-lemploi-a-domicile\/\" \/>\n<meta property=\"og:locale\" content=\"en_US\" \/>\n<meta property=\"og:type\" content=\"article\" \/>\n<meta property=\"og:title\" content=\"European skills agenda: the \u00ab Pact for Skills \u00bb, an opportunity for the direct employment model? - EFFE\" \/>\n<meta property=\"og:description\" content=\"On July 1st, 2020, the European Commission presented its new European Skills Agenda for sustainable competitiveness, social fairness and resilience. With its transversal dimension, it is fully in line with the executive&#8217;s priorities, such as the European Green Pact, the digital strategy and the strategy for industry and SMEs. It includes 12 concrete actions to [&hellip;]\" \/>\n<meta property=\"og:url\" content=\"https:\/\/www.effe-homecare.eu\/en\/strategie-europeenne-en-matiere-de-competences-le-pact-for-skills-une-opportunite-pour-lemploi-a-domicile\/\" \/>\n<meta property=\"og:site_name\" content=\"EFFE\" \/>\n<meta property=\"article:published_time\" content=\"2020-08-31T14:20:40+00:00\" \/>\n<meta property=\"article:modified_time\" content=\"2020-09-01T09:03:32+00:00\" \/>\n<meta name=\"author\" content=\"Nicolas Defaye\" \/>\n<meta name=\"twitter:card\" content=\"summary_large_image\" \/>\n<meta name=\"twitter:label1\" content=\"Written by\" \/>\n\t<meta name=\"twitter:data1\" content=\"Nicolas Defaye\" \/>\n\t<meta name=\"twitter:label2\" content=\"Est. reading time\" \/>\n\t<meta name=\"twitter:data2\" content=\"2 minutes\" \/>\n<script type=\"application\/ld+json\" class=\"yoast-schema-graph\">{\"@context\":\"https:\\\/\\\/schema.org\",\"@graph\":[{\"@type\":\"Article\",\"@id\":\"https:\\\/\\\/www.effe-homecare.eu\\\/en\\\/strategie-europeenne-en-matiere-de-competences-le-pact-for-skills-une-opportunite-pour-lemploi-a-domicile\\\/#article\",\"isPartOf\":{\"@id\":\"https:\\\/\\\/www.effe-homecare.eu\\\/en\\\/strategie-europeenne-en-matiere-de-competences-le-pact-for-skills-une-opportunite-pour-lemploi-a-domicile\\\/\"},\"author\":{\"name\":\"Nicolas Defaye\",\"@id\":\"https:\\\/\\\/www.effe-homecare.eu\\\/en\\\/#\\\/schema\\\/person\\\/926bcf51c17c20f274aba84ae9f64871\"},\"headline\":\"European skills agenda: the \u00ab Pact for Skills \u00bb, an opportunity for the direct employment model?\",\"datePublished\":\"2020-08-31T14:20:40+00:00\",\"dateModified\":\"2020-09-01T09:03:32+00:00\",\"mainEntityOfPage\":{\"@id\":\"https:\\\/\\\/www.effe-homecare.eu\\\/en\\\/strategie-europeenne-en-matiere-de-competences-le-pact-for-skills-une-opportunite-pour-lemploi-a-domicile\\\/\"},\"wordCount\":352,\"articleSection\":[\"News\"],\"inLanguage\":\"en-US\"},{\"@type\":\"WebPage\",\"@id\":\"https:\\\/\\\/www.effe-homecare.eu\\\/en\\\/strategie-europeenne-en-matiere-de-competences-le-pact-for-skills-une-opportunite-pour-lemploi-a-domicile\\\/\",\"url\":\"https:\\\/\\\/www.effe-homecare.eu\\\/en\\\/strategie-europeenne-en-matiere-de-competences-le-pact-for-skills-une-opportunite-pour-lemploi-a-domicile\\\/\",\"name\":\"European skills agenda: the \u00ab Pact for Skills \u00bb, an opportunity for the direct employment model? - EFFE\",\"isPartOf\":{\"@id\":\"https:\\\/\\\/www.effe-homecare.eu\\\/en\\\/#website\"},\"datePublished\":\"2020-08-31T14:20:40+00:00\",\"dateModified\":\"2020-09-01T09:03:32+00:00\",\"author\":{\"@id\":\"https:\\\/\\\/www.effe-homecare.eu\\\/en\\\/#\\\/schema\\\/person\\\/926bcf51c17c20f274aba84ae9f64871\"},\"breadcrumb\":{\"@id\":\"https:\\\/\\\/www.effe-homecare.eu\\\/en\\\/strategie-europeenne-en-matiere-de-competences-le-pact-for-skills-une-opportunite-pour-lemploi-a-domicile\\\/#breadcrumb\"},\"inLanguage\":\"en-US\",\"potentialAction\":[{\"@type\":\"ReadAction\",\"target\":[\"https:\\\/\\\/www.effe-homecare.eu\\\/en\\\/strategie-europeenne-en-matiere-de-competences-le-pact-for-skills-une-opportunite-pour-lemploi-a-domicile\\\/\"]}]},{\"@type\":\"BreadcrumbList\",\"@id\":\"https:\\\/\\\/www.effe-homecare.eu\\\/en\\\/strategie-europeenne-en-matiere-de-competences-le-pact-for-skills-une-opportunite-pour-lemploi-a-domicile\\\/#breadcrumb\",\"itemListElement\":[{\"@type\":\"ListItem\",\"position\":1,\"name\":\"\",\"item\":\"https:\\\/\\\/www.effe-homecare.eu\\\/en\\\/\"},{\"@type\":\"ListItem\",\"position\":2,\"name\":\"European skills agenda: the \u00ab Pact for Skills \u00bb, an opportunity for the direct employment model?\"}]},{\"@type\":\"WebSite\",\"@id\":\"https:\\\/\\\/www.effe-homecare.eu\\\/en\\\/#website\",\"url\":\"https:\\\/\\\/www.effe-homecare.eu\\\/en\\\/\",\"name\":\"EFFE\",\"description\":\"F\u00e9d\u00e9ration Europ\u00e9enne des Emplois et de la Famille\",\"potentialAction\":[{\"@type\":\"SearchAction\",\"target\":{\"@type\":\"EntryPoint\",\"urlTemplate\":\"https:\\\/\\\/www.effe-homecare.eu\\\/en\\\/?s={search_term_string}\"},\"query-input\":{\"@type\":\"PropertyValueSpecification\",\"valueRequired\":true,\"valueName\":\"search_term_string\"}}],\"inLanguage\":\"en-US\"},{\"@type\":\"Person\",\"@id\":\"https:\\\/\\\/www.effe-homecare.eu\\\/en\\\/#\\\/schema\\\/person\\\/926bcf51c17c20f274aba84ae9f64871\",\"name\":\"Nicolas Defaye\",\"image\":{\"@type\":\"ImageObject\",\"inLanguage\":\"en-US\",\"@id\":\"https:\\\/\\\/secure.gravatar.com\\\/avatar\\\/948f9388863d2331a3c3a138ec9061edc732f7cb93f70f662a383940bc378b2b?s=96&d=mm&r=g\",\"url\":\"https:\\\/\\\/secure.gravatar.com\\\/avatar\\\/948f9388863d2331a3c3a138ec9061edc732f7cb93f70f662a383940bc378b2b?s=96&d=mm&r=g\",\"contentUrl\":\"https:\\\/\\\/secure.gravatar.com\\\/avatar\\\/948f9388863d2331a3c3a138ec9061edc732f7cb93f70f662a383940bc378b2b?s=96&d=mm&r=g\",\"caption\":\"Nicolas Defaye\"}}]}<\/script>\n<!-- \/ Yoast SEO plugin. -->","yoast_head_json":{"title":"European skills agenda: the \u00ab Pact for Skills \u00bb, an opportunity for the direct employment model? - EFFE","robots":{"index":"index","follow":"follow","max-snippet":"max-snippet:-1","max-image-preview":"max-image-preview:large","max-video-preview":"max-video-preview:-1"},"canonical":"https:\/\/www.effe-homecare.eu\/en\/strategie-europeenne-en-matiere-de-competences-le-pact-for-skills-une-opportunite-pour-lemploi-a-domicile\/","og_locale":"en_US","og_type":"article","og_title":"European skills agenda: the \u00ab Pact for Skills \u00bb, an opportunity for the direct employment model? - EFFE","og_description":"On July 1st, 2020, the European Commission presented its new European Skills Agenda for sustainable competitiveness, social fairness and resilience. With its transversal dimension, it is fully in line with the executive&#8217;s priorities, such as the European Green Pact, the digital strategy and the strategy for industry and SMEs. It includes 12 concrete actions to [&hellip;]","og_url":"https:\/\/www.effe-homecare.eu\/en\/strategie-europeenne-en-matiere-de-competences-le-pact-for-skills-une-opportunite-pour-lemploi-a-domicile\/","og_site_name":"EFFE","article_published_time":"2020-08-31T14:20:40+00:00","article_modified_time":"2020-09-01T09:03:32+00:00","author":"Nicolas Defaye","twitter_card":"summary_large_image","twitter_misc":{"Written by":"Nicolas Defaye","Est. reading time":"2 minutes"},"schema":{"@context":"https:\/\/schema.org","@graph":[{"@type":"Article","@id":"https:\/\/www.effe-homecare.eu\/en\/strategie-europeenne-en-matiere-de-competences-le-pact-for-skills-une-opportunite-pour-lemploi-a-domicile\/#article","isPartOf":{"@id":"https:\/\/www.effe-homecare.eu\/en\/strategie-europeenne-en-matiere-de-competences-le-pact-for-skills-une-opportunite-pour-lemploi-a-domicile\/"},"author":{"name":"Nicolas Defaye","@id":"https:\/\/www.effe-homecare.eu\/en\/#\/schema\/person\/926bcf51c17c20f274aba84ae9f64871"},"headline":"European skills agenda: the \u00ab Pact for Skills \u00bb, an opportunity for the direct employment model?","datePublished":"2020-08-31T14:20:40+00:00","dateModified":"2020-09-01T09:03:32+00:00","mainEntityOfPage":{"@id":"https:\/\/www.effe-homecare.eu\/en\/strategie-europeenne-en-matiere-de-competences-le-pact-for-skills-une-opportunite-pour-lemploi-a-domicile\/"},"wordCount":352,"articleSection":["News"],"inLanguage":"en-US"},{"@type":"WebPage","@id":"https:\/\/www.effe-homecare.eu\/en\/strategie-europeenne-en-matiere-de-competences-le-pact-for-skills-une-opportunite-pour-lemploi-a-domicile\/","url":"https:\/\/www.effe-homecare.eu\/en\/strategie-europeenne-en-matiere-de-competences-le-pact-for-skills-une-opportunite-pour-lemploi-a-domicile\/","name":"European skills agenda: the \u00ab Pact for Skills \u00bb, an opportunity for the direct employment model? - EFFE","isPartOf":{"@id":"https:\/\/www.effe-homecare.eu\/en\/#website"},"datePublished":"2020-08-31T14:20:40+00:00","dateModified":"2020-09-01T09:03:32+00:00","author":{"@id":"https:\/\/www.effe-homecare.eu\/en\/#\/schema\/person\/926bcf51c17c20f274aba84ae9f64871"},"breadcrumb":{"@id":"https:\/\/www.effe-homecare.eu\/en\/strategie-europeenne-en-matiere-de-competences-le-pact-for-skills-une-opportunite-pour-lemploi-a-domicile\/#breadcrumb"},"inLanguage":"en-US","potentialAction":[{"@type":"ReadAction","target":["https:\/\/www.effe-homecare.eu\/en\/strategie-europeenne-en-matiere-de-competences-le-pact-for-skills-une-opportunite-pour-lemploi-a-domicile\/"]}]},{"@type":"BreadcrumbList","@id":"https:\/\/www.effe-homecare.eu\/en\/strategie-europeenne-en-matiere-de-competences-le-pact-for-skills-une-opportunite-pour-lemploi-a-domicile\/#breadcrumb","itemListElement":[{"@type":"ListItem","position":1,"name":"","item":"https:\/\/www.effe-homecare.eu\/en\/"},{"@type":"ListItem","position":2,"name":"European skills agenda: the \u00ab Pact for Skills \u00bb, an opportunity for the direct employment model?"}]},{"@type":"WebSite","@id":"https:\/\/www.effe-homecare.eu\/en\/#website","url":"https:\/\/www.effe-homecare.eu\/en\/","name":"EFFE","description":"F\u00e9d\u00e9ration Europ\u00e9enne des Emplois et de la Famille","potentialAction":[{"@type":"SearchAction","target":{"@type":"EntryPoint","urlTemplate":"https:\/\/www.effe-homecare.eu\/en\/?s={search_term_string}"},"query-input":{"@type":"PropertyValueSpecification","valueRequired":true,"valueName":"search_term_string"}}],"inLanguage":"en-US"},{"@type":"Person","@id":"https:\/\/www.effe-homecare.eu\/en\/#\/schema\/person\/926bcf51c17c20f274aba84ae9f64871","name":"Nicolas Defaye","image":{"@type":"ImageObject","inLanguage":"en-US","@id":"https:\/\/secure.gravatar.com\/avatar\/948f9388863d2331a3c3a138ec9061edc732f7cb93f70f662a383940bc378b2b?s=96&d=mm&r=g","url":"https:\/\/secure.gravatar.com\/avatar\/948f9388863d2331a3c3a138ec9061edc732f7cb93f70f662a383940bc378b2b?s=96&d=mm&r=g","contentUrl":"https:\/\/secure.gravatar.com\/avatar\/948f9388863d2331a3c3a138ec9061edc732f7cb93f70f662a383940bc378b2b?s=96&d=mm&r=g","caption":"Nicolas Defaye"}}]}},"_links":{"self":[{"href":"https:\/\/www.effe-homecare.eu\/en\/wp-json\/wp\/v2\/posts\/3373","targetHints":{"allow":["GET"]}}],"collection":[{"href":"https:\/\/www.effe-homecare.eu\/en\/wp-json\/wp\/v2\/posts"}],"about":[{"href":"https:\/\/www.effe-homecare.eu\/en\/wp-json\/wp\/v2\/types\/post"}],"author":[{"embeddable":true,"href":"https:\/\/www.effe-homecare.eu\/en\/wp-json\/wp\/v2\/users\/4"}],"replies":[{"embeddable":true,"href":"https:\/\/www.effe-homecare.eu\/en\/wp-json\/wp\/v2\/comments?post=3373"}],"version-history":[{"count":2,"href":"https:\/\/www.effe-homecare.eu\/en\/wp-json\/wp\/v2\/posts\/3373\/revisions"}],"predecessor-version":[{"id":3378,"href":"https:\/\/www.effe-homecare.eu\/en\/wp-json\/wp\/v2\/posts\/3373\/revisions\/3378"}],"wp:attachment":[{"href":"https:\/\/www.effe-homecare.eu\/en\/wp-json\/wp\/v2\/media?parent=3373"}],"wp:term":[{"taxonomy":"category","embeddable":true,"href":"https:\/\/www.effe-homecare.eu\/en\/wp-json\/wp\/v2\/categories?post=3373"},{"taxonomy":"post_tag","embeddable":true,"href":"https:\/\/www.effe-homecare.eu\/en\/wp-json\/wp\/v2\/tags?post=3373"}],"curies":[{"name":"wp","href":"https:\/\/api.w.org\/{rel}","templated":true}]}}