{"id":1818,"date":"2016-03-15T10:20:46","date_gmt":"2016-03-15T09:20:46","guid":{"rendered":"https:\/\/www.effe-homecare.eu\/?p=288"},"modified":"2020-03-03T15:39:55","modified_gmt":"2020-03-03T14:39:55","slug":"brando-benifei-scooped-his-report-during-effes-public-meeting","status":"publish","type":"post","link":"https:\/\/www.effe-homecare.eu\/en\/brando-benifei-scooped-his-report-during-effes-public-meeting\/","title":{"rendered":"Brando Benifei scooped his report during EFFE\u2019s public meeting"},"content":{"rendered":"\n<figure class=\"wp-block-image size-large is-resized\"><img loading=\"lazy\" decoding=\"async\" src=\"https:\/\/www.effe-homecare.eu\/wp-content\/uploads\/2016\/03\/IMG_4242-2.jpg\" alt=\"\" class=\"wp-image-2036\" width=\"918\" height=\"518\" srcset=\"https:\/\/www.effe-homecare.eu\/wp-content\/uploads\/2016\/03\/IMG_4242-2.jpg 800w, https:\/\/www.effe-homecare.eu\/wp-content\/uploads\/2016\/03\/IMG_4242-2-300x169.jpg 300w, https:\/\/www.effe-homecare.eu\/wp-content\/uploads\/2016\/03\/IMG_4242-2-768x433.jpg 768w\" sizes=\"auto, (max-width: 918px) 100vw, 918px\" \/><figcaption><em>Andrea Zini, Brando Benifei, Marie B\u00e9atrice Levaux<\/em><\/figcaption><\/figure>\n\n\n<p><em>On March 2<sup>nd<\/sup>, the European Federation for Family employment <\/em><em>had the pleasure of sharing with MEP Brando Benifei (Italy, S&amp;D) an exclusive presentation of his report on \u201cRefugees: Social inclusion and integration on Labor Market\u201d, for EMPL Committee. <\/em><\/p>\n<p>In an inspiring and voluntary speech, he highlighted the need for a holistic approach to migration in Europe. He thus called on EU states to assume their responsibilities in this crisis that challenges the overall European project: providing hospitality to refugees and asylum seekers is at the height to EU tradition of solidarity.<\/p>\n<p>The report puts forward the necessity of take into account that the integration of refugees into the labor market may be a means to contribute to the economy of the host country. It suggests thus redeploying existing EU funds to effective and humane hosting policies.<\/p>\n<p>He also reminded that civil society involvement can help Europe to arise through the top of this major crisis, and therefore must have its rightful place in the negotiations that are going to open.<\/p>\n<p>This report rich of humanity, challenging, and proactive will be discussed in the coming months at the European Parliament, for a vote in July 2016.<\/p>","protected":false},"excerpt":{"rendered":"<p>On March 2nd, the European Federation for Family employment had the pleasure of sharing with MEP Brando Benifei (Italy, S&amp;D) an exclusive presentation of his report on \u201cRefugees: Social inclusion and integration on Labor Market\u201d, for EMPL Committee. In an inspiring and voluntary speech, he highlighted the need for a holistic approach to migration in [&hellip;]<\/p>\n","protected":false},"author":1,"featured_media":0,"comment_status":"open","ping_status":"open","sticky":false,"template":"","format":"standard","meta":{"_acf_changed":false,"_monsterinsights_skip_tracking":false,"_monsterinsights_sitenote_active":false,"_monsterinsights_sitenote_note":"","_monsterinsights_sitenote_category":0,"footnotes":""},"categories":[27],"tags":[],"class_list":["post-1818","post","type-post","status-publish","format-standard","hentry","category-news"],"acf":[],"yoast_head":"<!-- This site is optimized with the Yoast SEO plugin v27.3 - https:\/\/yoast.com\/product\/yoast-seo-wordpress\/ -->\n<title>Brando Benifei scooped his report during EFFE\u2019s public meeting - EFFE<\/title>\n<meta name=\"robots\" content=\"index, follow, max-snippet:-1, max-image-preview:large, max-video-preview:-1\" \/>\n<link rel=\"canonical\" href=\"https:\/\/www.effe-homecare.eu\/en\/brando-benifei-scooped-his-report-during-effes-public-meeting\/\" \/>\n<meta property=\"og:locale\" content=\"en_US\" \/>\n<meta property=\"og:type\" content=\"article\" \/>\n<meta property=\"og:title\" content=\"Brando Benifei scooped his report during EFFE\u2019s public meeting - EFFE\" \/>\n<meta property=\"og:description\" content=\"On March 2nd, the European Federation for Family employment had the pleasure of sharing with MEP Brando Benifei (Italy, S&amp;D) an exclusive presentation of his report on \u201cRefugees: Social inclusion and integration on Labor Market\u201d, for EMPL Committee. In an inspiring and voluntary speech, he highlighted the need for a holistic approach to migration in [&hellip;]\" \/>\n<meta property=\"og:url\" content=\"https:\/\/www.effe-homecare.eu\/en\/brando-benifei-scooped-his-report-during-effes-public-meeting\/\" \/>\n<meta property=\"og:site_name\" content=\"EFFE\" \/>\n<meta property=\"article:published_time\" content=\"2016-03-15T09:20:46+00:00\" \/>\n<meta property=\"article:modified_time\" content=\"2020-03-03T14:39:55+00:00\" \/>\n<meta property=\"og:image\" content=\"https:\/\/www.effe-homecare.eu\/wp-content\/uploads\/2016\/03\/IMG_4242-2.jpg\" \/>\n<meta name=\"author\" content=\"highfive\" \/>\n<meta name=\"twitter:card\" content=\"summary_large_image\" \/>\n<meta name=\"twitter:label1\" content=\"Written by\" \/>\n\t<meta name=\"twitter:data1\" content=\"highfive\" \/>\n\t<meta name=\"twitter:label2\" content=\"Est. reading time\" \/>\n\t<meta name=\"twitter:data2\" content=\"1 minute\" \/>\n<script type=\"application\/ld+json\" class=\"yoast-schema-graph\">{\"@context\":\"https:\\\/\\\/schema.org\",\"@graph\":[{\"@type\":\"Article\",\"@id\":\"https:\\\/\\\/www.effe-homecare.eu\\\/en\\\/brando-benifei-scooped-his-report-during-effes-public-meeting\\\/#article\",\"isPartOf\":{\"@id\":\"https:\\\/\\\/www.effe-homecare.eu\\\/en\\\/brando-benifei-scooped-his-report-during-effes-public-meeting\\\/\"},\"author\":{\"name\":\"highfive\",\"@id\":\"https:\\\/\\\/www.effe-homecare.eu\\\/en\\\/#\\\/schema\\\/person\\\/174a765a9a20598115c54b03edcca6d0\"},\"headline\":\"Brando Benifei scooped his report during EFFE\u2019s public meeting\",\"datePublished\":\"2016-03-15T09:20:46+00:00\",\"dateModified\":\"2020-03-03T14:39:55+00:00\",\"mainEntityOfPage\":{\"@id\":\"https:\\\/\\\/www.effe-homecare.eu\\\/en\\\/brando-benifei-scooped-his-report-during-effes-public-meeting\\\/\"},\"wordCount\":214,\"commentCount\":0,\"image\":{\"@id\":\"https:\\\/\\\/www.effe-homecare.eu\\\/en\\\/brando-benifei-scooped-his-report-during-effes-public-meeting\\\/#primaryimage\"},\"thumbnailUrl\":\"https:\\\/\\\/www.effe-homecare.eu\\\/wp-content\\\/uploads\\\/2016\\\/03\\\/IMG_4242-2.jpg\",\"articleSection\":[\"News\"],\"inLanguage\":\"en-US\"},{\"@type\":\"WebPage\",\"@id\":\"https:\\\/\\\/www.effe-homecare.eu\\\/en\\\/brando-benifei-scooped-his-report-during-effes-public-meeting\\\/\",\"url\":\"https:\\\/\\\/www.effe-homecare.eu\\\/en\\\/brando-benifei-scooped-his-report-during-effes-public-meeting\\\/\",\"name\":\"Brando Benifei scooped his report during EFFE\u2019s public meeting - EFFE\",\"isPartOf\":{\"@id\":\"https:\\\/\\\/www.effe-homecare.eu\\\/en\\\/#website\"},\"primaryImageOfPage\":{\"@id\":\"https:\\\/\\\/www.effe-homecare.eu\\\/en\\\/brando-benifei-scooped-his-report-during-effes-public-meeting\\\/#primaryimage\"},\"image\":{\"@id\":\"https:\\\/\\\/www.effe-homecare.eu\\\/en\\\/brando-benifei-scooped-his-report-during-effes-public-meeting\\\/#primaryimage\"},\"thumbnailUrl\":\"https:\\\/\\\/www.effe-homecare.eu\\\/wp-content\\\/uploads\\\/2016\\\/03\\\/IMG_4242-2.jpg\",\"datePublished\":\"2016-03-15T09:20:46+00:00\",\"dateModified\":\"2020-03-03T14:39:55+00:00\",\"author\":{\"@id\":\"https:\\\/\\\/www.effe-homecare.eu\\\/en\\\/#\\\/schema\\\/person\\\/174a765a9a20598115c54b03edcca6d0\"},\"breadcrumb\":{\"@id\":\"https:\\\/\\\/www.effe-homecare.eu\\\/en\\\/brando-benifei-scooped-his-report-during-effes-public-meeting\\\/#breadcrumb\"},\"inLanguage\":\"en-US\",\"potentialAction\":[{\"@type\":\"ReadAction\",\"target\":[\"https:\\\/\\\/www.effe-homecare.eu\\\/en\\\/brando-benifei-scooped-his-report-during-effes-public-meeting\\\/\"]}]},{\"@type\":\"ImageObject\",\"inLanguage\":\"en-US\",\"@id\":\"https:\\\/\\\/www.effe-homecare.eu\\\/en\\\/brando-benifei-scooped-his-report-during-effes-public-meeting\\\/#primaryimage\",\"url\":\"https:\\\/\\\/www.effe-homecare.eu\\\/wp-content\\\/uploads\\\/2016\\\/03\\\/IMG_4242-2.jpg\",\"contentUrl\":\"https:\\\/\\\/www.effe-homecare.eu\\\/wp-content\\\/uploads\\\/2016\\\/03\\\/IMG_4242-2.jpg\"},{\"@type\":\"BreadcrumbList\",\"@id\":\"https:\\\/\\\/www.effe-homecare.eu\\\/en\\\/brando-benifei-scooped-his-report-during-effes-public-meeting\\\/#breadcrumb\",\"itemListElement\":[{\"@type\":\"ListItem\",\"position\":1,\"name\":\"\",\"item\":\"https:\\\/\\\/www.effe-homecare.eu\\\/en\\\/\"},{\"@type\":\"ListItem\",\"position\":2,\"name\":\"Brando Benifei scooped his report during EFFE\u2019s public meeting\"}]},{\"@type\":\"WebSite\",\"@id\":\"https:\\\/\\\/www.effe-homecare.eu\\\/en\\\/#website\",\"url\":\"https:\\\/\\\/www.effe-homecare.eu\\\/en\\\/\",\"name\":\"EFFE\",\"description\":\"F\u00e9d\u00e9ration Europ\u00e9enne des Emplois et de la Famille\",\"potentialAction\":[{\"@type\":\"SearchAction\",\"target\":{\"@type\":\"EntryPoint\",\"urlTemplate\":\"https:\\\/\\\/www.effe-homecare.eu\\\/en\\\/?s={search_term_string}\"},\"query-input\":{\"@type\":\"PropertyValueSpecification\",\"valueRequired\":true,\"valueName\":\"search_term_string\"}}],\"inLanguage\":\"en-US\"},{\"@type\":\"Person\",\"@id\":\"https:\\\/\\\/www.effe-homecare.eu\\\/en\\\/#\\\/schema\\\/person\\\/174a765a9a20598115c54b03edcca6d0\",\"name\":\"highfive\",\"image\":{\"@type\":\"ImageObject\",\"inLanguage\":\"en-US\",\"@id\":\"https:\\\/\\\/secure.gravatar.com\\\/avatar\\\/20f62b8f8c1a1dd33f8b0945c1103d3b3003437a857778463cb1edc42f4f1471?s=96&d=mm&r=g\",\"url\":\"https:\\\/\\\/secure.gravatar.com\\\/avatar\\\/20f62b8f8c1a1dd33f8b0945c1103d3b3003437a857778463cb1edc42f4f1471?s=96&d=mm&r=g\",\"contentUrl\":\"https:\\\/\\\/secure.gravatar.com\\\/avatar\\\/20f62b8f8c1a1dd33f8b0945c1103d3b3003437a857778463cb1edc42f4f1471?s=96&d=mm&r=g\",\"caption\":\"highfive\"}}]}<\/script>\n<!-- \/ Yoast SEO plugin. -->","yoast_head_json":{"title":"Brando Benifei scooped his report during EFFE\u2019s public meeting - EFFE","robots":{"index":"index","follow":"follow","max-snippet":"max-snippet:-1","max-image-preview":"max-image-preview:large","max-video-preview":"max-video-preview:-1"},"canonical":"https:\/\/www.effe-homecare.eu\/en\/brando-benifei-scooped-his-report-during-effes-public-meeting\/","og_locale":"en_US","og_type":"article","og_title":"Brando Benifei scooped his report during EFFE\u2019s public meeting - EFFE","og_description":"On March 2nd, the European Federation for Family employment had the pleasure of sharing with MEP Brando Benifei (Italy, S&amp;D) an exclusive presentation of his report on \u201cRefugees: Social inclusion and integration on Labor Market\u201d, for EMPL Committee. In an inspiring and voluntary speech, he highlighted the need for a holistic approach to migration in [&hellip;]","og_url":"https:\/\/www.effe-homecare.eu\/en\/brando-benifei-scooped-his-report-during-effes-public-meeting\/","og_site_name":"EFFE","article_published_time":"2016-03-15T09:20:46+00:00","article_modified_time":"2020-03-03T14:39:55+00:00","og_image":[{"url":"https:\/\/www.effe-homecare.eu\/wp-content\/uploads\/2016\/03\/IMG_4242-2.jpg","type":"","width":"","height":""}],"author":"highfive","twitter_card":"summary_large_image","twitter_misc":{"Written by":"highfive","Est. reading time":"1 minute"},"schema":{"@context":"https:\/\/schema.org","@graph":[{"@type":"Article","@id":"https:\/\/www.effe-homecare.eu\/en\/brando-benifei-scooped-his-report-during-effes-public-meeting\/#article","isPartOf":{"@id":"https:\/\/www.effe-homecare.eu\/en\/brando-benifei-scooped-his-report-during-effes-public-meeting\/"},"author":{"name":"highfive","@id":"https:\/\/www.effe-homecare.eu\/en\/#\/schema\/person\/174a765a9a20598115c54b03edcca6d0"},"headline":"Brando Benifei scooped his report during EFFE\u2019s public meeting","datePublished":"2016-03-15T09:20:46+00:00","dateModified":"2020-03-03T14:39:55+00:00","mainEntityOfPage":{"@id":"https:\/\/www.effe-homecare.eu\/en\/brando-benifei-scooped-his-report-during-effes-public-meeting\/"},"wordCount":214,"commentCount":0,"image":{"@id":"https:\/\/www.effe-homecare.eu\/en\/brando-benifei-scooped-his-report-during-effes-public-meeting\/#primaryimage"},"thumbnailUrl":"https:\/\/www.effe-homecare.eu\/wp-content\/uploads\/2016\/03\/IMG_4242-2.jpg","articleSection":["News"],"inLanguage":"en-US"},{"@type":"WebPage","@id":"https:\/\/www.effe-homecare.eu\/en\/brando-benifei-scooped-his-report-during-effes-public-meeting\/","url":"https:\/\/www.effe-homecare.eu\/en\/brando-benifei-scooped-his-report-during-effes-public-meeting\/","name":"Brando Benifei scooped his report during EFFE\u2019s public meeting - EFFE","isPartOf":{"@id":"https:\/\/www.effe-homecare.eu\/en\/#website"},"primaryImageOfPage":{"@id":"https:\/\/www.effe-homecare.eu\/en\/brando-benifei-scooped-his-report-during-effes-public-meeting\/#primaryimage"},"image":{"@id":"https:\/\/www.effe-homecare.eu\/en\/brando-benifei-scooped-his-report-during-effes-public-meeting\/#primaryimage"},"thumbnailUrl":"https:\/\/www.effe-homecare.eu\/wp-content\/uploads\/2016\/03\/IMG_4242-2.jpg","datePublished":"2016-03-15T09:20:46+00:00","dateModified":"2020-03-03T14:39:55+00:00","author":{"@id":"https:\/\/www.effe-homecare.eu\/en\/#\/schema\/person\/174a765a9a20598115c54b03edcca6d0"},"breadcrumb":{"@id":"https:\/\/www.effe-homecare.eu\/en\/brando-benifei-scooped-his-report-during-effes-public-meeting\/#breadcrumb"},"inLanguage":"en-US","potentialAction":[{"@type":"ReadAction","target":["https:\/\/www.effe-homecare.eu\/en\/brando-benifei-scooped-his-report-during-effes-public-meeting\/"]}]},{"@type":"ImageObject","inLanguage":"en-US","@id":"https:\/\/www.effe-homecare.eu\/en\/brando-benifei-scooped-his-report-during-effes-public-meeting\/#primaryimage","url":"https:\/\/www.effe-homecare.eu\/wp-content\/uploads\/2016\/03\/IMG_4242-2.jpg","contentUrl":"https:\/\/www.effe-homecare.eu\/wp-content\/uploads\/2016\/03\/IMG_4242-2.jpg"},{"@type":"BreadcrumbList","@id":"https:\/\/www.effe-homecare.eu\/en\/brando-benifei-scooped-his-report-during-effes-public-meeting\/#breadcrumb","itemListElement":[{"@type":"ListItem","position":1,"name":"","item":"https:\/\/www.effe-homecare.eu\/en\/"},{"@type":"ListItem","position":2,"name":"Brando Benifei scooped his report during EFFE\u2019s public meeting"}]},{"@type":"WebSite","@id":"https:\/\/www.effe-homecare.eu\/en\/#website","url":"https:\/\/www.effe-homecare.eu\/en\/","name":"EFFE","description":"F\u00e9d\u00e9ration Europ\u00e9enne des Emplois et de la Famille","potentialAction":[{"@type":"SearchAction","target":{"@type":"EntryPoint","urlTemplate":"https:\/\/www.effe-homecare.eu\/en\/?s={search_term_string}"},"query-input":{"@type":"PropertyValueSpecification","valueRequired":true,"valueName":"search_term_string"}}],"inLanguage":"en-US"},{"@type":"Person","@id":"https:\/\/www.effe-homecare.eu\/en\/#\/schema\/person\/174a765a9a20598115c54b03edcca6d0","name":"highfive","image":{"@type":"ImageObject","inLanguage":"en-US","@id":"https:\/\/secure.gravatar.com\/avatar\/20f62b8f8c1a1dd33f8b0945c1103d3b3003437a857778463cb1edc42f4f1471?s=96&d=mm&r=g","url":"https:\/\/secure.gravatar.com\/avatar\/20f62b8f8c1a1dd33f8b0945c1103d3b3003437a857778463cb1edc42f4f1471?s=96&d=mm&r=g","contentUrl":"https:\/\/secure.gravatar.com\/avatar\/20f62b8f8c1a1dd33f8b0945c1103d3b3003437a857778463cb1edc42f4f1471?s=96&d=mm&r=g","caption":"highfive"}}]}},"_links":{"self":[{"href":"https:\/\/www.effe-homecare.eu\/en\/wp-json\/wp\/v2\/posts\/1818","targetHints":{"allow":["GET"]}}],"collection":[{"href":"https:\/\/www.effe-homecare.eu\/en\/wp-json\/wp\/v2\/posts"}],"about":[{"href":"https:\/\/www.effe-homecare.eu\/en\/wp-json\/wp\/v2\/types\/post"}],"author":[{"embeddable":true,"href":"https:\/\/www.effe-homecare.eu\/en\/wp-json\/wp\/v2\/users\/1"}],"replies":[{"embeddable":true,"href":"https:\/\/www.effe-homecare.eu\/en\/wp-json\/wp\/v2\/comments?post=1818"}],"version-history":[{"count":3,"href":"https:\/\/www.effe-homecare.eu\/en\/wp-json\/wp\/v2\/posts\/1818\/revisions"}],"predecessor-version":[{"id":3055,"href":"https:\/\/www.effe-homecare.eu\/en\/wp-json\/wp\/v2\/posts\/1818\/revisions\/3055"}],"wp:attachment":[{"href":"https:\/\/www.effe-homecare.eu\/en\/wp-json\/wp\/v2\/media?parent=1818"}],"wp:term":[{"taxonomy":"category","embeddable":true,"href":"https:\/\/www.effe-homecare.eu\/en\/wp-json\/wp\/v2\/categories?post=1818"},{"taxonomy":"post_tag","embeddable":true,"href":"https:\/\/www.effe-homecare.eu\/en\/wp-json\/wp\/v2\/tags?post=1818"}],"curies":[{"name":"wp","href":"https:\/\/api.w.org\/{rel}","templated":true}]}}