{"id":1808,"date":"2014-06-20T13:30:05","date_gmt":"2014-06-20T12:30:05","guid":{"rendered":"https:\/\/www.effe-homecare.eu\/?p=127"},"modified":"2020-03-11T10:47:40","modified_gmt":"2020-03-11T09:47:40","slug":"launch-of-the-european-federation-for-family-employment","status":"publish","type":"post","link":"https:\/\/www.effe-homecare.eu\/en\/launch-of-the-european-federation-for-family-employment\/","title":{"rendered":"Launch of the European Federation For Family Employment"},"content":{"rendered":"\n<p>On Wednesday 19 June, the European Federation for Family and Employment (EFFE) was launched at the European Parliament in Brussels. The federation is founded by the IPERIA Institute for Family Employment, the French Federation of Household Employers (FEPEM) and France Grolin, under the patronage of MEP Marian Harkin (ALDE), who attended the event.<\/p>\n\n\n\n<p>The goals of the European Federation for Family and Employment (EFFE) will become part of the Europe 2020 strategy. The EFFE will provide the impetus for a new economic, social and societal dynamic in Europe in terms of family employment. The Federation will establish a resource centre (information, publications, research, training and promotional materials) for the organisations who represent or work in the field of family employment. The EFFE also wishes to relay information regarding the evolution of family employment, and raise awareness of this sector and its challenges in the European Union. Finally, the EFFE wants to set up a network of contacts involved in the field in order to exchange best practices and create a teamwork dynamic.<\/p>\n","protected":false},"excerpt":{"rendered":"<p>On Wednesday 19 June, the European Federation for Family and Employment (EFFE) was launched at the European Parliament in Brussels. The federation is founded by the IPERIA Institute for Family Employment, the French Federation of Household Employers (FEPEM) and France Grolin, under the patronage of MEP Marian Harkin (ALDE), who attended the event. The goals [&hellip;]<\/p>\n","protected":false},"author":1,"featured_media":0,"comment_status":"open","ping_status":"open","sticky":false,"template":"","format":"standard","meta":{"_acf_changed":false,"_monsterinsights_skip_tracking":false,"_monsterinsights_sitenote_active":false,"_monsterinsights_sitenote_note":"","_monsterinsights_sitenote_category":0,"footnotes":""},"categories":[27],"tags":[],"class_list":["post-1808","post","type-post","status-publish","format-standard","hentry","category-news"],"acf":[],"yoast_head":"<!-- This site is optimized with the Yoast SEO plugin v27.3 - https:\/\/yoast.com\/product\/yoast-seo-wordpress\/ -->\n<title>Launch of the European Federation For Family Employment - EFFE<\/title>\n<meta name=\"robots\" content=\"index, follow, max-snippet:-1, max-image-preview:large, max-video-preview:-1\" \/>\n<link rel=\"canonical\" href=\"https:\/\/www.effe-homecare.eu\/en\/launch-of-the-european-federation-for-family-employment\/\" \/>\n<meta property=\"og:locale\" content=\"en_US\" \/>\n<meta property=\"og:type\" content=\"article\" \/>\n<meta property=\"og:title\" content=\"Launch of the European Federation For Family Employment - EFFE\" \/>\n<meta property=\"og:description\" content=\"On Wednesday 19 June, the European Federation for Family and Employment (EFFE) was launched at the European Parliament in Brussels. The federation is founded by the IPERIA Institute for Family Employment, the French Federation of Household Employers (FEPEM) and France Grolin, under the patronage of MEP Marian Harkin (ALDE), who attended the event. The goals [&hellip;]\" \/>\n<meta property=\"og:url\" content=\"https:\/\/www.effe-homecare.eu\/en\/launch-of-the-european-federation-for-family-employment\/\" \/>\n<meta property=\"og:site_name\" content=\"EFFE\" \/>\n<meta property=\"article:published_time\" content=\"2014-06-20T12:30:05+00:00\" \/>\n<meta property=\"article:modified_time\" content=\"2020-03-11T09:47:40+00:00\" \/>\n<meta name=\"author\" content=\"highfive\" \/>\n<meta name=\"twitter:card\" content=\"summary_large_image\" \/>\n<meta name=\"twitter:label1\" content=\"Written by\" \/>\n\t<meta name=\"twitter:data1\" content=\"highfive\" \/>\n\t<meta name=\"twitter:label2\" content=\"Est. reading time\" \/>\n\t<meta name=\"twitter:data2\" content=\"1 minute\" \/>\n<script type=\"application\/ld+json\" class=\"yoast-schema-graph\">{\"@context\":\"https:\\\/\\\/schema.org\",\"@graph\":[{\"@type\":\"Article\",\"@id\":\"https:\\\/\\\/www.effe-homecare.eu\\\/en\\\/launch-of-the-european-federation-for-family-employment\\\/#article\",\"isPartOf\":{\"@id\":\"https:\\\/\\\/www.effe-homecare.eu\\\/en\\\/launch-of-the-european-federation-for-family-employment\\\/\"},\"author\":{\"name\":\"highfive\",\"@id\":\"https:\\\/\\\/www.effe-homecare.eu\\\/en\\\/#\\\/schema\\\/person\\\/174a765a9a20598115c54b03edcca6d0\"},\"headline\":\"Launch of the European Federation For Family Employment\",\"datePublished\":\"2014-06-20T12:30:05+00:00\",\"dateModified\":\"2020-03-11T09:47:40+00:00\",\"mainEntityOfPage\":{\"@id\":\"https:\\\/\\\/www.effe-homecare.eu\\\/en\\\/launch-of-the-european-federation-for-family-employment\\\/\"},\"wordCount\":178,\"commentCount\":0,\"articleSection\":[\"News\"],\"inLanguage\":\"en-US\"},{\"@type\":\"WebPage\",\"@id\":\"https:\\\/\\\/www.effe-homecare.eu\\\/en\\\/launch-of-the-european-federation-for-family-employment\\\/\",\"url\":\"https:\\\/\\\/www.effe-homecare.eu\\\/en\\\/launch-of-the-european-federation-for-family-employment\\\/\",\"name\":\"Launch of the European Federation For Family Employment - EFFE\",\"isPartOf\":{\"@id\":\"https:\\\/\\\/www.effe-homecare.eu\\\/en\\\/#website\"},\"datePublished\":\"2014-06-20T12:30:05+00:00\",\"dateModified\":\"2020-03-11T09:47:40+00:00\",\"author\":{\"@id\":\"https:\\\/\\\/www.effe-homecare.eu\\\/en\\\/#\\\/schema\\\/person\\\/174a765a9a20598115c54b03edcca6d0\"},\"breadcrumb\":{\"@id\":\"https:\\\/\\\/www.effe-homecare.eu\\\/en\\\/launch-of-the-european-federation-for-family-employment\\\/#breadcrumb\"},\"inLanguage\":\"en-US\",\"potentialAction\":[{\"@type\":\"ReadAction\",\"target\":[\"https:\\\/\\\/www.effe-homecare.eu\\\/en\\\/launch-of-the-european-federation-for-family-employment\\\/\"]}]},{\"@type\":\"BreadcrumbList\",\"@id\":\"https:\\\/\\\/www.effe-homecare.eu\\\/en\\\/launch-of-the-european-federation-for-family-employment\\\/#breadcrumb\",\"itemListElement\":[{\"@type\":\"ListItem\",\"position\":1,\"name\":\"\",\"item\":\"https:\\\/\\\/www.effe-homecare.eu\\\/en\\\/\"},{\"@type\":\"ListItem\",\"position\":2,\"name\":\"Launch of the European Federation For Family Employment\"}]},{\"@type\":\"WebSite\",\"@id\":\"https:\\\/\\\/www.effe-homecare.eu\\\/en\\\/#website\",\"url\":\"https:\\\/\\\/www.effe-homecare.eu\\\/en\\\/\",\"name\":\"EFFE\",\"description\":\"F\u00e9d\u00e9ration Europ\u00e9enne des Emplois et de la Famille\",\"potentialAction\":[{\"@type\":\"SearchAction\",\"target\":{\"@type\":\"EntryPoint\",\"urlTemplate\":\"https:\\\/\\\/www.effe-homecare.eu\\\/en\\\/?s={search_term_string}\"},\"query-input\":{\"@type\":\"PropertyValueSpecification\",\"valueRequired\":true,\"valueName\":\"search_term_string\"}}],\"inLanguage\":\"en-US\"},{\"@type\":\"Person\",\"@id\":\"https:\\\/\\\/www.effe-homecare.eu\\\/en\\\/#\\\/schema\\\/person\\\/174a765a9a20598115c54b03edcca6d0\",\"name\":\"highfive\",\"image\":{\"@type\":\"ImageObject\",\"inLanguage\":\"en-US\",\"@id\":\"https:\\\/\\\/secure.gravatar.com\\\/avatar\\\/20f62b8f8c1a1dd33f8b0945c1103d3b3003437a857778463cb1edc42f4f1471?s=96&d=mm&r=g\",\"url\":\"https:\\\/\\\/secure.gravatar.com\\\/avatar\\\/20f62b8f8c1a1dd33f8b0945c1103d3b3003437a857778463cb1edc42f4f1471?s=96&d=mm&r=g\",\"contentUrl\":\"https:\\\/\\\/secure.gravatar.com\\\/avatar\\\/20f62b8f8c1a1dd33f8b0945c1103d3b3003437a857778463cb1edc42f4f1471?s=96&d=mm&r=g\",\"caption\":\"highfive\"}}]}<\/script>\n<!-- \/ Yoast SEO plugin. -->","yoast_head_json":{"title":"Launch of the European Federation For Family Employment - EFFE","robots":{"index":"index","follow":"follow","max-snippet":"max-snippet:-1","max-image-preview":"max-image-preview:large","max-video-preview":"max-video-preview:-1"},"canonical":"https:\/\/www.effe-homecare.eu\/en\/launch-of-the-european-federation-for-family-employment\/","og_locale":"en_US","og_type":"article","og_title":"Launch of the European Federation For Family Employment - EFFE","og_description":"On Wednesday 19 June, the European Federation for Family and Employment (EFFE) was launched at the European Parliament in Brussels. The federation is founded by the IPERIA Institute for Family Employment, the French Federation of Household Employers (FEPEM) and France Grolin, under the patronage of MEP Marian Harkin (ALDE), who attended the event. The goals [&hellip;]","og_url":"https:\/\/www.effe-homecare.eu\/en\/launch-of-the-european-federation-for-family-employment\/","og_site_name":"EFFE","article_published_time":"2014-06-20T12:30:05+00:00","article_modified_time":"2020-03-11T09:47:40+00:00","author":"highfive","twitter_card":"summary_large_image","twitter_misc":{"Written by":"highfive","Est. reading time":"1 minute"},"schema":{"@context":"https:\/\/schema.org","@graph":[{"@type":"Article","@id":"https:\/\/www.effe-homecare.eu\/en\/launch-of-the-european-federation-for-family-employment\/#article","isPartOf":{"@id":"https:\/\/www.effe-homecare.eu\/en\/launch-of-the-european-federation-for-family-employment\/"},"author":{"name":"highfive","@id":"https:\/\/www.effe-homecare.eu\/en\/#\/schema\/person\/174a765a9a20598115c54b03edcca6d0"},"headline":"Launch of the European Federation For Family Employment","datePublished":"2014-06-20T12:30:05+00:00","dateModified":"2020-03-11T09:47:40+00:00","mainEntityOfPage":{"@id":"https:\/\/www.effe-homecare.eu\/en\/launch-of-the-european-federation-for-family-employment\/"},"wordCount":178,"commentCount":0,"articleSection":["News"],"inLanguage":"en-US"},{"@type":"WebPage","@id":"https:\/\/www.effe-homecare.eu\/en\/launch-of-the-european-federation-for-family-employment\/","url":"https:\/\/www.effe-homecare.eu\/en\/launch-of-the-european-federation-for-family-employment\/","name":"Launch of the European Federation For Family Employment - EFFE","isPartOf":{"@id":"https:\/\/www.effe-homecare.eu\/en\/#website"},"datePublished":"2014-06-20T12:30:05+00:00","dateModified":"2020-03-11T09:47:40+00:00","author":{"@id":"https:\/\/www.effe-homecare.eu\/en\/#\/schema\/person\/174a765a9a20598115c54b03edcca6d0"},"breadcrumb":{"@id":"https:\/\/www.effe-homecare.eu\/en\/launch-of-the-european-federation-for-family-employment\/#breadcrumb"},"inLanguage":"en-US","potentialAction":[{"@type":"ReadAction","target":["https:\/\/www.effe-homecare.eu\/en\/launch-of-the-european-federation-for-family-employment\/"]}]},{"@type":"BreadcrumbList","@id":"https:\/\/www.effe-homecare.eu\/en\/launch-of-the-european-federation-for-family-employment\/#breadcrumb","itemListElement":[{"@type":"ListItem","position":1,"name":"","item":"https:\/\/www.effe-homecare.eu\/en\/"},{"@type":"ListItem","position":2,"name":"Launch of the European Federation For Family Employment"}]},{"@type":"WebSite","@id":"https:\/\/www.effe-homecare.eu\/en\/#website","url":"https:\/\/www.effe-homecare.eu\/en\/","name":"EFFE","description":"F\u00e9d\u00e9ration Europ\u00e9enne des Emplois et de la Famille","potentialAction":[{"@type":"SearchAction","target":{"@type":"EntryPoint","urlTemplate":"https:\/\/www.effe-homecare.eu\/en\/?s={search_term_string}"},"query-input":{"@type":"PropertyValueSpecification","valueRequired":true,"valueName":"search_term_string"}}],"inLanguage":"en-US"},{"@type":"Person","@id":"https:\/\/www.effe-homecare.eu\/en\/#\/schema\/person\/174a765a9a20598115c54b03edcca6d0","name":"highfive","image":{"@type":"ImageObject","inLanguage":"en-US","@id":"https:\/\/secure.gravatar.com\/avatar\/20f62b8f8c1a1dd33f8b0945c1103d3b3003437a857778463cb1edc42f4f1471?s=96&d=mm&r=g","url":"https:\/\/secure.gravatar.com\/avatar\/20f62b8f8c1a1dd33f8b0945c1103d3b3003437a857778463cb1edc42f4f1471?s=96&d=mm&r=g","contentUrl":"https:\/\/secure.gravatar.com\/avatar\/20f62b8f8c1a1dd33f8b0945c1103d3b3003437a857778463cb1edc42f4f1471?s=96&d=mm&r=g","caption":"highfive"}}]}},"_links":{"self":[{"href":"https:\/\/www.effe-homecare.eu\/en\/wp-json\/wp\/v2\/posts\/1808","targetHints":{"allow":["GET"]}}],"collection":[{"href":"https:\/\/www.effe-homecare.eu\/en\/wp-json\/wp\/v2\/posts"}],"about":[{"href":"https:\/\/www.effe-homecare.eu\/en\/wp-json\/wp\/v2\/types\/post"}],"author":[{"embeddable":true,"href":"https:\/\/www.effe-homecare.eu\/en\/wp-json\/wp\/v2\/users\/1"}],"replies":[{"embeddable":true,"href":"https:\/\/www.effe-homecare.eu\/en\/wp-json\/wp\/v2\/comments?post=1808"}],"version-history":[{"count":3,"href":"https:\/\/www.effe-homecare.eu\/en\/wp-json\/wp\/v2\/posts\/1808\/revisions"}],"predecessor-version":[{"id":3238,"href":"https:\/\/www.effe-homecare.eu\/en\/wp-json\/wp\/v2\/posts\/1808\/revisions\/3238"}],"wp:attachment":[{"href":"https:\/\/www.effe-homecare.eu\/en\/wp-json\/wp\/v2\/media?parent=1808"}],"wp:term":[{"taxonomy":"category","embeddable":true,"href":"https:\/\/www.effe-homecare.eu\/en\/wp-json\/wp\/v2\/categories?post=1808"},{"taxonomy":"post_tag","embeddable":true,"href":"https:\/\/www.effe-homecare.eu\/en\/wp-json\/wp\/v2\/tags?post=1808"}],"curies":[{"name":"wp","href":"https:\/\/api.w.org\/{rel}","templated":true}]}}